{"id":775,"date":"2024-05-16T15:19:34","date_gmt":"2024-05-16T15:19:34","guid":{"rendered":"https:\/\/iamerica.wpenginepowered.com\/?p=775"},"modified":"2024-07-17T12:34:15","modified_gmt":"2024-07-17T16:34:15","slug":"maria-nuno-estrada-first-generation-immigrant-and-workers-united-member","status":"publish","type":"post","link":"https:\/\/iamerica.org\/bs\/maria-nuno-estrada-first-generation-immigrant-and-workers-united-member\/","title":{"rendered":"Maria Nuno-Estrada, prva generacija imigranta i \u010dlanica Workers Uniteda"},"content":{"rendered":"<p>Ameri\u010dki san \u2013 etos kojem mnogi te\u017ee, ali se bore da ga ostvare. Za neke je to osnovna nada da \u0107e mo\u0107i mirno spavati no\u0107u, budni se ujutro, na\u0107i priliku za posao, obezbijediti svoje porodice, staviti hranu na sto, imati pristup struji i teku\u0107oj vodi i osigurati na\u0161u djecu za\u0161ti\u0107eni su i pripremljeni za budu\u0107nost \u2013 jednostavne potrebe koje mnogi uzimaju zdravo za gotovo.<\/p>\n\n\n\n<p>Ovo je bio ameri\u010dki san jedne nevjerovatne \u017eene imigrantice: moje mame Pauline. Njena hrabrost, istinska hrabrost i pri\u010da su inspiracija.<\/p>\n\n\n\n<p>Paulina je kao tinejd\u017eerka napustila Meksiko u potrazi za boljom budu\u0107no\u0161\u0107u. Nije znala jezik kada je stigla u SAD, ali nije dozvolila da je to zaustavi. Odmah je po\u010dela da doprinosi dru\u0161tvu, rade\u0107i na monta\u017enoj traci u fabrici u Dalasu u Teksasu koja je proizvodila proizvode za kosu za ameri\u010dka doma\u0107instva.<\/p>\n\n\n\n<p>S vremenom je moja mama odgajala djecu koja su na kraju postala u\u010diteljica, slu\u017ebenik obezbje\u0111enja, logoped i sindikalni vo\u0111a. Sada njeni unuci te\u017ee da postanu doktori i plesa\u010di. Ovo je ameri\u010dki san na\u0161e porodice: prilika za napredak i prosperitet kroz generacije. Zbog Zakona o reformi i kontroli imigracije iz 1986. godine, poznatom kao Reganova amnestija, oba moja roditelja su dobila legalni status.<\/p>\n\n\n\n<p>Kao gra\u0111anin koji je ro\u0111en u SAD-u, ponosan sam na svoju zemlju, svoje naslije\u0111e, svoju porodicu i svoj radni\u010dki sindikat, Southwest Region of Workers United koji je povezan sa SEIU. Ali, iako imam privilegiju da me \u0161titi Ustav SAD-a, znam i u\u017eas s kojim ljudi \u017eive, iz dana u dan. Nikada se ne mogu otarasiti straha od mog djetinjstva koji je razbijao du\u0161u kada \u010dujem u svojoj zajednici,<em> \u201cLa migra, la migra, corr\u00e9l\u00e9, corr\u00e9l\u00e9, esc\u00f3ndete, la migra!<\/em>\u201d<\/p>\n\n\n\n<p>U takvim trenucima, ono \u0161to je nekada bilo \u017eivo, sretno susjedstvo pretvorilo se u potpunu ti\u0161inu. Kao dijete prve generacije imigranata, nastavljamo da nosimo taj duboko usa\u0111eni bijes i odbacivanje na\u0161ih ljudi u na\u0161im du\u0161ama \u2013 sve do odrasle dobi.<\/p>\n\n\n\n<p>To je ono \u0161to me tjera da ustanem i borim se za one koji nisu u mogu\u0107nosti.<\/p>\n\n\n\n<figure class=\"wp-block-gallery has-nested-images columns-2 is-cropped wp-block-gallery-1 is-layout-flex wp-block-gallery-is-layout-flex\">\n<figure class=\"wp-block-image size-large\"><a href=\"https:\/\/iamerica.org\/wp-content\/uploads\/2024\/05\/Maria-Nuno-Estrada_w-mom-phonebanking.jpg\"><img fetchpriority=\"high\" decoding=\"async\" width=\"996\" height=\"1024\" data-id=\"780\" src=\"https:\/\/iamerica.org\/wp-content\/uploads\/2024\/05\/Maria-Nuno-Estrada_w-mom-phonebanking-996x1024.jpg\" alt=\"\" class=\"wp-image-780\" srcset=\"https:\/\/iamerica.org\/wp-content\/uploads\/2024\/05\/Maria-Nuno-Estrada_w-mom-phonebanking-996x1024.jpg 996w, https:\/\/iamerica.org\/wp-content\/uploads\/2024\/05\/Maria-Nuno-Estrada_w-mom-phonebanking-292x300.jpg 292w, https:\/\/iamerica.org\/wp-content\/uploads\/2024\/05\/Maria-Nuno-Estrada_w-mom-phonebanking-768x790.jpg 768w, https:\/\/iamerica.org\/wp-content\/uploads\/2024\/05\/Maria-Nuno-Estrada_w-mom-phonebanking.jpg 1064w\" sizes=\"(max-width: 996px) 100vw, 996px\" \/><\/a><figcaption class=\"wp-element-caption\">Maria i Paulina u Union Hall Southwest Regional Joint Board Workers United. Paulina je uvijek spremna za dobrovoljno \u0161pansko telefonsko bankarstvo.<\/figcaption><\/figure>\n\n\n\n<figure class=\"wp-block-image size-large\"><a href=\"https:\/\/iamerica.org\/wp-content\/uploads\/2024\/05\/Maria-Nuno-Estrada_w-mom-at-immigration-rally.jpg\"><img decoding=\"async\" width=\"974\" height=\"713\" data-id=\"779\" src=\"https:\/\/iamerica.org\/wp-content\/uploads\/2024\/05\/Maria-Nuno-Estrada_w-mom-at-immigration-rally.jpg\" alt=\"\" class=\"wp-image-779\" srcset=\"https:\/\/iamerica.org\/wp-content\/uploads\/2024\/05\/Maria-Nuno-Estrada_w-mom-at-immigration-rally.jpg 974w, https:\/\/iamerica.org\/wp-content\/uploads\/2024\/05\/Maria-Nuno-Estrada_w-mom-at-immigration-rally-300x220.jpg 300w, https:\/\/iamerica.org\/wp-content\/uploads\/2024\/05\/Maria-Nuno-Estrada_w-mom-at-immigration-rally-768x562.jpg 768w\" sizes=\"(max-width: 974px) 100vw, 974px\" \/><\/a><figcaption class=\"wp-element-caption\">Marija i njena majka na skupu za imigraciju koji su organizovali Workers United i Dallas AFL-CIO.<\/figcaption><\/figure>\n\n\n\n<figure class=\"wp-block-image size-large\"><a href=\"https:\/\/iamerica.org\/wp-content\/uploads\/2024\/05\/Maria-Nuno-Estrada_mom-in-20s.jpg\"><img decoding=\"async\" width=\"226\" height=\"924\" data-id=\"777\" src=\"https:\/\/iamerica.org\/wp-content\/uploads\/2024\/05\/Maria-Nuno-Estrada_mom-in-20s.jpg\" alt=\"\" class=\"wp-image-777\"\/><\/a><figcaption class=\"wp-element-caption\">Paulina, Maria\u2019s mom, in her 20s.<\/figcaption><\/figure>\n\n\n\n<figure class=\"wp-block-image size-large\"><a href=\"https:\/\/iamerica.org\/wp-content\/uploads\/2024\/05\/Maria-Nuno-Estrada_mom-in-60s.jpg\"><img loading=\"lazy\" decoding=\"async\" width=\"464\" height=\"960\" data-id=\"778\" src=\"https:\/\/iamerica.org\/wp-content\/uploads\/2024\/05\/Maria-Nuno-Estrada_mom-in-60s.jpg\" alt=\"\" class=\"wp-image-778\" srcset=\"https:\/\/iamerica.org\/wp-content\/uploads\/2024\/05\/Maria-Nuno-Estrada_mom-in-60s.jpg 464w, https:\/\/iamerica.org\/wp-content\/uploads\/2024\/05\/Maria-Nuno-Estrada_mom-in-60s-145x300.jpg 145w\" sizes=\"(max-width: 464px) 100vw, 464px\" \/><\/a><figcaption class=\"wp-element-caption\">Paulina, Maria\u2019s mom, in her sassy 60s.<\/figcaption><\/figure>\n<\/figure>","protected":false},"excerpt":{"rendered":"<p>The American dream\u2014an ethos that many aspire to, yet struggle to attain. For some, it is a basic hope of being able to sleep peacefully at night, awake in the morning, find opportunity to work, provide for our families, put food on the table, have access to electricity and running water, and ensure our children [&hellip;]<\/p>\n","protected":false},"author":2,"featured_media":894,"comment_status":"open","ping_status":"open","sticky":false,"template":"","format":"standard","meta":{"footnotes":"","_links_to":"","_links_to_target":""},"categories":[11],"tags":[16],"class_list":["post-775","post","type-post","status-publish","format-standard","has-post-thumbnail","hentry","category-our-stories","tag-first-generation"],"yoast_head":"<!-- This site is optimized with the Yoast SEO plugin v27.3 - https:\/\/yoast.com\/product\/yoast-seo-wordpress\/ -->\n<title>Maria Nuno-Estrada, first-generation immigrant and Workers United member - iAmerica<\/title>\n<meta name=\"robots\" content=\"index, follow, max-snippet:-1, max-image-preview:large, max-video-preview:-1\" \/>\n<link rel=\"canonical\" href=\"https:\/\/iamerica.org\/bs\/maria-nuno-estrada-first-generation-immigrant-and-workers-united-member\/\" \/>\n<meta property=\"og:locale\" content=\"bs_BA\" \/>\n<meta property=\"og:type\" content=\"article\" \/>\n<meta property=\"og:title\" content=\"Maria Nuno-Estrada, first-generation immigrant and Workers United member - iAmerica\" \/>\n<meta property=\"og:description\" content=\"The American dream\u2014an ethos that many aspire to, yet struggle to attain. For some, it is a basic hope of being able to sleep peacefully at night, awake in the morning, find opportunity to work, provide for our families, put food on the table, have access to electricity and running water, and ensure our children [&hellip;]\" \/>\n<meta property=\"og:url\" content=\"https:\/\/iamerica.org\/bs\/maria-nuno-estrada-first-generation-immigrant-and-workers-united-member\/\" \/>\n<meta property=\"og:site_name\" content=\"iAmerica\" \/>\n<meta property=\"article:publisher\" content=\"https:\/\/www.facebook.com\/iAmericaorg\/\" \/>\n<meta property=\"article:published_time\" content=\"2024-05-16T15:19:34+00:00\" \/>\n<meta property=\"article:modified_time\" content=\"2024-07-17T16:34:15+00:00\" \/>\n<meta property=\"og:image\" content=\"https:\/\/iamerica.org\/wp-content\/uploads\/2024\/05\/IAmerica_Maria-1.png\" \/>\n\t<meta property=\"og:image:width\" content=\"710\" \/>\n\t<meta property=\"og:image:height\" content=\"396\" \/>\n\t<meta property=\"og:image:type\" content=\"image\/png\" \/>\n<meta name=\"author\" content=\"Emett Smith\" \/>\n<meta name=\"twitter:card\" content=\"summary_large_image\" \/>\n<meta name=\"twitter:creator\" content=\"@iamericaorg\" \/>\n<meta name=\"twitter:site\" content=\"@iamericaorg\" \/>\n<meta name=\"twitter:label1\" content=\"Written by\" \/>\n\t<meta name=\"twitter:data1\" content=\"Emett Smith\" \/>\n\t<meta name=\"twitter:label2\" content=\"Est. reading time\" \/>\n\t<meta name=\"twitter:data2\" content=\"3 minute\" \/>\n<script type=\"application\/ld+json\" class=\"yoast-schema-graph\">{\"@context\":\"https:\\\/\\\/schema.org\",\"@graph\":[{\"@type\":\"Article\",\"@id\":\"https:\\\/\\\/iamerica.org\\\/maria-nuno-estrada-first-generation-immigrant-and-workers-united-member\\\/#article\",\"isPartOf\":{\"@id\":\"https:\\\/\\\/iamerica.org\\\/maria-nuno-estrada-first-generation-immigrant-and-workers-united-member\\\/\"},\"author\":{\"name\":\"Emett Smith\",\"@id\":\"https:\\\/\\\/iamerica.org\\\/ru\\\/#\\\/schema\\\/person\\\/996e55c405912a1b3cb29a4835fc895d\"},\"headline\":\"Maria Nuno-Estrada, first-generation immigrant and Workers United member\",\"datePublished\":\"2024-05-16T15:19:34+00:00\",\"dateModified\":\"2024-07-17T16:34:15+00:00\",\"mainEntityOfPage\":{\"@id\":\"https:\\\/\\\/iamerica.org\\\/maria-nuno-estrada-first-generation-immigrant-and-workers-united-member\\\/\"},\"wordCount\":416,\"commentCount\":0,\"publisher\":{\"@id\":\"https:\\\/\\\/iamerica.org\\\/ru\\\/#organization\"},\"image\":{\"@id\":\"https:\\\/\\\/iamerica.org\\\/maria-nuno-estrada-first-generation-immigrant-and-workers-united-member\\\/#primaryimage\"},\"thumbnailUrl\":\"https:\\\/\\\/iamerica.org\\\/wp-content\\\/uploads\\\/2024\\\/05\\\/IAmerica_Maria-1.png\",\"keywords\":[\"First generation\"],\"articleSection\":[\"Our Stories\"],\"inLanguage\":\"bs-BA\",\"potentialAction\":[{\"@type\":\"CommentAction\",\"name\":\"Comment\",\"target\":[\"https:\\\/\\\/iamerica.org\\\/maria-nuno-estrada-first-generation-immigrant-and-workers-united-member\\\/#respond\"]}]},{\"@type\":\"WebPage\",\"@id\":\"https:\\\/\\\/iamerica.org\\\/maria-nuno-estrada-first-generation-immigrant-and-workers-united-member\\\/\",\"url\":\"https:\\\/\\\/iamerica.org\\\/maria-nuno-estrada-first-generation-immigrant-and-workers-united-member\\\/\",\"name\":\"Maria Nuno-Estrada, first-generation immigrant and Workers United member - iAmerica\",\"isPartOf\":{\"@id\":\"https:\\\/\\\/iamerica.org\\\/ru\\\/#website\"},\"primaryImageOfPage\":{\"@id\":\"https:\\\/\\\/iamerica.org\\\/maria-nuno-estrada-first-generation-immigrant-and-workers-united-member\\\/#primaryimage\"},\"image\":{\"@id\":\"https:\\\/\\\/iamerica.org\\\/maria-nuno-estrada-first-generation-immigrant-and-workers-united-member\\\/#primaryimage\"},\"thumbnailUrl\":\"https:\\\/\\\/iamerica.org\\\/wp-content\\\/uploads\\\/2024\\\/05\\\/IAmerica_Maria-1.png\",\"datePublished\":\"2024-05-16T15:19:34+00:00\",\"dateModified\":\"2024-07-17T16:34:15+00:00\",\"breadcrumb\":{\"@id\":\"https:\\\/\\\/iamerica.org\\\/maria-nuno-estrada-first-generation-immigrant-and-workers-united-member\\\/#breadcrumb\"},\"inLanguage\":\"bs-BA\",\"potentialAction\":[{\"@type\":\"ReadAction\",\"target\":[\"https:\\\/\\\/iamerica.org\\\/maria-nuno-estrada-first-generation-immigrant-and-workers-united-member\\\/\"]}]},{\"@type\":\"ImageObject\",\"inLanguage\":\"bs-BA\",\"@id\":\"https:\\\/\\\/iamerica.org\\\/maria-nuno-estrada-first-generation-immigrant-and-workers-united-member\\\/#primaryimage\",\"url\":\"https:\\\/\\\/iamerica.org\\\/wp-content\\\/uploads\\\/2024\\\/05\\\/IAmerica_Maria-1.png\",\"contentUrl\":\"https:\\\/\\\/iamerica.org\\\/wp-content\\\/uploads\\\/2024\\\/05\\\/IAmerica_Maria-1.png\",\"width\":710,\"height\":396,\"caption\":\"Maria, SEIU worker, holding a sign that says \\\"Tu Yo Somos America\\\"\"},{\"@type\":\"BreadcrumbList\",\"@id\":\"https:\\\/\\\/iamerica.org\\\/maria-nuno-estrada-first-generation-immigrant-and-workers-united-member\\\/#breadcrumb\",\"itemListElement\":[{\"@type\":\"ListItem\",\"position\":1,\"name\":\"Home\",\"item\":\"https:\\\/\\\/iamerica.org\\\/\"},{\"@type\":\"ListItem\",\"position\":2,\"name\":\"Maria Nuno-Estrada, first-generation immigrant and Workers United member\"}]},{\"@type\":\"WebSite\",\"@id\":\"https:\\\/\\\/iamerica.org\\\/ru\\\/#website\",\"url\":\"https:\\\/\\\/iamerica.org\\\/ru\\\/\",\"name\":\"iAmerica\",\"description\":\"\",\"publisher\":{\"@id\":\"https:\\\/\\\/iamerica.org\\\/ru\\\/#organization\"},\"potentialAction\":[{\"@type\":\"SearchAction\",\"target\":{\"@type\":\"EntryPoint\",\"urlTemplate\":\"https:\\\/\\\/iamerica.org\\\/ru\\\/?s={search_term_string}\"},\"query-input\":{\"@type\":\"PropertyValueSpecification\",\"valueRequired\":true,\"valueName\":\"search_term_string\"}}],\"inLanguage\":\"bs-BA\"},{\"@type\":\"Organization\",\"@id\":\"https:\\\/\\\/iamerica.org\\\/ru\\\/#organization\",\"name\":\"iAmerica\",\"url\":\"https:\\\/\\\/iamerica.org\\\/ru\\\/\",\"logo\":{\"@type\":\"ImageObject\",\"inLanguage\":\"bs-BA\",\"@id\":\"https:\\\/\\\/iamerica.org\\\/ru\\\/#\\\/schema\\\/logo\\\/image\\\/\",\"url\":\"https:\\\/\\\/iamerica.org\\\/wp-content\\\/uploads\\\/2024\\\/05\\\/iAmerica_Logo_Navy.png\",\"contentUrl\":\"https:\\\/\\\/iamerica.org\\\/wp-content\\\/uploads\\\/2024\\\/05\\\/iAmerica_Logo_Navy.png\",\"width\":2309,\"height\":626,\"caption\":\"iAmerica\"},\"image\":{\"@id\":\"https:\\\/\\\/iamerica.org\\\/ru\\\/#\\\/schema\\\/logo\\\/image\\\/\"},\"sameAs\":[\"https:\\\/\\\/www.facebook.com\\\/iAmericaorg\\\/\",\"https:\\\/\\\/x.com\\\/iamericaorg\",\"https:\\\/\\\/www.instagram.com\\\/iamericaorg\"]},{\"@type\":\"Person\",\"@id\":\"https:\\\/\\\/iamerica.org\\\/ru\\\/#\\\/schema\\\/person\\\/996e55c405912a1b3cb29a4835fc895d\",\"name\":\"Emett Smith\",\"image\":{\"@type\":\"ImageObject\",\"inLanguage\":\"bs-BA\",\"@id\":\"https:\\\/\\\/secure.gravatar.com\\\/avatar\\\/57373ac1085666129067b856e684bf0075d54324de79ff8d332821c495c7471d?s=96&d=mm&r=g\",\"url\":\"https:\\\/\\\/secure.gravatar.com\\\/avatar\\\/57373ac1085666129067b856e684bf0075d54324de79ff8d332821c495c7471d?s=96&d=mm&r=g\",\"contentUrl\":\"https:\\\/\\\/secure.gravatar.com\\\/avatar\\\/57373ac1085666129067b856e684bf0075d54324de79ff8d332821c495c7471d?s=96&d=mm&r=g\",\"caption\":\"Emett Smith\"},\"url\":\"https:\\\/\\\/iamerica.org\\\/bs\\\/author\\\/emett617\\\/\"}]}<\/script>\n<!-- \/ Yoast SEO plugin. -->","yoast_head_json":{"title":"Maria Nuno-Estrada, imigrantica prve generacije i \u010dlanica Workers Uniteda - iAmerica","robots":{"index":"index","follow":"follow","max-snippet":"max-snippet:-1","max-image-preview":"max-image-preview:large","max-video-preview":"max-video-preview:-1"},"canonical":"https:\/\/iamerica.org\/bs\/maria-nuno-estrada-first-generation-immigrant-and-workers-united-member\/","og_locale":"bs_BA","og_type":"article","og_title":"Maria Nuno-Estrada, first-generation immigrant and Workers United member - iAmerica","og_description":"The American dream\u2014an ethos that many aspire to, yet struggle to attain. For some, it is a basic hope of being able to sleep peacefully at night, awake in the morning, find opportunity to work, provide for our families, put food on the table, have access to electricity and running water, and ensure our children [&hellip;]","og_url":"https:\/\/iamerica.org\/bs\/maria-nuno-estrada-first-generation-immigrant-and-workers-united-member\/","og_site_name":"iAmerica","article_publisher":"https:\/\/www.facebook.com\/iAmericaorg\/","article_published_time":"2024-05-16T15:19:34+00:00","article_modified_time":"2024-07-17T16:34:15+00:00","og_image":[{"width":710,"height":396,"url":"https:\/\/iamerica.org\/wp-content\/uploads\/2024\/05\/IAmerica_Maria-1.png","type":"image\/png"}],"author":"Emett Smith","twitter_card":"summary_large_image","twitter_creator":"@iamericaorg","twitter_site":"@iamericaorg","twitter_misc":{"Written by":"Emett Smith","Est. reading time":"3 minute"},"schema":{"@context":"https:\/\/schema.org","@graph":[{"@type":"Article","@id":"https:\/\/iamerica.org\/maria-nuno-estrada-first-generation-immigrant-and-workers-united-member\/#article","isPartOf":{"@id":"https:\/\/iamerica.org\/maria-nuno-estrada-first-generation-immigrant-and-workers-united-member\/"},"author":{"name":"Emett Smith","@id":"https:\/\/iamerica.org\/ru\/#\/schema\/person\/996e55c405912a1b3cb29a4835fc895d"},"headline":"Maria Nuno-Estrada, first-generation immigrant and Workers United member","datePublished":"2024-05-16T15:19:34+00:00","dateModified":"2024-07-17T16:34:15+00:00","mainEntityOfPage":{"@id":"https:\/\/iamerica.org\/maria-nuno-estrada-first-generation-immigrant-and-workers-united-member\/"},"wordCount":416,"commentCount":0,"publisher":{"@id":"https:\/\/iamerica.org\/ru\/#organization"},"image":{"@id":"https:\/\/iamerica.org\/maria-nuno-estrada-first-generation-immigrant-and-workers-united-member\/#primaryimage"},"thumbnailUrl":"https:\/\/iamerica.org\/wp-content\/uploads\/2024\/05\/IAmerica_Maria-1.png","keywords":["First generation"],"articleSection":["Our Stories"],"inLanguage":"bs-BA","potentialAction":[{"@type":"CommentAction","name":"Comment","target":["https:\/\/iamerica.org\/maria-nuno-estrada-first-generation-immigrant-and-workers-united-member\/#respond"]}]},{"@type":"WebPage","@id":"https:\/\/iamerica.org\/maria-nuno-estrada-first-generation-immigrant-and-workers-united-member\/","url":"https:\/\/iamerica.org\/maria-nuno-estrada-first-generation-immigrant-and-workers-united-member\/","name":"Maria Nuno-Estrada, imigrantica prve generacije i \u010dlanica Workers Uniteda - iAmerica","isPartOf":{"@id":"https:\/\/iamerica.org\/ru\/#website"},"primaryImageOfPage":{"@id":"https:\/\/iamerica.org\/maria-nuno-estrada-first-generation-immigrant-and-workers-united-member\/#primaryimage"},"image":{"@id":"https:\/\/iamerica.org\/maria-nuno-estrada-first-generation-immigrant-and-workers-united-member\/#primaryimage"},"thumbnailUrl":"https:\/\/iamerica.org\/wp-content\/uploads\/2024\/05\/IAmerica_Maria-1.png","datePublished":"2024-05-16T15:19:34+00:00","dateModified":"2024-07-17T16:34:15+00:00","breadcrumb":{"@id":"https:\/\/iamerica.org\/maria-nuno-estrada-first-generation-immigrant-and-workers-united-member\/#breadcrumb"},"inLanguage":"bs-BA","potentialAction":[{"@type":"ReadAction","target":["https:\/\/iamerica.org\/maria-nuno-estrada-first-generation-immigrant-and-workers-united-member\/"]}]},{"@type":"ImageObject","inLanguage":"bs-BA","@id":"https:\/\/iamerica.org\/maria-nuno-estrada-first-generation-immigrant-and-workers-united-member\/#primaryimage","url":"https:\/\/iamerica.org\/wp-content\/uploads\/2024\/05\/IAmerica_Maria-1.png","contentUrl":"https:\/\/iamerica.org\/wp-content\/uploads\/2024\/05\/IAmerica_Maria-1.png","width":710,"height":396,"caption":"Maria, SEIU worker, holding a sign that says \"Tu Yo Somos America\""},{"@type":"BreadcrumbList","@id":"https:\/\/iamerica.org\/maria-nuno-estrada-first-generation-immigrant-and-workers-united-member\/#breadcrumb","itemListElement":[{"@type":"ListItem","position":1,"name":"Home","item":"https:\/\/iamerica.org\/"},{"@type":"ListItem","position":2,"name":"Maria Nuno-Estrada, first-generation immigrant and Workers United member"}]},{"@type":"WebSite","@id":"https:\/\/iamerica.org\/ru\/#website","url":"https:\/\/iamerica.org\/ru\/","name":"iAmerica","description":"","publisher":{"@id":"https:\/\/iamerica.org\/ru\/#organization"},"potentialAction":[{"@type":"SearchAction","target":{"@type":"EntryPoint","urlTemplate":"https:\/\/iamerica.org\/ru\/?s={search_term_string}"},"query-input":{"@type":"PropertyValueSpecification","valueRequired":true,"valueName":"search_term_string"}}],"inLanguage":"bs-BA"},{"@type":"Organization","@id":"https:\/\/iamerica.org\/ru\/#organization","name":"iAmerica","url":"https:\/\/iamerica.org\/ru\/","logo":{"@type":"ImageObject","inLanguage":"bs-BA","@id":"https:\/\/iamerica.org\/ru\/#\/schema\/logo\/image\/","url":"https:\/\/iamerica.org\/wp-content\/uploads\/2024\/05\/iAmerica_Logo_Navy.png","contentUrl":"https:\/\/iamerica.org\/wp-content\/uploads\/2024\/05\/iAmerica_Logo_Navy.png","width":2309,"height":626,"caption":"iAmerica"},"image":{"@id":"https:\/\/iamerica.org\/ru\/#\/schema\/logo\/image\/"},"sameAs":["https:\/\/www.facebook.com\/iAmericaorg\/","https:\/\/x.com\/iamericaorg","https:\/\/www.instagram.com\/iamericaorg"]},{"@type":"Person","@id":"https:\/\/iamerica.org\/ru\/#\/schema\/person\/996e55c405912a1b3cb29a4835fc895d","name":"Emett Smith","image":{"@type":"ImageObject","inLanguage":"bs-BA","@id":"https:\/\/secure.gravatar.com\/avatar\/57373ac1085666129067b856e684bf0075d54324de79ff8d332821c495c7471d?s=96&d=mm&r=g","url":"https:\/\/secure.gravatar.com\/avatar\/57373ac1085666129067b856e684bf0075d54324de79ff8d332821c495c7471d?s=96&d=mm&r=g","contentUrl":"https:\/\/secure.gravatar.com\/avatar\/57373ac1085666129067b856e684bf0075d54324de79ff8d332821c495c7471d?s=96&d=mm&r=g","caption":"Emett Smith"},"url":"https:\/\/iamerica.org\/bs\/author\/emett617\/"}]}},"_links":{"self":[{"href":"https:\/\/iamerica.org\/bs\/wp-json\/wp\/v2\/posts\/775","targetHints":{"allow":["GET"]}}],"collection":[{"href":"https:\/\/iamerica.org\/bs\/wp-json\/wp\/v2\/posts"}],"about":[{"href":"https:\/\/iamerica.org\/bs\/wp-json\/wp\/v2\/types\/post"}],"author":[{"embeddable":true,"href":"https:\/\/iamerica.org\/bs\/wp-json\/wp\/v2\/users\/2"}],"replies":[{"embeddable":true,"href":"https:\/\/iamerica.org\/bs\/wp-json\/wp\/v2\/comments?post=775"}],"version-history":[{"count":0,"href":"https:\/\/iamerica.org\/bs\/wp-json\/wp\/v2\/posts\/775\/revisions"}],"wp:featuredmedia":[{"embeddable":true,"href":"https:\/\/iamerica.org\/bs\/wp-json\/wp\/v2\/media\/894"}],"wp:attachment":[{"href":"https:\/\/iamerica.org\/bs\/wp-json\/wp\/v2\/media?parent=775"}],"wp:term":[{"taxonomy":"category","embeddable":true,"href":"https:\/\/iamerica.org\/bs\/wp-json\/wp\/v2\/categories?post=775"},{"taxonomy":"post_tag","embeddable":true,"href":"https:\/\/iamerica.org\/bs\/wp-json\/wp\/v2\/tags?post=775"}],"curies":[{"name":"radni list","href":"https:\/\/api.w.org\/{rel}","templated":true}]}}