{"id":815,"date":"2024-05-16T15:33:32","date_gmt":"2024-05-16T15:33:32","guid":{"rendered":"https:\/\/iamerica.wpenginepowered.com\/?p=815"},"modified":"2024-07-17T12:36:15","modified_gmt":"2024-07-17T16:36:15","slug":"yoshi-her-son-of-hmong-refugees-and-seiu-hcmn-member","status":"publish","type":"post","link":"https:\/\/iamerica.org\/bs\/yoshi-her-son-of-hmong-refugees-and-seiu-hcmn-member\/","title":{"rendered":"Yoshi Her, sin Hmong izbjeglica i \u010dlan SEIU HCMN"},"content":{"rendered":"<p>Ro\u0111en sam u Sjedinjenim Dr\u017eavama, ali moji roditelji nisu. Kao Hmong izbjeglice, migrirali su iz Laosa u izbjegli\u010dki kamp na Tajlandu prije nego \u0161to su do\u0161li u Sjedinjene Dr\u017eave. Tokom onoga \u0161to je bilo poznato kao \u201eTajni rat\u201c u Laosu, Centralna obavje\u0161tajna agencija Sjedinjenih Dr\u017eava (CIA) regrutirala je autohtone Hmong ljude da se bore tokom Vijetnamskog rata. SAD su dale obe\u0107anje vo\u0111i naroda Hmong da \u0107e, ako se ovo slaganje uru\u0161i, oni mo\u0107i do\u0107i u SAD kao izbjeglice.<\/p>\n\n\n\n<p>Kada je ovo slaganje zapravo palo, Hmong ljudi su bili procesuirani zbog borbe protiv komunista. Moji roditelji su se upoznali u Sjedinjenim Dr\u017eavama, ali su imali paralelna iskustva tokom rata.<\/p>\n\n\n\n<p>Moj tata je bio tek tinejd\u017eer u Laosu kada su mu majka i sestra ubijene pred njegovim o\u010dima. U strahu za svoj \u017eivot, moj tata je preplivao rijeku Mekong do Tajlanda, sa grupom od desetak ljudi, prije nego \u0161to je stigao u Sjedinjene Dr\u017eave.&nbsp;<\/p>\n\n\n\n<p>Otac moje mame je preminuo kada se ona rodila pa ju je usvojio ujak koji je bio visoki oficir u ratu. Zbog njegovog statusa, uspjeli su evakuirati Laos na Tajland. Ali bez obzira na njihov status, svi Hmong su stavljeni u izbjegli\u010dke kampove na Tajlandu. Kasnije je stigla u Sjedinjene Dr\u017eave kao izbjeglica.<\/p>\n\n\n\n<p>Kada su stigli, nisu imali nikoga \u2013 \u010dak ni izvode iz mati\u010dne zemlje. Ja sam korisnik njihovog putovanja i njihovih borbi i sretan sam \u0161to danas \u017eivim u Sjedinjenim Dr\u017eavama.<\/p>\n\n\n\n<p>Zbog svog izbjegli\u010dkog statusa, moji roditelji nisu imali glas. Nisu mogli glasati. Mnogo godina kasnije, na kraju su postali gra\u0111ani Sjedinjenih Dr\u017eava i bira\u010di. Danas svoje izabrane zvani\u010dnike smatraju odgovornim i guraju i svoju djecu da glasaju.<\/p>\n\n\n\n<p>This country was not made because people simply showed up. This country emerged from immigrants who came to make it the United States it is today. It\u2019s our country too.<\/p>\n\n\n\n<p>Raznolikija Amerika nas \u010dini boljim i ja\u010dim. \u017delim da vidim da se svi tretiraju jednako u Sjedinjenim Dr\u017eavama. Zato sam uklju\u010den sa svojim sindikatom u borbu za rasnu, ekonomsku i imigrantsku pravdu, jer smo ja\u010di kada smo ujedinjeni.<\/p>\n\n\n\n<p>Ovdje u Minesoti, borili smo se za inicijativu Freedom to Drive, koja odobrava voza\u010dke dozvole za sve Minesotance, bez obzira na imigracioni status. Tako\u0111er sam postao dio grupe azijskih i pacifi\u010dkih otoka koja izlazi da registruje bira\u010de, jer mnogi imigranti ne znaju da se njihov glas ra\u010duna. Jednog dana, kroz na\u0161 zajedni\u010dki naporan rad, moj san je to <em>sve <\/em>imigranti su dobrodo\u0161li u Americi.<\/p>","protected":false},"excerpt":{"rendered":"<p>I was born in the United States, but my parents were not. As Hmong refugees, they migrated from Laos to a refugee camp in Thailand before they came to the United States. During what was known as \u201cThe Secret War\u201d in Laos, the United States Central Intelligence Agency (CIA) recruited indigenous Hmong people to fight [&hellip;]<\/p>\n","protected":false},"author":2,"featured_media":1835,"comment_status":"open","ping_status":"open","sticky":false,"template":"","format":"standard","meta":{"footnotes":"","_links_to":"","_links_to_target":""},"categories":[11],"tags":[16,18],"class_list":["post-815","post","type-post","status-publish","format-standard","has-post-thumbnail","hentry","category-our-stories","tag-first-generation","tag-refugee"],"yoast_head":"<!-- This site is optimized with the Yoast SEO plugin v27.3 - https:\/\/yoast.com\/product\/yoast-seo-wordpress\/ -->\n<title>Yoshi Her, son of Hmong refugees and SEIU HCMN member - iAmerica<\/title>\n<meta name=\"robots\" content=\"index, follow, max-snippet:-1, max-image-preview:large, max-video-preview:-1\" \/>\n<link rel=\"canonical\" href=\"https:\/\/iamerica.org\/bs\/yoshi-her-son-of-hmong-refugees-and-seiu-hcmn-member\/\" \/>\n<meta property=\"og:locale\" content=\"bs_BA\" \/>\n<meta property=\"og:type\" content=\"article\" \/>\n<meta property=\"og:title\" content=\"Yoshi Her, son of Hmong refugees and SEIU HCMN member - iAmerica\" \/>\n<meta property=\"og:description\" content=\"I was born in the United States, but my parents were not. As Hmong refugees, they migrated from Laos to a refugee camp in Thailand before they came to the United States. During what was known as \u201cThe Secret War\u201d in Laos, the United States Central Intelligence Agency (CIA) recruited indigenous Hmong people to fight [&hellip;]\" \/>\n<meta property=\"og:url\" content=\"https:\/\/iamerica.org\/bs\/yoshi-her-son-of-hmong-refugees-and-seiu-hcmn-member\/\" \/>\n<meta property=\"og:site_name\" content=\"iAmerica\" \/>\n<meta property=\"article:publisher\" content=\"https:\/\/www.facebook.com\/iAmericaorg\/\" \/>\n<meta property=\"article:published_time\" content=\"2024-05-16T15:33:32+00:00\" \/>\n<meta property=\"article:modified_time\" content=\"2024-07-17T16:36:15+00:00\" \/>\n<meta property=\"og:image\" content=\"https:\/\/iamerica.org\/wp-content\/uploads\/2024\/05\/IAmerica_Yoshi.png\" \/>\n\t<meta property=\"og:image:width\" content=\"710\" \/>\n\t<meta property=\"og:image:height\" content=\"396\" \/>\n\t<meta property=\"og:image:type\" content=\"image\/png\" \/>\n<meta name=\"author\" content=\"Emett Smith\" \/>\n<meta name=\"twitter:card\" content=\"summary_large_image\" \/>\n<meta name=\"twitter:creator\" content=\"@iamericaorg\" \/>\n<meta name=\"twitter:site\" content=\"@iamericaorg\" \/>\n<meta name=\"twitter:label1\" content=\"Written by\" \/>\n\t<meta name=\"twitter:data1\" content=\"Emett Smith\" \/>\n\t<meta name=\"twitter:label2\" content=\"Est. reading time\" \/>\n\t<meta name=\"twitter:data2\" content=\"3 minute\" \/>\n<script type=\"application\/ld+json\" class=\"yoast-schema-graph\">{\"@context\":\"https:\\\/\\\/schema.org\",\"@graph\":[{\"@type\":\"Article\",\"@id\":\"https:\\\/\\\/iamerica.org\\\/yoshi-her-son-of-hmong-refugees-and-seiu-hcmn-member\\\/#article\",\"isPartOf\":{\"@id\":\"https:\\\/\\\/iamerica.org\\\/yoshi-her-son-of-hmong-refugees-and-seiu-hcmn-member\\\/\"},\"author\":{\"name\":\"Emett Smith\",\"@id\":\"https:\\\/\\\/iamerica.org\\\/ru\\\/#\\\/schema\\\/person\\\/996e55c405912a1b3cb29a4835fc895d\"},\"headline\":\"Yoshi Her, son of Hmong refugees and SEIU HCMN member\",\"datePublished\":\"2024-05-16T15:33:32+00:00\",\"dateModified\":\"2024-07-17T16:36:15+00:00\",\"mainEntityOfPage\":{\"@id\":\"https:\\\/\\\/iamerica.org\\\/yoshi-her-son-of-hmong-refugees-and-seiu-hcmn-member\\\/\"},\"wordCount\":461,\"commentCount\":0,\"publisher\":{\"@id\":\"https:\\\/\\\/iamerica.org\\\/ru\\\/#organization\"},\"image\":{\"@id\":\"https:\\\/\\\/iamerica.org\\\/yoshi-her-son-of-hmong-refugees-and-seiu-hcmn-member\\\/#primaryimage\"},\"thumbnailUrl\":\"https:\\\/\\\/iamerica.org\\\/wp-content\\\/uploads\\\/2024\\\/05\\\/IAmerica_Yoshi.png\",\"keywords\":[\"First generation\",\"Refugee\"],\"articleSection\":[\"Our Stories\"],\"inLanguage\":\"bs-BA\",\"potentialAction\":[{\"@type\":\"CommentAction\",\"name\":\"Comment\",\"target\":[\"https:\\\/\\\/iamerica.org\\\/yoshi-her-son-of-hmong-refugees-and-seiu-hcmn-member\\\/#respond\"]}]},{\"@type\":\"WebPage\",\"@id\":\"https:\\\/\\\/iamerica.org\\\/yoshi-her-son-of-hmong-refugees-and-seiu-hcmn-member\\\/\",\"url\":\"https:\\\/\\\/iamerica.org\\\/yoshi-her-son-of-hmong-refugees-and-seiu-hcmn-member\\\/\",\"name\":\"Yoshi Her, son of Hmong refugees and SEIU HCMN member - iAmerica\",\"isPartOf\":{\"@id\":\"https:\\\/\\\/iamerica.org\\\/ru\\\/#website\"},\"primaryImageOfPage\":{\"@id\":\"https:\\\/\\\/iamerica.org\\\/yoshi-her-son-of-hmong-refugees-and-seiu-hcmn-member\\\/#primaryimage\"},\"image\":{\"@id\":\"https:\\\/\\\/iamerica.org\\\/yoshi-her-son-of-hmong-refugees-and-seiu-hcmn-member\\\/#primaryimage\"},\"thumbnailUrl\":\"https:\\\/\\\/iamerica.org\\\/wp-content\\\/uploads\\\/2024\\\/05\\\/IAmerica_Yoshi.png\",\"datePublished\":\"2024-05-16T15:33:32+00:00\",\"dateModified\":\"2024-07-17T16:36:15+00:00\",\"breadcrumb\":{\"@id\":\"https:\\\/\\\/iamerica.org\\\/yoshi-her-son-of-hmong-refugees-and-seiu-hcmn-member\\\/#breadcrumb\"},\"inLanguage\":\"bs-BA\",\"potentialAction\":[{\"@type\":\"ReadAction\",\"target\":[\"https:\\\/\\\/iamerica.org\\\/yoshi-her-son-of-hmong-refugees-and-seiu-hcmn-member\\\/\"]}]},{\"@type\":\"ImageObject\",\"inLanguage\":\"bs-BA\",\"@id\":\"https:\\\/\\\/iamerica.org\\\/yoshi-her-son-of-hmong-refugees-and-seiu-hcmn-member\\\/#primaryimage\",\"url\":\"https:\\\/\\\/iamerica.org\\\/wp-content\\\/uploads\\\/2024\\\/05\\\/IAmerica_Yoshi.png\",\"contentUrl\":\"https:\\\/\\\/iamerica.org\\\/wp-content\\\/uploads\\\/2024\\\/05\\\/IAmerica_Yoshi.png\",\"width\":710,\"height\":396,\"caption\":\"man at microphone with illustrated speech bubble beside him\"},{\"@type\":\"BreadcrumbList\",\"@id\":\"https:\\\/\\\/iamerica.org\\\/yoshi-her-son-of-hmong-refugees-and-seiu-hcmn-member\\\/#breadcrumb\",\"itemListElement\":[{\"@type\":\"ListItem\",\"position\":1,\"name\":\"Home\",\"item\":\"https:\\\/\\\/iamerica.org\\\/\"},{\"@type\":\"ListItem\",\"position\":2,\"name\":\"Yoshi Her, son of Hmong refugees and SEIU HCMN member\"}]},{\"@type\":\"WebSite\",\"@id\":\"https:\\\/\\\/iamerica.org\\\/ru\\\/#website\",\"url\":\"https:\\\/\\\/iamerica.org\\\/ru\\\/\",\"name\":\"iAmerica\",\"description\":\"\",\"publisher\":{\"@id\":\"https:\\\/\\\/iamerica.org\\\/ru\\\/#organization\"},\"potentialAction\":[{\"@type\":\"SearchAction\",\"target\":{\"@type\":\"EntryPoint\",\"urlTemplate\":\"https:\\\/\\\/iamerica.org\\\/ru\\\/?s={search_term_string}\"},\"query-input\":{\"@type\":\"PropertyValueSpecification\",\"valueRequired\":true,\"valueName\":\"search_term_string\"}}],\"inLanguage\":\"bs-BA\"},{\"@type\":\"Organization\",\"@id\":\"https:\\\/\\\/iamerica.org\\\/ru\\\/#organization\",\"name\":\"iAmerica\",\"url\":\"https:\\\/\\\/iamerica.org\\\/ru\\\/\",\"logo\":{\"@type\":\"ImageObject\",\"inLanguage\":\"bs-BA\",\"@id\":\"https:\\\/\\\/iamerica.org\\\/ru\\\/#\\\/schema\\\/logo\\\/image\\\/\",\"url\":\"https:\\\/\\\/iamerica.org\\\/wp-content\\\/uploads\\\/2024\\\/05\\\/iAmerica_Logo_Navy.png\",\"contentUrl\":\"https:\\\/\\\/iamerica.org\\\/wp-content\\\/uploads\\\/2024\\\/05\\\/iAmerica_Logo_Navy.png\",\"width\":2309,\"height\":626,\"caption\":\"iAmerica\"},\"image\":{\"@id\":\"https:\\\/\\\/iamerica.org\\\/ru\\\/#\\\/schema\\\/logo\\\/image\\\/\"},\"sameAs\":[\"https:\\\/\\\/www.facebook.com\\\/iAmericaorg\\\/\",\"https:\\\/\\\/x.com\\\/iamericaorg\",\"https:\\\/\\\/www.instagram.com\\\/iamericaorg\"]},{\"@type\":\"Person\",\"@id\":\"https:\\\/\\\/iamerica.org\\\/ru\\\/#\\\/schema\\\/person\\\/996e55c405912a1b3cb29a4835fc895d\",\"name\":\"Emett Smith\",\"image\":{\"@type\":\"ImageObject\",\"inLanguage\":\"bs-BA\",\"@id\":\"https:\\\/\\\/secure.gravatar.com\\\/avatar\\\/57373ac1085666129067b856e684bf0075d54324de79ff8d332821c495c7471d?s=96&d=mm&r=g\",\"url\":\"https:\\\/\\\/secure.gravatar.com\\\/avatar\\\/57373ac1085666129067b856e684bf0075d54324de79ff8d332821c495c7471d?s=96&d=mm&r=g\",\"contentUrl\":\"https:\\\/\\\/secure.gravatar.com\\\/avatar\\\/57373ac1085666129067b856e684bf0075d54324de79ff8d332821c495c7471d?s=96&d=mm&r=g\",\"caption\":\"Emett Smith\"},\"url\":\"https:\\\/\\\/iamerica.org\\\/bs\\\/author\\\/emett617\\\/\"}]}<\/script>\n<!-- \/ Yoast SEO plugin. -->","yoast_head_json":{"title":"Yoshi Her, sin hmong izbjeglica i \u010dlan SEIU HCMN-a - iAmerica","robots":{"index":"index","follow":"follow","max-snippet":"max-snippet:-1","max-image-preview":"max-image-preview:large","max-video-preview":"max-video-preview:-1"},"canonical":"https:\/\/iamerica.org\/bs\/yoshi-her-son-of-hmong-refugees-and-seiu-hcmn-member\/","og_locale":"bs_BA","og_type":"article","og_title":"Yoshi Her, son of Hmong refugees and SEIU HCMN member - iAmerica","og_description":"I was born in the United States, but my parents were not. As Hmong refugees, they migrated from Laos to a refugee camp in Thailand before they came to the United States. During what was known as \u201cThe Secret War\u201d in Laos, the United States Central Intelligence Agency (CIA) recruited indigenous Hmong people to fight [&hellip;]","og_url":"https:\/\/iamerica.org\/bs\/yoshi-her-son-of-hmong-refugees-and-seiu-hcmn-member\/","og_site_name":"iAmerica","article_publisher":"https:\/\/www.facebook.com\/iAmericaorg\/","article_published_time":"2024-05-16T15:33:32+00:00","article_modified_time":"2024-07-17T16:36:15+00:00","og_image":[{"width":710,"height":396,"url":"https:\/\/iamerica.org\/wp-content\/uploads\/2024\/05\/IAmerica_Yoshi.png","type":"image\/png"}],"author":"Emett Smith","twitter_card":"summary_large_image","twitter_creator":"@iamericaorg","twitter_site":"@iamericaorg","twitter_misc":{"Written by":"Emett Smith","Est. reading time":"3 minute"},"schema":{"@context":"https:\/\/schema.org","@graph":[{"@type":"Article","@id":"https:\/\/iamerica.org\/yoshi-her-son-of-hmong-refugees-and-seiu-hcmn-member\/#article","isPartOf":{"@id":"https:\/\/iamerica.org\/yoshi-her-son-of-hmong-refugees-and-seiu-hcmn-member\/"},"author":{"name":"Emett Smith","@id":"https:\/\/iamerica.org\/ru\/#\/schema\/person\/996e55c405912a1b3cb29a4835fc895d"},"headline":"Yoshi Her, son of Hmong refugees and SEIU HCMN member","datePublished":"2024-05-16T15:33:32+00:00","dateModified":"2024-07-17T16:36:15+00:00","mainEntityOfPage":{"@id":"https:\/\/iamerica.org\/yoshi-her-son-of-hmong-refugees-and-seiu-hcmn-member\/"},"wordCount":461,"commentCount":0,"publisher":{"@id":"https:\/\/iamerica.org\/ru\/#organization"},"image":{"@id":"https:\/\/iamerica.org\/yoshi-her-son-of-hmong-refugees-and-seiu-hcmn-member\/#primaryimage"},"thumbnailUrl":"https:\/\/iamerica.org\/wp-content\/uploads\/2024\/05\/IAmerica_Yoshi.png","keywords":["First generation","Refugee"],"articleSection":["Our Stories"],"inLanguage":"bs-BA","potentialAction":[{"@type":"CommentAction","name":"Comment","target":["https:\/\/iamerica.org\/yoshi-her-son-of-hmong-refugees-and-seiu-hcmn-member\/#respond"]}]},{"@type":"WebPage","@id":"https:\/\/iamerica.org\/yoshi-her-son-of-hmong-refugees-and-seiu-hcmn-member\/","url":"https:\/\/iamerica.org\/yoshi-her-son-of-hmong-refugees-and-seiu-hcmn-member\/","name":"Yoshi Her, sin hmong izbjeglica i \u010dlan SEIU HCMN-a - iAmerica","isPartOf":{"@id":"https:\/\/iamerica.org\/ru\/#website"},"primaryImageOfPage":{"@id":"https:\/\/iamerica.org\/yoshi-her-son-of-hmong-refugees-and-seiu-hcmn-member\/#primaryimage"},"image":{"@id":"https:\/\/iamerica.org\/yoshi-her-son-of-hmong-refugees-and-seiu-hcmn-member\/#primaryimage"},"thumbnailUrl":"https:\/\/iamerica.org\/wp-content\/uploads\/2024\/05\/IAmerica_Yoshi.png","datePublished":"2024-05-16T15:33:32+00:00","dateModified":"2024-07-17T16:36:15+00:00","breadcrumb":{"@id":"https:\/\/iamerica.org\/yoshi-her-son-of-hmong-refugees-and-seiu-hcmn-member\/#breadcrumb"},"inLanguage":"bs-BA","potentialAction":[{"@type":"ReadAction","target":["https:\/\/iamerica.org\/yoshi-her-son-of-hmong-refugees-and-seiu-hcmn-member\/"]}]},{"@type":"ImageObject","inLanguage":"bs-BA","@id":"https:\/\/iamerica.org\/yoshi-her-son-of-hmong-refugees-and-seiu-hcmn-member\/#primaryimage","url":"https:\/\/iamerica.org\/wp-content\/uploads\/2024\/05\/IAmerica_Yoshi.png","contentUrl":"https:\/\/iamerica.org\/wp-content\/uploads\/2024\/05\/IAmerica_Yoshi.png","width":710,"height":396,"caption":"man at microphone with illustrated speech bubble beside him"},{"@type":"BreadcrumbList","@id":"https:\/\/iamerica.org\/yoshi-her-son-of-hmong-refugees-and-seiu-hcmn-member\/#breadcrumb","itemListElement":[{"@type":"ListItem","position":1,"name":"Home","item":"https:\/\/iamerica.org\/"},{"@type":"ListItem","position":2,"name":"Yoshi Her, son of Hmong refugees and SEIU HCMN member"}]},{"@type":"WebSite","@id":"https:\/\/iamerica.org\/ru\/#website","url":"https:\/\/iamerica.org\/ru\/","name":"iAmerica","description":"","publisher":{"@id":"https:\/\/iamerica.org\/ru\/#organization"},"potentialAction":[{"@type":"SearchAction","target":{"@type":"EntryPoint","urlTemplate":"https:\/\/iamerica.org\/ru\/?s={search_term_string}"},"query-input":{"@type":"PropertyValueSpecification","valueRequired":true,"valueName":"search_term_string"}}],"inLanguage":"bs-BA"},{"@type":"Organization","@id":"https:\/\/iamerica.org\/ru\/#organization","name":"iAmerica","url":"https:\/\/iamerica.org\/ru\/","logo":{"@type":"ImageObject","inLanguage":"bs-BA","@id":"https:\/\/iamerica.org\/ru\/#\/schema\/logo\/image\/","url":"https:\/\/iamerica.org\/wp-content\/uploads\/2024\/05\/iAmerica_Logo_Navy.png","contentUrl":"https:\/\/iamerica.org\/wp-content\/uploads\/2024\/05\/iAmerica_Logo_Navy.png","width":2309,"height":626,"caption":"iAmerica"},"image":{"@id":"https:\/\/iamerica.org\/ru\/#\/schema\/logo\/image\/"},"sameAs":["https:\/\/www.facebook.com\/iAmericaorg\/","https:\/\/x.com\/iamericaorg","https:\/\/www.instagram.com\/iamericaorg"]},{"@type":"Person","@id":"https:\/\/iamerica.org\/ru\/#\/schema\/person\/996e55c405912a1b3cb29a4835fc895d","name":"Emett Smith","image":{"@type":"ImageObject","inLanguage":"bs-BA","@id":"https:\/\/secure.gravatar.com\/avatar\/57373ac1085666129067b856e684bf0075d54324de79ff8d332821c495c7471d?s=96&d=mm&r=g","url":"https:\/\/secure.gravatar.com\/avatar\/57373ac1085666129067b856e684bf0075d54324de79ff8d332821c495c7471d?s=96&d=mm&r=g","contentUrl":"https:\/\/secure.gravatar.com\/avatar\/57373ac1085666129067b856e684bf0075d54324de79ff8d332821c495c7471d?s=96&d=mm&r=g","caption":"Emett Smith"},"url":"https:\/\/iamerica.org\/bs\/author\/emett617\/"}]}},"_links":{"self":[{"href":"https:\/\/iamerica.org\/bs\/wp-json\/wp\/v2\/posts\/815","targetHints":{"allow":["GET"]}}],"collection":[{"href":"https:\/\/iamerica.org\/bs\/wp-json\/wp\/v2\/posts"}],"about":[{"href":"https:\/\/iamerica.org\/bs\/wp-json\/wp\/v2\/types\/post"}],"author":[{"embeddable":true,"href":"https:\/\/iamerica.org\/bs\/wp-json\/wp\/v2\/users\/2"}],"replies":[{"embeddable":true,"href":"https:\/\/iamerica.org\/bs\/wp-json\/wp\/v2\/comments?post=815"}],"version-history":[{"count":0,"href":"https:\/\/iamerica.org\/bs\/wp-json\/wp\/v2\/posts\/815\/revisions"}],"wp:featuredmedia":[{"embeddable":true,"href":"https:\/\/iamerica.org\/bs\/wp-json\/wp\/v2\/media\/1835"}],"wp:attachment":[{"href":"https:\/\/iamerica.org\/bs\/wp-json\/wp\/v2\/media?parent=815"}],"wp:term":[{"taxonomy":"category","embeddable":true,"href":"https:\/\/iamerica.org\/bs\/wp-json\/wp\/v2\/categories?post=815"},{"taxonomy":"post_tag","embeddable":true,"href":"https:\/\/iamerica.org\/bs\/wp-json\/wp\/v2\/tags?post=815"}],"curies":[{"name":"radni list","href":"https:\/\/api.w.org\/{rel}","templated":true}]}}