{"id":815,"date":"2024-05-16T15:33:32","date_gmt":"2024-05-16T15:33:32","guid":{"rendered":"https:\/\/iamerica.wpenginepowered.com\/?p=815"},"modified":"2024-07-17T12:36:15","modified_gmt":"2024-07-17T16:36:15","slug":"yoshi-her-son-of-hmong-refugees-and-seiu-hcmn-member","status":"publish","type":"post","link":"https:\/\/iamerica.org\/de\/yoshi-her-son-of-hmong-refugees-and-seiu-hcmn-member\/","title":{"rendered":"Yoshi Her, Sohn von Hmong-Fl\u00fcchtlingen und SEIU HCMN-Mitglied"},"content":{"rendered":"<p>Ich wurde in den Vereinigten Staaten geboren, meine Eltern jedoch nicht. Als Hmong-Fl\u00fcchtlinge wanderten sie von Laos in ein Fl\u00fcchtlingslager in Thailand, bevor sie in die Vereinigten Staaten kamen. W\u00e4hrend des so genannten \"Geheimen Krieges\" in Laos rekrutierte die Central Intelligence Agency (CIA) der Vereinigten Staaten die einheimische Bev\u00f6lkerung der Hmong, um im Vietnamkrieg zu k\u00e4mpfen. Die USA versprachen dem Anf\u00fchrer des Hmong-Volkes, dass sie als Fl\u00fcchtlinge in die USA kommen k\u00f6nnten, wenn diese Angleichung scheitern w\u00fcrde.<\/p>\n\n\n\n<p>Als diese Angleichung tats\u00e4chlich scheiterte, wurden die Hmong wegen ihres Kampfes gegen die Kommunisten verfolgt. Meine Eltern lernten sich in den Vereinigten Staaten kennen, hatten aber w\u00e4hrend des Krieges \u00e4hnliche Erfahrungen gemacht.<\/p>\n\n\n\n<p>Mein Vater war gerade ein Teenager in Laos, als seine Mutter und seine Schwester vor seinen Augen erschossen wurden. Aus Angst um sein Leben schwamm mein Vater mit einer Gruppe von etwa einem Dutzend Menschen \u00fcber den Mekong nach Thailand, bevor er sich auf den Weg in die Vereinigten Staaten machte.&nbsp;<\/p>\n\n\n\n<p>Der Vater meiner Mutter starb, als sie geboren wurde, und so wurde sie von ihrem Onkel adoptiert, der ein hochrangiger Offizier im Krieg war. Aufgrund seines Status konnten sie von Laos nach Thailand evakuiert werden. Aber unabh\u00e4ngig von ihrem Status wurden alle Hmong in Thailand in Fl\u00fcchtlingslager gesteckt. Sp\u00e4ter kam sie als Fl\u00fcchtling in die Vereinigten Staaten.<\/p>\n\n\n\n<p>Als sie ankamen, hatten sie keine - nicht einmal Geburtsurkunden aus ihrem Heimatland. Ich bin der Nutznie\u00dfer ihrer Reise und ihres Kampfes und kann mich gl\u00fccklich sch\u00e4tzen, heute in den Vereinigten Staaten zu leben.<\/p>\n\n\n\n<p>Aufgrund ihres Fl\u00fcchtlingsstatus hatten meine Eltern kein Mitspracherecht. Sie konnten nicht w\u00e4hlen. Viele Jahre sp\u00e4ter wurden sie schlie\u00dflich B\u00fcrger und W\u00e4hler der Vereinigten Staaten. Heute ziehen sie ihre gew\u00e4hlten Vertreter zur Rechenschaft und dr\u00e4ngen ihre Kinder, ebenfalls zu w\u00e4hlen.<\/p>\n\n\n\n<p>This country was not made because people simply showed up. This country emerged from immigrants who came to make it the United States it is today. It\u2019s our country too.<\/p>\n\n\n\n<p>Ein vielf\u00e4ltigeres Amerika macht uns besser und st\u00e4rker. Ich m\u00f6chte, dass alle Menschen in den Vereinigten Staaten gleich behandelt werden. Deshalb engagiere ich mich in meiner Gewerkschaft, um f\u00fcr Rassen-, Wirtschafts- und Einwanderergerechtigkeit zu k\u00e4mpfen, denn gemeinsam sind wir st\u00e4rker.<\/p>\n\n\n\n<p>Hier in Minnesota haben wir f\u00fcr die Initiative Freedom to Drive gek\u00e4mpft, die allen Minnesotanern unabh\u00e4ngig von ihrem Einwanderungsstatus den F\u00fchrerschein erm\u00f6glicht. Ich habe mich auch der Gruppe der Asiaten und Pazifikinsulaner angeschlossen, die zur W\u00e4hlerregistrierung aufbricht, weil viele Einwanderer nicht wissen, dass ihre Stimme z\u00e4hlt. Mein Traum ist es, dass eines Tages durch unsere gemeinsame harte Arbeit <em>alle <\/em>Einwanderer sind in Amerika willkommen.<\/p>","protected":false},"excerpt":{"rendered":"<p>I was born in the United States, but my parents were not. As Hmong refugees, they migrated from Laos to a refugee camp in Thailand before they came to the United States. During what was known as \u201cThe Secret War\u201d in Laos, the United States Central Intelligence Agency (CIA) recruited indigenous Hmong people to fight [&hellip;]<\/p>\n","protected":false},"author":2,"featured_media":1835,"comment_status":"open","ping_status":"open","sticky":false,"template":"","format":"standard","meta":{"footnotes":"","_links_to":"","_links_to_target":""},"categories":[11],"tags":[16,18],"class_list":["post-815","post","type-post","status-publish","format-standard","has-post-thumbnail","hentry","category-our-stories","tag-first-generation","tag-refugee"],"yoast_head":"<!-- This site is optimized with the Yoast SEO plugin v27.3 - https:\/\/yoast.com\/product\/yoast-seo-wordpress\/ -->\n<title>Yoshi Her, son of Hmong refugees and SEIU HCMN member - iAmerica<\/title>\n<meta name=\"robots\" content=\"index, follow, max-snippet:-1, max-image-preview:large, max-video-preview:-1\" \/>\n<link rel=\"canonical\" href=\"https:\/\/iamerica.org\/de\/yoshi-her-son-of-hmong-refugees-and-seiu-hcmn-member\/\" \/>\n<meta property=\"og:locale\" content=\"de_DE\" \/>\n<meta property=\"og:type\" content=\"article\" \/>\n<meta property=\"og:title\" content=\"Yoshi Her, son of Hmong refugees and SEIU HCMN member - iAmerica\" \/>\n<meta property=\"og:description\" content=\"I was born in the United States, but my parents were not. As Hmong refugees, they migrated from Laos to a refugee camp in Thailand before they came to the United States. During what was known as \u201cThe Secret War\u201d in Laos, the United States Central Intelligence Agency (CIA) recruited indigenous Hmong people to fight [&hellip;]\" \/>\n<meta property=\"og:url\" content=\"https:\/\/iamerica.org\/de\/yoshi-her-son-of-hmong-refugees-and-seiu-hcmn-member\/\" \/>\n<meta property=\"og:site_name\" content=\"iAmerica\" \/>\n<meta property=\"article:publisher\" content=\"https:\/\/www.facebook.com\/iAmericaorg\/\" \/>\n<meta property=\"article:published_time\" content=\"2024-05-16T15:33:32+00:00\" \/>\n<meta property=\"article:modified_time\" content=\"2024-07-17T16:36:15+00:00\" \/>\n<meta property=\"og:image\" content=\"https:\/\/iamerica.org\/wp-content\/uploads\/2024\/05\/IAmerica_Yoshi.png\" \/>\n\t<meta property=\"og:image:width\" content=\"710\" \/>\n\t<meta property=\"og:image:height\" content=\"396\" \/>\n\t<meta property=\"og:image:type\" content=\"image\/png\" \/>\n<meta name=\"author\" content=\"Emett Smith\" \/>\n<meta name=\"twitter:card\" content=\"summary_large_image\" \/>\n<meta name=\"twitter:creator\" content=\"@iamericaorg\" \/>\n<meta name=\"twitter:site\" content=\"@iamericaorg\" \/>\n<meta name=\"twitter:label1\" content=\"Verfasst von\" \/>\n\t<meta name=\"twitter:data1\" content=\"Emett Smith\" \/>\n\t<meta name=\"twitter:label2\" content=\"Gesch\u00e4tzte Lesezeit\" \/>\n\t<meta name=\"twitter:data2\" content=\"3 Minuten\" \/>\n<script type=\"application\/ld+json\" class=\"yoast-schema-graph\">{\"@context\":\"https:\\\/\\\/schema.org\",\"@graph\":[{\"@type\":\"Article\",\"@id\":\"https:\\\/\\\/iamerica.org\\\/yoshi-her-son-of-hmong-refugees-and-seiu-hcmn-member\\\/#article\",\"isPartOf\":{\"@id\":\"https:\\\/\\\/iamerica.org\\\/yoshi-her-son-of-hmong-refugees-and-seiu-hcmn-member\\\/\"},\"author\":{\"name\":\"Emett Smith\",\"@id\":\"https:\\\/\\\/iamerica.org\\\/ru\\\/#\\\/schema\\\/person\\\/996e55c405912a1b3cb29a4835fc895d\"},\"headline\":\"Yoshi Her, son of Hmong refugees and SEIU HCMN member\",\"datePublished\":\"2024-05-16T15:33:32+00:00\",\"dateModified\":\"2024-07-17T16:36:15+00:00\",\"mainEntityOfPage\":{\"@id\":\"https:\\\/\\\/iamerica.org\\\/yoshi-her-son-of-hmong-refugees-and-seiu-hcmn-member\\\/\"},\"wordCount\":461,\"commentCount\":0,\"publisher\":{\"@id\":\"https:\\\/\\\/iamerica.org\\\/ru\\\/#organization\"},\"image\":{\"@id\":\"https:\\\/\\\/iamerica.org\\\/yoshi-her-son-of-hmong-refugees-and-seiu-hcmn-member\\\/#primaryimage\"},\"thumbnailUrl\":\"https:\\\/\\\/iamerica.org\\\/wp-content\\\/uploads\\\/2024\\\/05\\\/IAmerica_Yoshi.png\",\"keywords\":[\"First generation\",\"Refugee\"],\"articleSection\":[\"Our Stories\"],\"inLanguage\":\"de-DE\",\"potentialAction\":[{\"@type\":\"CommentAction\",\"name\":\"Comment\",\"target\":[\"https:\\\/\\\/iamerica.org\\\/yoshi-her-son-of-hmong-refugees-and-seiu-hcmn-member\\\/#respond\"]}]},{\"@type\":\"WebPage\",\"@id\":\"https:\\\/\\\/iamerica.org\\\/yoshi-her-son-of-hmong-refugees-and-seiu-hcmn-member\\\/\",\"url\":\"https:\\\/\\\/iamerica.org\\\/yoshi-her-son-of-hmong-refugees-and-seiu-hcmn-member\\\/\",\"name\":\"Yoshi Her, son of Hmong refugees and SEIU HCMN member - iAmerica\",\"isPartOf\":{\"@id\":\"https:\\\/\\\/iamerica.org\\\/ru\\\/#website\"},\"primaryImageOfPage\":{\"@id\":\"https:\\\/\\\/iamerica.org\\\/yoshi-her-son-of-hmong-refugees-and-seiu-hcmn-member\\\/#primaryimage\"},\"image\":{\"@id\":\"https:\\\/\\\/iamerica.org\\\/yoshi-her-son-of-hmong-refugees-and-seiu-hcmn-member\\\/#primaryimage\"},\"thumbnailUrl\":\"https:\\\/\\\/iamerica.org\\\/wp-content\\\/uploads\\\/2024\\\/05\\\/IAmerica_Yoshi.png\",\"datePublished\":\"2024-05-16T15:33:32+00:00\",\"dateModified\":\"2024-07-17T16:36:15+00:00\",\"breadcrumb\":{\"@id\":\"https:\\\/\\\/iamerica.org\\\/yoshi-her-son-of-hmong-refugees-and-seiu-hcmn-member\\\/#breadcrumb\"},\"inLanguage\":\"de-DE\",\"potentialAction\":[{\"@type\":\"ReadAction\",\"target\":[\"https:\\\/\\\/iamerica.org\\\/yoshi-her-son-of-hmong-refugees-and-seiu-hcmn-member\\\/\"]}]},{\"@type\":\"ImageObject\",\"inLanguage\":\"de-DE\",\"@id\":\"https:\\\/\\\/iamerica.org\\\/yoshi-her-son-of-hmong-refugees-and-seiu-hcmn-member\\\/#primaryimage\",\"url\":\"https:\\\/\\\/iamerica.org\\\/wp-content\\\/uploads\\\/2024\\\/05\\\/IAmerica_Yoshi.png\",\"contentUrl\":\"https:\\\/\\\/iamerica.org\\\/wp-content\\\/uploads\\\/2024\\\/05\\\/IAmerica_Yoshi.png\",\"width\":710,\"height\":396,\"caption\":\"man at microphone with illustrated speech bubble beside him\"},{\"@type\":\"BreadcrumbList\",\"@id\":\"https:\\\/\\\/iamerica.org\\\/yoshi-her-son-of-hmong-refugees-and-seiu-hcmn-member\\\/#breadcrumb\",\"itemListElement\":[{\"@type\":\"ListItem\",\"position\":1,\"name\":\"Home\",\"item\":\"https:\\\/\\\/iamerica.org\\\/\"},{\"@type\":\"ListItem\",\"position\":2,\"name\":\"Yoshi Her, son of Hmong refugees and SEIU HCMN member\"}]},{\"@type\":\"WebSite\",\"@id\":\"https:\\\/\\\/iamerica.org\\\/ru\\\/#website\",\"url\":\"https:\\\/\\\/iamerica.org\\\/ru\\\/\",\"name\":\"iAmerica\",\"description\":\"\",\"publisher\":{\"@id\":\"https:\\\/\\\/iamerica.org\\\/ru\\\/#organization\"},\"potentialAction\":[{\"@type\":\"SearchAction\",\"target\":{\"@type\":\"EntryPoint\",\"urlTemplate\":\"https:\\\/\\\/iamerica.org\\\/ru\\\/?s={search_term_string}\"},\"query-input\":{\"@type\":\"PropertyValueSpecification\",\"valueRequired\":true,\"valueName\":\"search_term_string\"}}],\"inLanguage\":\"de-DE\"},{\"@type\":\"Organization\",\"@id\":\"https:\\\/\\\/iamerica.org\\\/ru\\\/#organization\",\"name\":\"iAmerica\",\"url\":\"https:\\\/\\\/iamerica.org\\\/ru\\\/\",\"logo\":{\"@type\":\"ImageObject\",\"inLanguage\":\"de-DE\",\"@id\":\"https:\\\/\\\/iamerica.org\\\/ru\\\/#\\\/schema\\\/logo\\\/image\\\/\",\"url\":\"https:\\\/\\\/iamerica.org\\\/wp-content\\\/uploads\\\/2024\\\/05\\\/iAmerica_Logo_Navy.png\",\"contentUrl\":\"https:\\\/\\\/iamerica.org\\\/wp-content\\\/uploads\\\/2024\\\/05\\\/iAmerica_Logo_Navy.png\",\"width\":2309,\"height\":626,\"caption\":\"iAmerica\"},\"image\":{\"@id\":\"https:\\\/\\\/iamerica.org\\\/ru\\\/#\\\/schema\\\/logo\\\/image\\\/\"},\"sameAs\":[\"https:\\\/\\\/www.facebook.com\\\/iAmericaorg\\\/\",\"https:\\\/\\\/x.com\\\/iamericaorg\",\"https:\\\/\\\/www.instagram.com\\\/iamericaorg\"]},{\"@type\":\"Person\",\"@id\":\"https:\\\/\\\/iamerica.org\\\/ru\\\/#\\\/schema\\\/person\\\/996e55c405912a1b3cb29a4835fc895d\",\"name\":\"Emett Smith\",\"image\":{\"@type\":\"ImageObject\",\"inLanguage\":\"de-DE\",\"@id\":\"https:\\\/\\\/secure.gravatar.com\\\/avatar\\\/57373ac1085666129067b856e684bf0075d54324de79ff8d332821c495c7471d?s=96&d=mm&r=g\",\"url\":\"https:\\\/\\\/secure.gravatar.com\\\/avatar\\\/57373ac1085666129067b856e684bf0075d54324de79ff8d332821c495c7471d?s=96&d=mm&r=g\",\"contentUrl\":\"https:\\\/\\\/secure.gravatar.com\\\/avatar\\\/57373ac1085666129067b856e684bf0075d54324de79ff8d332821c495c7471d?s=96&d=mm&r=g\",\"caption\":\"Emett Smith\"},\"url\":\"https:\\\/\\\/iamerica.org\\\/de\\\/author\\\/emett617\\\/\"}]}<\/script>\n<!-- \/ Yoast SEO plugin. -->","yoast_head_json":{"title":"Yoshi Her, Sohn von Hmong-Fl\u00fcchtlingen und SEIU HCMN-Mitglied - iAmerica","robots":{"index":"index","follow":"follow","max-snippet":"max-snippet:-1","max-image-preview":"max-image-preview:large","max-video-preview":"max-video-preview:-1"},"canonical":"https:\/\/iamerica.org\/de\/yoshi-her-son-of-hmong-refugees-and-seiu-hcmn-member\/","og_locale":"de_DE","og_type":"article","og_title":"Yoshi Her, son of Hmong refugees and SEIU HCMN member - iAmerica","og_description":"I was born in the United States, but my parents were not. As Hmong refugees, they migrated from Laos to a refugee camp in Thailand before they came to the United States. During what was known as \u201cThe Secret War\u201d in Laos, the United States Central Intelligence Agency (CIA) recruited indigenous Hmong people to fight [&hellip;]","og_url":"https:\/\/iamerica.org\/de\/yoshi-her-son-of-hmong-refugees-and-seiu-hcmn-member\/","og_site_name":"iAmerica","article_publisher":"https:\/\/www.facebook.com\/iAmericaorg\/","article_published_time":"2024-05-16T15:33:32+00:00","article_modified_time":"2024-07-17T16:36:15+00:00","og_image":[{"width":710,"height":396,"url":"https:\/\/iamerica.org\/wp-content\/uploads\/2024\/05\/IAmerica_Yoshi.png","type":"image\/png"}],"author":"Emett Smith","twitter_card":"summary_large_image","twitter_creator":"@iamericaorg","twitter_site":"@iamericaorg","twitter_misc":{"Verfasst von":"Emett Smith","Gesch\u00e4tzte Lesezeit":"3 Minuten"},"schema":{"@context":"https:\/\/schema.org","@graph":[{"@type":"Article","@id":"https:\/\/iamerica.org\/yoshi-her-son-of-hmong-refugees-and-seiu-hcmn-member\/#article","isPartOf":{"@id":"https:\/\/iamerica.org\/yoshi-her-son-of-hmong-refugees-and-seiu-hcmn-member\/"},"author":{"name":"Emett Smith","@id":"https:\/\/iamerica.org\/ru\/#\/schema\/person\/996e55c405912a1b3cb29a4835fc895d"},"headline":"Yoshi Her, son of Hmong refugees and SEIU HCMN member","datePublished":"2024-05-16T15:33:32+00:00","dateModified":"2024-07-17T16:36:15+00:00","mainEntityOfPage":{"@id":"https:\/\/iamerica.org\/yoshi-her-son-of-hmong-refugees-and-seiu-hcmn-member\/"},"wordCount":461,"commentCount":0,"publisher":{"@id":"https:\/\/iamerica.org\/ru\/#organization"},"image":{"@id":"https:\/\/iamerica.org\/yoshi-her-son-of-hmong-refugees-and-seiu-hcmn-member\/#primaryimage"},"thumbnailUrl":"https:\/\/iamerica.org\/wp-content\/uploads\/2024\/05\/IAmerica_Yoshi.png","keywords":["First generation","Refugee"],"articleSection":["Our Stories"],"inLanguage":"de-DE","potentialAction":[{"@type":"CommentAction","name":"Comment","target":["https:\/\/iamerica.org\/yoshi-her-son-of-hmong-refugees-and-seiu-hcmn-member\/#respond"]}]},{"@type":"WebPage","@id":"https:\/\/iamerica.org\/yoshi-her-son-of-hmong-refugees-and-seiu-hcmn-member\/","url":"https:\/\/iamerica.org\/yoshi-her-son-of-hmong-refugees-and-seiu-hcmn-member\/","name":"Yoshi Her, Sohn von Hmong-Fl\u00fcchtlingen und SEIU HCMN-Mitglied - iAmerica","isPartOf":{"@id":"https:\/\/iamerica.org\/ru\/#website"},"primaryImageOfPage":{"@id":"https:\/\/iamerica.org\/yoshi-her-son-of-hmong-refugees-and-seiu-hcmn-member\/#primaryimage"},"image":{"@id":"https:\/\/iamerica.org\/yoshi-her-son-of-hmong-refugees-and-seiu-hcmn-member\/#primaryimage"},"thumbnailUrl":"https:\/\/iamerica.org\/wp-content\/uploads\/2024\/05\/IAmerica_Yoshi.png","datePublished":"2024-05-16T15:33:32+00:00","dateModified":"2024-07-17T16:36:15+00:00","breadcrumb":{"@id":"https:\/\/iamerica.org\/yoshi-her-son-of-hmong-refugees-and-seiu-hcmn-member\/#breadcrumb"},"inLanguage":"de-DE","potentialAction":[{"@type":"ReadAction","target":["https:\/\/iamerica.org\/yoshi-her-son-of-hmong-refugees-and-seiu-hcmn-member\/"]}]},{"@type":"ImageObject","inLanguage":"de-DE","@id":"https:\/\/iamerica.org\/yoshi-her-son-of-hmong-refugees-and-seiu-hcmn-member\/#primaryimage","url":"https:\/\/iamerica.org\/wp-content\/uploads\/2024\/05\/IAmerica_Yoshi.png","contentUrl":"https:\/\/iamerica.org\/wp-content\/uploads\/2024\/05\/IAmerica_Yoshi.png","width":710,"height":396,"caption":"man at microphone with illustrated speech bubble beside him"},{"@type":"BreadcrumbList","@id":"https:\/\/iamerica.org\/yoshi-her-son-of-hmong-refugees-and-seiu-hcmn-member\/#breadcrumb","itemListElement":[{"@type":"ListItem","position":1,"name":"Home","item":"https:\/\/iamerica.org\/"},{"@type":"ListItem","position":2,"name":"Yoshi Her, son of Hmong refugees and SEIU HCMN member"}]},{"@type":"WebSite","@id":"https:\/\/iamerica.org\/ru\/#website","url":"https:\/\/iamerica.org\/ru\/","name":"iAmerika","description":"","publisher":{"@id":"https:\/\/iamerica.org\/ru\/#organization"},"potentialAction":[{"@type":"SearchAction","target":{"@type":"EntryPoint","urlTemplate":"https:\/\/iamerica.org\/ru\/?s={search_term_string}"},"query-input":{"@type":"PropertyValueSpecification","valueRequired":true,"valueName":"search_term_string"}}],"inLanguage":"de-DE"},{"@type":"Organization","@id":"https:\/\/iamerica.org\/ru\/#organization","name":"iAmerika","url":"https:\/\/iamerica.org\/ru\/","logo":{"@type":"ImageObject","inLanguage":"de-DE","@id":"https:\/\/iamerica.org\/ru\/#\/schema\/logo\/image\/","url":"https:\/\/iamerica.org\/wp-content\/uploads\/2024\/05\/iAmerica_Logo_Navy.png","contentUrl":"https:\/\/iamerica.org\/wp-content\/uploads\/2024\/05\/iAmerica_Logo_Navy.png","width":2309,"height":626,"caption":"iAmerica"},"image":{"@id":"https:\/\/iamerica.org\/ru\/#\/schema\/logo\/image\/"},"sameAs":["https:\/\/www.facebook.com\/iAmericaorg\/","https:\/\/x.com\/iamericaorg","https:\/\/www.instagram.com\/iamericaorg"]},{"@type":"Person","@id":"https:\/\/iamerica.org\/ru\/#\/schema\/person\/996e55c405912a1b3cb29a4835fc895d","name":"Emett Smith","image":{"@type":"ImageObject","inLanguage":"de-DE","@id":"https:\/\/secure.gravatar.com\/avatar\/57373ac1085666129067b856e684bf0075d54324de79ff8d332821c495c7471d?s=96&d=mm&r=g","url":"https:\/\/secure.gravatar.com\/avatar\/57373ac1085666129067b856e684bf0075d54324de79ff8d332821c495c7471d?s=96&d=mm&r=g","contentUrl":"https:\/\/secure.gravatar.com\/avatar\/57373ac1085666129067b856e684bf0075d54324de79ff8d332821c495c7471d?s=96&d=mm&r=g","caption":"Emett Smith"},"url":"https:\/\/iamerica.org\/de\/author\/emett617\/"}]}},"_links":{"self":[{"href":"https:\/\/iamerica.org\/de\/wp-json\/wp\/v2\/posts\/815","targetHints":{"allow":["GET"]}}],"collection":[{"href":"https:\/\/iamerica.org\/de\/wp-json\/wp\/v2\/posts"}],"about":[{"href":"https:\/\/iamerica.org\/de\/wp-json\/wp\/v2\/types\/post"}],"author":[{"embeddable":true,"href":"https:\/\/iamerica.org\/de\/wp-json\/wp\/v2\/users\/2"}],"replies":[{"embeddable":true,"href":"https:\/\/iamerica.org\/de\/wp-json\/wp\/v2\/comments?post=815"}],"version-history":[{"count":0,"href":"https:\/\/iamerica.org\/de\/wp-json\/wp\/v2\/posts\/815\/revisions"}],"wp:featuredmedia":[{"embeddable":true,"href":"https:\/\/iamerica.org\/de\/wp-json\/wp\/v2\/media\/1835"}],"wp:attachment":[{"href":"https:\/\/iamerica.org\/de\/wp-json\/wp\/v2\/media?parent=815"}],"wp:term":[{"taxonomy":"category","embeddable":true,"href":"https:\/\/iamerica.org\/de\/wp-json\/wp\/v2\/categories?post=815"},{"taxonomy":"post_tag","embeddable":true,"href":"https:\/\/iamerica.org\/de\/wp-json\/wp\/v2\/tags?post=815"}],"curies":[{"name":"wp","href":"https:\/\/api.w.org\/{rel}","templated":true}]}}