{"id":768,"date":"2024-05-16T15:15:31","date_gmt":"2024-05-16T15:15:31","guid":{"rendered":"https:\/\/iamerica.wpenginepowered.com\/?p=768"},"modified":"2024-07-17T12:33:57","modified_gmt":"2024-07-17T16:33:57","slug":"bobby-dutta-immigrant-from-india-and-seiu-local-1000-member","status":"publish","type":"post","link":"https:\/\/iamerica.org\/fr\/bobby-dutta-immigrant-from-india-and-seiu-local-1000-member\/","title":{"rendered":"Bobby Dutta, immigr\u00e9 indien et membre de la section locale 1000 du SEIU"},"content":{"rendered":"<p>Je suis n\u00e9e et j'ai grandi en Inde. Je suis arriv\u00e9e aux \u00c9tats-Unis \u00e0 la fin des ann\u00e9es 1970, alors que j'\u00e9tais adolescente. L'histoire de la s\u00e9paration de ma famille a commenc\u00e9 lorsque j'avais 9 ans. Ma grand-m\u00e8re, qui vivait alors en \u00c9cosse, est tomb\u00e9e malade et ma m\u00e8re a d\u00e9cid\u00e9 de quitter l'Inde pour s'occuper d'elle. Elle avait l'intention de n'emmener que ma jeune s\u0153ur, tandis que mon fr\u00e8re de 7 ans et moi-m\u00eame resterions chez des parents. Mais comme mon petit fr\u00e8re \u00e9tait turbulent, notre famille n'a pas voulu l'accueillir. Ils ont donc rassembl\u00e9 assez d'argent pour payer le billet d'avion et l'ont envoy\u00e9 avec ma m\u00e8re, en me laissant derri\u00e8re eux. Comme mon p\u00e8re travaillait pour le minist\u00e8re du Bengale occidental - dans un autre \u00c9tat - j'ai \u00e9t\u00e9 envoy\u00e9e chez sa s\u0153ur, ma tante.<\/p>\n\n\n\n<p>Je ne dirais pas que j'ai eu une vie difficile. Mes besoins essentiels \u00e9taient satisfaits, mais il \u00e9tait \u00e9motionnellement traumatisant d'\u00eatre s\u00e9par\u00e9e de ma famille proche pendant si longtemps. Ma tante m'aimait, mais tous les autres avaient peur d'elle. C'\u00e9tait une v\u00e9ritable \"force de la nature\". Cette phase de ma vie m'a sembl\u00e9 tr\u00e8s incertaine et d\u00e9stabilisante. O\u00f9 irais-je \u00e0 l'\u00e9cole ? Irai-je en \u00c9cosse ? Quand ma m\u00e8re reviendrait-elle ? Comme l'\u00e9tat de ma grand-m\u00e8re se compliquait, ma m\u00e8re est rest\u00e9e plus longtemps, et j'ai donc \u00e9t\u00e9 s\u00e9par\u00e9e de ma famille pendant cinq ans de mon enfance.<\/p>\n\n\n\n<p>Elle a fini par se rendre en Californie pour retrouver son fr\u00e8re. Conscients que ma m\u00e8re ne retournerait pas en Inde de sit\u00f4t, des membres de ma famille ont entrepris des d\u00e9marches pour m'aider \u00e0 la retrouver. Cela a pris du temps, car le syst\u00e8me d'immigration am\u00e9ricain est difficile \u00e0 g\u00e9rer.<\/p>\n\n\n\n<p>\u00c0 l'\u00e2ge de 14 ans, j'ai voyag\u00e9 au Canada - ce qui \u00e9tait plus facile - et j'ai v\u00e9cu avec une autre tante, la s\u0153ur de ma m\u00e8re, que je ne connaissais pas. Mon travail chez elle consistait \u00e0 garder ma ni\u00e8ce de 3 ans, qui \u00e9tait un vrai casse-t\u00eate, mais je ne pouvais pas me plaindre parce que j'\u00e9tais une invit\u00e9e, vivant avec des \u00e9trangers dans un pays \u00e9tranger.<\/p>\n\n\n\n<p>Il a fallu attendre encore un an et demi pour que mes papiers soient approuv\u00e9s et que je puisse me rendre aux \u00c9tats-Unis. \u00c0 15 ans, j'ai rejoint ma m\u00e8re et mes fr\u00e8res et s\u0153urs dans la r\u00e9gion de la baie de Californie. Nous avons ensuite v\u00e9cu dans la ville de Pittsburgh, o\u00f9 les loyers \u00e9taient bon march\u00e9. Je parlais anglais avec un fort accent indien. Une anecdote amusante dont je me souviendrai toujours : un jour, alors que je faisais la lessive \u00e0 la laverie locale, un enfant s'est approch\u00e9 de moi et m'a demand\u00e9 quelque chose qui ressemblait \u00e0 \"Que diriez-vous d'une bi\u00e8re ?\". J'ai r\u00e9pondu que je ne buvais pas de bi\u00e8re. Ce qu'il m'a dit en fait, c'est \"Comment \u00e7a va ?\". Malgr\u00e9 la barri\u00e8re de la langue, je me suis fait beaucoup d'amis.<\/p>\n\n\n\n<p>Lorsque j'ai retrouv\u00e9 ma famille, ma petite s\u0153ur et mon petit fr\u00e8re ne parlaient plus notre langue maternelle et nous communiquions donc en anglais. Notre m\u00e8re n'a jamais compris l'anglais couramment, et parfois nous, les enfants, parlions en anglais pour qu'elle ne comprenne pas. Malheureusement, elle s'est heurt\u00e9e \u00e0 de nombreux obstacles lorsqu'elle a \u00e9migr\u00e9 aux \u00c9tats-Unis. Peu importe qu'elle ait fait des \u00e9tudes sup\u00e9rieures en Inde, elle n'a jamais pu trouver aux \u00c9tats-Unis un emploi correspondant \u00e0 ses comp\u00e9tences. En Inde, elle travaillait comme g\u00e9ologue pour le gouvernement indien ; c'\u00e9tait un travail de bureau et elle avait un bureau \u00e0 c\u00f4t\u00e9 du mus\u00e9e indien. Ici, elle \u00e9tait infirmi\u00e8re auxiliaire dans une maison de retraite et travaillait la nuit parce que c'\u00e9tait le seul poste qu'elle pouvait obtenir.<\/p>\n\n\n\n<p>\u00c0 un moment donn\u00e9, le visa de ma m\u00e8re a expir\u00e9 aux \u00c9tats-Unis et elle s'est retrouv\u00e9e sans statut. La menace d'une expulsion planait toujours au-dessus de sa t\u00eate. Elle est devenue nerveuse et avait peur de tout.<\/p>\n\n\n\n<p>Mon fr\u00e8re et moi nous disputions beaucoup lorsque nous \u00e9tions ensemble, mais nous avions des voisins qui veillaient sur nous : Stanley, le voisin, avec qui je discutais parfois ; et Mary, la personne la plus accueillante qui nous apportait toujours de la nourriture philippine. Plus tard, nous avons parrain\u00e9 notre p\u00e8re, m\u00eame s'il ne voulait vraiment pas venir aux \u00c9tats-Unis. Il \u00e9tait d\u00e9j\u00e0 \u00e2g\u00e9 et \u00e0 l'aise en Inde, et nous avons d\u00fb le tra\u00eener jusqu'ici. Mes parents ont fini par vivre ensemble jusqu'\u00e0 ce que ma m\u00e8re tombe malade. Mon p\u00e8re et ma m\u00e8re sont d\u00e9c\u00e9d\u00e9s depuis.<\/p>\n\n\n\n<p>Je suis devenu citoyen am\u00e9ricain \u00e0 l'\u00e2ge de 24 ans. Ma r\u00e9ussite et celle de ma famille sont en grande partie dues \u00e0 ma d\u00e9cision de me faire naturaliser. J'ai ensuite dirig\u00e9 une entreprise prosp\u00e8re et, en tant que citoyen, j'ai pu b\u00e9n\u00e9ficier d'opportunit\u00e9s et de financements pour embaucher des employ\u00e9s et des sous-traitants afin d'\u00eatre un bon employeur pour les autres. Mon parcours n'a pas \u00e9t\u00e9 facile, et je connais beaucoup d'autres histoires d'immigrants comme la mienne, o\u00f9 des enfants sont s\u00e9par\u00e9s de leurs parents et voyagent seuls dans des pays inconnus. En raison de mon exp\u00e9rience, je plaide en faveur d'un syst\u00e8me qui permette aux familles d'\u00eatre r\u00e9unies plus rapidement.<\/p>\n\n\n\n<figure class=\"wp-block-gallery has-nested-images columns-default is-cropped wp-block-gallery-1 is-layout-flex wp-block-gallery-is-layout-flex\">\n<figure class=\"wp-block-image size-large\"><a href=\"https:\/\/iamerica.org\/wp-content\/uploads\/2024\/05\/Bobby-Dutta-FamilyinIndia-scaled.jpg\"><img fetchpriority=\"high\" decoding=\"async\" width=\"1024\" height=\"779\" data-id=\"773\" src=\"https:\/\/iamerica.org\/wp-content\/uploads\/2024\/05\/Bobby-Dutta-FamilyinIndia-1024x779.jpg\" alt=\"\" class=\"wp-image-773\" srcset=\"https:\/\/iamerica.org\/wp-content\/uploads\/2024\/05\/Bobby-Dutta-FamilyinIndia-1024x779.jpg 1024w, https:\/\/iamerica.org\/wp-content\/uploads\/2024\/05\/Bobby-Dutta-FamilyinIndia-300x228.jpg 300w, https:\/\/iamerica.org\/wp-content\/uploads\/2024\/05\/Bobby-Dutta-FamilyinIndia-768x584.jpg 768w, https:\/\/iamerica.org\/wp-content\/uploads\/2024\/05\/Bobby-Dutta-FamilyinIndia-1536x1168.jpg 1536w, https:\/\/iamerica.org\/wp-content\/uploads\/2024\/05\/Bobby-Dutta-FamilyinIndia-2048x1557.jpg 2048w\" sizes=\"(max-width: 1024px) 100vw, 1024px\" \/><\/a><figcaption class=\"wp-element-caption\">La famille de Bobby Dutta en Inde<\/figcaption><\/figure>\n\n\n\n<figure class=\"wp-block-image size-large\"><a href=\"https:\/\/iamerica.org\/wp-content\/uploads\/2024\/05\/Bobby-Dutta-UFA-Workers-Convening-2022.jpg\"><img decoding=\"async\" width=\"1024\" height=\"768\" data-id=\"771\" src=\"https:\/\/iamerica.org\/wp-content\/uploads\/2024\/05\/Bobby-Dutta-UFA-Workers-Convening-2022-1024x768.jpg\" alt=\"\" class=\"wp-image-771\" srcset=\"https:\/\/iamerica.org\/wp-content\/uploads\/2024\/05\/Bobby-Dutta-UFA-Workers-Convening-2022-1024x768.jpg 1024w, https:\/\/iamerica.org\/wp-content\/uploads\/2024\/05\/Bobby-Dutta-UFA-Workers-Convening-2022-300x225.jpg 300w, https:\/\/iamerica.org\/wp-content\/uploads\/2024\/05\/Bobby-Dutta-UFA-Workers-Convening-2022-768x576.jpg 768w, https:\/\/iamerica.org\/wp-content\/uploads\/2024\/05\/Bobby-Dutta-UFA-Workers-Convening-2022-1536x1152.jpg 1536w, https:\/\/iamerica.org\/wp-content\/uploads\/2024\/05\/Bobby-Dutta-UFA-Workers-Convening-2022.jpg 2048w\" sizes=\"(max-width: 1024px) 100vw, 1024px\" \/><\/a><figcaption class=\"wp-element-caption\">Bobby Dutta au congr\u00e8s 2022 Unions for All Workers \u00e0 Washington, D.C.<\/figcaption><\/figure>\n<\/figure>","protected":false},"excerpt":{"rendered":"<p>I was born and raised in India and arrived in the U.S. as a teenager during the late 1970s. My family separation story began when I was 9 years old. My grandmother, who lived in Scotland at the time, got sick, so my mother decided to leave India to take care of her. She intended [&hellip;]<\/p>\n","protected":false},"author":2,"featured_media":834,"comment_status":"open","ping_status":"open","sticky":false,"template":"","format":"standard","meta":{"footnotes":"","_links_to":"","_links_to_target":""},"categories":[11],"tags":[16,15],"class_list":["post-768","post","type-post","status-publish","format-standard","has-post-thumbnail","hentry","category-our-stories","tag-first-generation","tag-naturalized-citizen"],"yoast_head":"<!-- This site is optimized with the Yoast SEO plugin v27.3 - https:\/\/yoast.com\/product\/yoast-seo-wordpress\/ -->\n<title>Bobby Dutta, immigrant from India and SEIU Local 1000 member - iAmerica<\/title>\n<meta name=\"robots\" content=\"index, follow, max-snippet:-1, max-image-preview:large, max-video-preview:-1\" \/>\n<link rel=\"canonical\" href=\"https:\/\/iamerica.org\/fr\/bobby-dutta-immigrant-from-india-and-seiu-local-1000-member\/\" \/>\n<meta property=\"og:locale\" content=\"fr_FR\" \/>\n<meta property=\"og:type\" content=\"article\" \/>\n<meta property=\"og:title\" content=\"Bobby Dutta, immigrant from India and SEIU Local 1000 member - iAmerica\" \/>\n<meta property=\"og:description\" content=\"I was born and raised in India and arrived in the U.S. as a teenager during the late 1970s. My family separation story began when I was 9 years old. My grandmother, who lived in Scotland at the time, got sick, so my mother decided to leave India to take care of her. She intended [&hellip;]\" \/>\n<meta property=\"og:url\" content=\"https:\/\/iamerica.org\/fr\/bobby-dutta-immigrant-from-india-and-seiu-local-1000-member\/\" \/>\n<meta property=\"og:site_name\" content=\"iAmerica\" \/>\n<meta property=\"article:publisher\" content=\"https:\/\/www.facebook.com\/iAmericaorg\/\" \/>\n<meta property=\"article:published_time\" content=\"2024-05-16T15:15:31+00:00\" \/>\n<meta property=\"article:modified_time\" content=\"2024-07-17T16:33:57+00:00\" \/>\n<meta property=\"og:image\" content=\"https:\/\/iamerica.org\/wp-content\/uploads\/2024\/05\/BobbyDutta.png\" \/>\n\t<meta property=\"og:image:width\" content=\"1440\" \/>\n\t<meta property=\"og:image:height\" content=\"1040\" \/>\n\t<meta property=\"og:image:type\" content=\"image\/png\" \/>\n<meta name=\"author\" content=\"Emett Smith\" \/>\n<meta name=\"twitter:card\" content=\"summary_large_image\" \/>\n<meta name=\"twitter:creator\" content=\"@iamericaorg\" \/>\n<meta name=\"twitter:site\" content=\"@iamericaorg\" \/>\n<meta name=\"twitter:label1\" content=\"\u00c9crit par\" \/>\n\t<meta name=\"twitter:data1\" content=\"Emett Smith\" \/>\n\t<meta name=\"twitter:label2\" content=\"Dur\u00e9e de lecture estim\u00e9e\" \/>\n\t<meta name=\"twitter:data2\" content=\"5 minutes\" \/>\n<script type=\"application\/ld+json\" class=\"yoast-schema-graph\">{\"@context\":\"https:\\\/\\\/schema.org\",\"@graph\":[{\"@type\":\"Article\",\"@id\":\"https:\\\/\\\/iamerica.org\\\/bobby-dutta-immigrant-from-india-and-seiu-local-1000-member\\\/#article\",\"isPartOf\":{\"@id\":\"https:\\\/\\\/iamerica.org\\\/bobby-dutta-immigrant-from-india-and-seiu-local-1000-member\\\/\"},\"author\":{\"name\":\"Emett Smith\",\"@id\":\"https:\\\/\\\/iamerica.org\\\/ru\\\/#\\\/schema\\\/person\\\/996e55c405912a1b3cb29a4835fc895d\"},\"headline\":\"Bobby Dutta, immigrant from India and SEIU Local 1000 member\",\"datePublished\":\"2024-05-16T15:15:31+00:00\",\"dateModified\":\"2024-07-17T16:33:57+00:00\",\"mainEntityOfPage\":{\"@id\":\"https:\\\/\\\/iamerica.org\\\/bobby-dutta-immigrant-from-india-and-seiu-local-1000-member\\\/\"},\"wordCount\":828,\"commentCount\":0,\"publisher\":{\"@id\":\"https:\\\/\\\/iamerica.org\\\/ru\\\/#organization\"},\"image\":{\"@id\":\"https:\\\/\\\/iamerica.org\\\/bobby-dutta-immigrant-from-india-and-seiu-local-1000-member\\\/#primaryimage\"},\"thumbnailUrl\":\"https:\\\/\\\/iamerica.org\\\/wp-content\\\/uploads\\\/2024\\\/05\\\/BobbyDutta.png\",\"keywords\":[\"First generation\",\"Naturalized citizen\"],\"articleSection\":[\"Our Stories\"],\"inLanguage\":\"fr-FR\",\"potentialAction\":[{\"@type\":\"CommentAction\",\"name\":\"Comment\",\"target\":[\"https:\\\/\\\/iamerica.org\\\/bobby-dutta-immigrant-from-india-and-seiu-local-1000-member\\\/#respond\"]}]},{\"@type\":\"WebPage\",\"@id\":\"https:\\\/\\\/iamerica.org\\\/bobby-dutta-immigrant-from-india-and-seiu-local-1000-member\\\/\",\"url\":\"https:\\\/\\\/iamerica.org\\\/bobby-dutta-immigrant-from-india-and-seiu-local-1000-member\\\/\",\"name\":\"Bobby Dutta, immigrant from India and SEIU Local 1000 member - iAmerica\",\"isPartOf\":{\"@id\":\"https:\\\/\\\/iamerica.org\\\/ru\\\/#website\"},\"primaryImageOfPage\":{\"@id\":\"https:\\\/\\\/iamerica.org\\\/bobby-dutta-immigrant-from-india-and-seiu-local-1000-member\\\/#primaryimage\"},\"image\":{\"@id\":\"https:\\\/\\\/iamerica.org\\\/bobby-dutta-immigrant-from-india-and-seiu-local-1000-member\\\/#primaryimage\"},\"thumbnailUrl\":\"https:\\\/\\\/iamerica.org\\\/wp-content\\\/uploads\\\/2024\\\/05\\\/BobbyDutta.png\",\"datePublished\":\"2024-05-16T15:15:31+00:00\",\"dateModified\":\"2024-07-17T16:33:57+00:00\",\"breadcrumb\":{\"@id\":\"https:\\\/\\\/iamerica.org\\\/bobby-dutta-immigrant-from-india-and-seiu-local-1000-member\\\/#breadcrumb\"},\"inLanguage\":\"fr-FR\",\"potentialAction\":[{\"@type\":\"ReadAction\",\"target\":[\"https:\\\/\\\/iamerica.org\\\/bobby-dutta-immigrant-from-india-and-seiu-local-1000-member\\\/\"]}]},{\"@type\":\"ImageObject\",\"inLanguage\":\"fr-FR\",\"@id\":\"https:\\\/\\\/iamerica.org\\\/bobby-dutta-immigrant-from-india-and-seiu-local-1000-member\\\/#primaryimage\",\"url\":\"https:\\\/\\\/iamerica.org\\\/wp-content\\\/uploads\\\/2024\\\/05\\\/BobbyDutta.png\",\"contentUrl\":\"https:\\\/\\\/iamerica.org\\\/wp-content\\\/uploads\\\/2024\\\/05\\\/BobbyDutta.png\",\"width\":1440,\"height\":1040,\"caption\":\"Bobby Dutta, immigrant from India and SEIU Local 1000 member\"},{\"@type\":\"BreadcrumbList\",\"@id\":\"https:\\\/\\\/iamerica.org\\\/bobby-dutta-immigrant-from-india-and-seiu-local-1000-member\\\/#breadcrumb\",\"itemListElement\":[{\"@type\":\"ListItem\",\"position\":1,\"name\":\"Home\",\"item\":\"https:\\\/\\\/iamerica.org\\\/\"},{\"@type\":\"ListItem\",\"position\":2,\"name\":\"Bobby Dutta, immigrant from India and SEIU Local 1000 member\"}]},{\"@type\":\"WebSite\",\"@id\":\"https:\\\/\\\/iamerica.org\\\/ru\\\/#website\",\"url\":\"https:\\\/\\\/iamerica.org\\\/ru\\\/\",\"name\":\"iAmerica\",\"description\":\"\",\"publisher\":{\"@id\":\"https:\\\/\\\/iamerica.org\\\/ru\\\/#organization\"},\"potentialAction\":[{\"@type\":\"SearchAction\",\"target\":{\"@type\":\"EntryPoint\",\"urlTemplate\":\"https:\\\/\\\/iamerica.org\\\/ru\\\/?s={search_term_string}\"},\"query-input\":{\"@type\":\"PropertyValueSpecification\",\"valueRequired\":true,\"valueName\":\"search_term_string\"}}],\"inLanguage\":\"fr-FR\"},{\"@type\":\"Organization\",\"@id\":\"https:\\\/\\\/iamerica.org\\\/ru\\\/#organization\",\"name\":\"iAmerica\",\"url\":\"https:\\\/\\\/iamerica.org\\\/ru\\\/\",\"logo\":{\"@type\":\"ImageObject\",\"inLanguage\":\"fr-FR\",\"@id\":\"https:\\\/\\\/iamerica.org\\\/ru\\\/#\\\/schema\\\/logo\\\/image\\\/\",\"url\":\"https:\\\/\\\/iamerica.org\\\/wp-content\\\/uploads\\\/2024\\\/05\\\/iAmerica_Logo_Navy.png\",\"contentUrl\":\"https:\\\/\\\/iamerica.org\\\/wp-content\\\/uploads\\\/2024\\\/05\\\/iAmerica_Logo_Navy.png\",\"width\":2309,\"height\":626,\"caption\":\"iAmerica\"},\"image\":{\"@id\":\"https:\\\/\\\/iamerica.org\\\/ru\\\/#\\\/schema\\\/logo\\\/image\\\/\"},\"sameAs\":[\"https:\\\/\\\/www.facebook.com\\\/iAmericaorg\\\/\",\"https:\\\/\\\/x.com\\\/iamericaorg\",\"https:\\\/\\\/www.instagram.com\\\/iamericaorg\"]},{\"@type\":\"Person\",\"@id\":\"https:\\\/\\\/iamerica.org\\\/ru\\\/#\\\/schema\\\/person\\\/996e55c405912a1b3cb29a4835fc895d\",\"name\":\"Emett Smith\",\"image\":{\"@type\":\"ImageObject\",\"inLanguage\":\"fr-FR\",\"@id\":\"https:\\\/\\\/secure.gravatar.com\\\/avatar\\\/57373ac1085666129067b856e684bf0075d54324de79ff8d332821c495c7471d?s=96&d=mm&r=g\",\"url\":\"https:\\\/\\\/secure.gravatar.com\\\/avatar\\\/57373ac1085666129067b856e684bf0075d54324de79ff8d332821c495c7471d?s=96&d=mm&r=g\",\"contentUrl\":\"https:\\\/\\\/secure.gravatar.com\\\/avatar\\\/57373ac1085666129067b856e684bf0075d54324de79ff8d332821c495c7471d?s=96&d=mm&r=g\",\"caption\":\"Emett Smith\"},\"url\":\"https:\\\/\\\/iamerica.org\\\/fr\\\/author\\\/emett617\\\/\"}]}<\/script>\n<!-- \/ Yoast SEO plugin. -->","yoast_head_json":{"title":"Bobby Dutta, immigr\u00e9 indien et membre de la section locale 1000 du SEIU - iAmerica","robots":{"index":"index","follow":"follow","max-snippet":"max-snippet:-1","max-image-preview":"max-image-preview:large","max-video-preview":"max-video-preview:-1"},"canonical":"https:\/\/iamerica.org\/fr\/bobby-dutta-immigrant-from-india-and-seiu-local-1000-member\/","og_locale":"fr_FR","og_type":"article","og_title":"Bobby Dutta, immigrant from India and SEIU Local 1000 member - iAmerica","og_description":"I was born and raised in India and arrived in the U.S. as a teenager during the late 1970s. My family separation story began when I was 9 years old. My grandmother, who lived in Scotland at the time, got sick, so my mother decided to leave India to take care of her. She intended [&hellip;]","og_url":"https:\/\/iamerica.org\/fr\/bobby-dutta-immigrant-from-india-and-seiu-local-1000-member\/","og_site_name":"iAmerica","article_publisher":"https:\/\/www.facebook.com\/iAmericaorg\/","article_published_time":"2024-05-16T15:15:31+00:00","article_modified_time":"2024-07-17T16:33:57+00:00","og_image":[{"width":1440,"height":1040,"url":"https:\/\/iamerica.org\/wp-content\/uploads\/2024\/05\/BobbyDutta.png","type":"image\/png"}],"author":"Emett Smith","twitter_card":"summary_large_image","twitter_creator":"@iamericaorg","twitter_site":"@iamericaorg","twitter_misc":{"\u00c9crit par":"Emett Smith","Dur\u00e9e de lecture estim\u00e9e":"5 minutes"},"schema":{"@context":"https:\/\/schema.org","@graph":[{"@type":"Article","@id":"https:\/\/iamerica.org\/bobby-dutta-immigrant-from-india-and-seiu-local-1000-member\/#article","isPartOf":{"@id":"https:\/\/iamerica.org\/bobby-dutta-immigrant-from-india-and-seiu-local-1000-member\/"},"author":{"name":"Emett Smith","@id":"https:\/\/iamerica.org\/ru\/#\/schema\/person\/996e55c405912a1b3cb29a4835fc895d"},"headline":"Bobby Dutta, immigrant from India and SEIU Local 1000 member","datePublished":"2024-05-16T15:15:31+00:00","dateModified":"2024-07-17T16:33:57+00:00","mainEntityOfPage":{"@id":"https:\/\/iamerica.org\/bobby-dutta-immigrant-from-india-and-seiu-local-1000-member\/"},"wordCount":828,"commentCount":0,"publisher":{"@id":"https:\/\/iamerica.org\/ru\/#organization"},"image":{"@id":"https:\/\/iamerica.org\/bobby-dutta-immigrant-from-india-and-seiu-local-1000-member\/#primaryimage"},"thumbnailUrl":"https:\/\/iamerica.org\/wp-content\/uploads\/2024\/05\/BobbyDutta.png","keywords":["First generation","Naturalized citizen"],"articleSection":["Our Stories"],"inLanguage":"fr-FR","potentialAction":[{"@type":"CommentAction","name":"Comment","target":["https:\/\/iamerica.org\/bobby-dutta-immigrant-from-india-and-seiu-local-1000-member\/#respond"]}]},{"@type":"WebPage","@id":"https:\/\/iamerica.org\/bobby-dutta-immigrant-from-india-and-seiu-local-1000-member\/","url":"https:\/\/iamerica.org\/bobby-dutta-immigrant-from-india-and-seiu-local-1000-member\/","name":"Bobby Dutta, immigr\u00e9 indien et membre de la section locale 1000 du SEIU - iAmerica","isPartOf":{"@id":"https:\/\/iamerica.org\/ru\/#website"},"primaryImageOfPage":{"@id":"https:\/\/iamerica.org\/bobby-dutta-immigrant-from-india-and-seiu-local-1000-member\/#primaryimage"},"image":{"@id":"https:\/\/iamerica.org\/bobby-dutta-immigrant-from-india-and-seiu-local-1000-member\/#primaryimage"},"thumbnailUrl":"https:\/\/iamerica.org\/wp-content\/uploads\/2024\/05\/BobbyDutta.png","datePublished":"2024-05-16T15:15:31+00:00","dateModified":"2024-07-17T16:33:57+00:00","breadcrumb":{"@id":"https:\/\/iamerica.org\/bobby-dutta-immigrant-from-india-and-seiu-local-1000-member\/#breadcrumb"},"inLanguage":"fr-FR","potentialAction":[{"@type":"ReadAction","target":["https:\/\/iamerica.org\/bobby-dutta-immigrant-from-india-and-seiu-local-1000-member\/"]}]},{"@type":"ImageObject","inLanguage":"fr-FR","@id":"https:\/\/iamerica.org\/bobby-dutta-immigrant-from-india-and-seiu-local-1000-member\/#primaryimage","url":"https:\/\/iamerica.org\/wp-content\/uploads\/2024\/05\/BobbyDutta.png","contentUrl":"https:\/\/iamerica.org\/wp-content\/uploads\/2024\/05\/BobbyDutta.png","width":1440,"height":1040,"caption":"Bobby Dutta, immigrant from India and SEIU Local 1000 member"},{"@type":"BreadcrumbList","@id":"https:\/\/iamerica.org\/bobby-dutta-immigrant-from-india-and-seiu-local-1000-member\/#breadcrumb","itemListElement":[{"@type":"ListItem","position":1,"name":"Home","item":"https:\/\/iamerica.org\/"},{"@type":"ListItem","position":2,"name":"Bobby Dutta, immigrant from India and SEIU Local 1000 member"}]},{"@type":"WebSite","@id":"https:\/\/iamerica.org\/ru\/#website","url":"https:\/\/iamerica.org\/ru\/","name":"iAm\u00e9rique","description":"","publisher":{"@id":"https:\/\/iamerica.org\/ru\/#organization"},"potentialAction":[{"@type":"SearchAction","target":{"@type":"EntryPoint","urlTemplate":"https:\/\/iamerica.org\/ru\/?s={search_term_string}"},"query-input":{"@type":"PropertyValueSpecification","valueRequired":true,"valueName":"search_term_string"}}],"inLanguage":"fr-FR"},{"@type":"Organization","@id":"https:\/\/iamerica.org\/ru\/#organization","name":"iAm\u00e9rique","url":"https:\/\/iamerica.org\/ru\/","logo":{"@type":"ImageObject","inLanguage":"fr-FR","@id":"https:\/\/iamerica.org\/ru\/#\/schema\/logo\/image\/","url":"https:\/\/iamerica.org\/wp-content\/uploads\/2024\/05\/iAmerica_Logo_Navy.png","contentUrl":"https:\/\/iamerica.org\/wp-content\/uploads\/2024\/05\/iAmerica_Logo_Navy.png","width":2309,"height":626,"caption":"iAmerica"},"image":{"@id":"https:\/\/iamerica.org\/ru\/#\/schema\/logo\/image\/"},"sameAs":["https:\/\/www.facebook.com\/iAmericaorg\/","https:\/\/x.com\/iamericaorg","https:\/\/www.instagram.com\/iamericaorg"]},{"@type":"Person","@id":"https:\/\/iamerica.org\/ru\/#\/schema\/person\/996e55c405912a1b3cb29a4835fc895d","name":"Emett Smith","image":{"@type":"ImageObject","inLanguage":"fr-FR","@id":"https:\/\/secure.gravatar.com\/avatar\/57373ac1085666129067b856e684bf0075d54324de79ff8d332821c495c7471d?s=96&d=mm&r=g","url":"https:\/\/secure.gravatar.com\/avatar\/57373ac1085666129067b856e684bf0075d54324de79ff8d332821c495c7471d?s=96&d=mm&r=g","contentUrl":"https:\/\/secure.gravatar.com\/avatar\/57373ac1085666129067b856e684bf0075d54324de79ff8d332821c495c7471d?s=96&d=mm&r=g","caption":"Emett Smith"},"url":"https:\/\/iamerica.org\/fr\/author\/emett617\/"}]}},"_links":{"self":[{"href":"https:\/\/iamerica.org\/fr\/wp-json\/wp\/v2\/posts\/768","targetHints":{"allow":["GET"]}}],"collection":[{"href":"https:\/\/iamerica.org\/fr\/wp-json\/wp\/v2\/posts"}],"about":[{"href":"https:\/\/iamerica.org\/fr\/wp-json\/wp\/v2\/types\/post"}],"author":[{"embeddable":true,"href":"https:\/\/iamerica.org\/fr\/wp-json\/wp\/v2\/users\/2"}],"replies":[{"embeddable":true,"href":"https:\/\/iamerica.org\/fr\/wp-json\/wp\/v2\/comments?post=768"}],"version-history":[{"count":0,"href":"https:\/\/iamerica.org\/fr\/wp-json\/wp\/v2\/posts\/768\/revisions"}],"wp:featuredmedia":[{"embeddable":true,"href":"https:\/\/iamerica.org\/fr\/wp-json\/wp\/v2\/media\/834"}],"wp:attachment":[{"href":"https:\/\/iamerica.org\/fr\/wp-json\/wp\/v2\/media?parent=768"}],"wp:term":[{"taxonomy":"category","embeddable":true,"href":"https:\/\/iamerica.org\/fr\/wp-json\/wp\/v2\/categories?post=768"},{"taxonomy":"post_tag","embeddable":true,"href":"https:\/\/iamerica.org\/fr\/wp-json\/wp\/v2\/tags?post=768"}],"curies":[{"name":"wp","href":"https:\/\/api.w.org\/{rel}","templated":true}]}}