{"id":790,"date":"2024-05-16T15:27:13","date_gmt":"2024-05-16T15:27:13","guid":{"rendered":"https:\/\/iamerica.wpenginepowered.com\/?p=790"},"modified":"2024-07-17T12:34:51","modified_gmt":"2024-07-17T16:34:51","slug":"marlyn-hoilette-immigrant-from-jamaica-and-seiu-1199-member","status":"publish","type":"post","link":"https:\/\/iamerica.org\/fr\/marlyn-hoilette-immigrant-from-jamaica-and-seiu-1199-member\/","title":{"rendered":"Marlyn Hoilette, immigr\u00e9e de Jama\u00efque et membre du SEIU 1199"},"content":{"rendered":"<p>Je fais partie d'une fratrie de sept enfants. Trois d'entre nous vivent en Floride et quatre \u00e0 New York. Deux de mes fr\u00e8res travaillent dans les transports \u00e0 New York et deux de mes s\u0153urs sont infirmi\u00e8res, comme moi. L'a\u00een\u00e9e d'entre nous est sur le point de prendre sa retraite. Ma m\u00e8re dit qu'elle n'a pas de regrets ; elle peut prendre sa retraite et vivre une belle vie.<\/p>\n\n\n\n<p>En grandissant sur l'\u00eele de la Jama\u00efque, nous n'avons pas eu les m\u00eames possibilit\u00e9s que les Am\u00e9ricains. Nos parents nous ont appris \u00e0 toujours chercher \u00e0 nous am\u00e9liorer, et l'importance de l'\u00e9ducation nous a \u00e9t\u00e9 inculqu\u00e9e d\u00e8s notre plus jeune \u00e2ge.<\/p>\n\n\n\n<p>C'est ma tante qui a quitt\u00e9 la Jama\u00efque la premi\u00e8re. Elle \u00e9tait la pionni\u00e8re parmi nous. Elle a ensuite fait une demande pour ma m\u00e8re et ses fr\u00e8res et s\u0153urs. J'ai ensuite immigr\u00e9 \u00e0 l'adolescence et je vis aux \u00c9tats-Unis depuis plus de 30 ans.<\/p>\n\n\n\n<p>J'ai poursuivi mes r\u00eaves. Je suis fi\u00e8re d'\u00eatre une femme noire et forte. Cela fait 25 ans que je suis infirmi\u00e8re dipl\u00f4m\u00e9e. En tant que professionnels de la sant\u00e9, mes coll\u00e8gues et moi-m\u00eame avons \u00e9t\u00e9 des h\u00e9ros de premi\u00e8re ligne tout au long de la pand\u00e9mie. J'ai travaill\u00e9 dans l'unit\u00e9 COVID dans des conditions intenses. Sans nous, les infirmi\u00e8res, qui serait l\u00e0 pour s'occuper des malades ? Nous avions un travail \u00e0 faire, et nous devions le faire.<\/p>\n\n\n\n<p>Je travaille avec des infirmi\u00e8res d'origines ethniques diverses : des \u00eeles, des Philippines, afro-am\u00e9ricaines et latino-am\u00e9ricaines. Nous sommes unies par un lien particulier. La plupart d'entre nous sont arriv\u00e9s dans ce pays \u00e0 l'adolescence, et il est stimulant de savoir que nous ouvrons la voie aux g\u00e9n\u00e9rations futures.<\/p>\n\n\n\n<p>J'ai \u00e9t\u00e9 \u00e9lev\u00e9e dans le but d'atteindre le sommet et j'ai \u00e9duqu\u00e9 mes enfants de la m\u00eame mani\u00e8re. Ma fille de 28 ans est en train de terminer un deuxi\u00e8me dipl\u00f4me. Mon fils de 17 ans vient de recevoir une bourse compl\u00e8te pour l'universit\u00e9 de Richmond, et il d\u00e9m\u00e9nagera bient\u00f4t dans un autre \u00c9tat. Comme il s'agit d'un homme noir de 1,80 m et de 1,85 kg, je me fais du souci pour lui, et je suis donc reconnaissante \u00e0 sa g\u00e9n\u00e9ration de s'\u00e9lever contre l'injustice. Comme moi et mes enfants, je souhaite que les immigrants de diff\u00e9rents pays et \u00eeles aient les m\u00eames chances. Les enfants, et en fait tous ceux qui arrivent sans statut d'immigration appropri\u00e9, devraient avoir la possibilit\u00e9 de poursuivre leurs r\u00eaves, et les lois doivent changer pour qu'ils puissent eux aussi devenir des citoyens am\u00e9ricains qui contribueront pleinement \u00e0 ce pays.<\/p>\n\n\n\n<figure class=\"wp-block-gallery has-nested-images columns-default is-cropped wp-block-gallery-1 is-layout-flex wp-block-gallery-is-layout-flex\">\n<figure class=\"wp-block-image size-large\"><a href=\"https:\/\/iamerica.org\/wp-content\/uploads\/2024\/05\/IMG_1033-scaled.jpeg\"><img fetchpriority=\"high\" decoding=\"async\" width=\"1024\" height=\"768\" data-id=\"791\" src=\"https:\/\/iamerica.org\/wp-content\/uploads\/2024\/05\/IMG_1033-1024x768.jpeg\" alt=\"\" class=\"wp-image-791\" srcset=\"https:\/\/iamerica.org\/wp-content\/uploads\/2024\/05\/IMG_1033-1024x768.jpeg 1024w, https:\/\/iamerica.org\/wp-content\/uploads\/2024\/05\/IMG_1033-300x225.jpeg 300w, https:\/\/iamerica.org\/wp-content\/uploads\/2024\/05\/IMG_1033-768x576.jpeg 768w, https:\/\/iamerica.org\/wp-content\/uploads\/2024\/05\/IMG_1033-1536x1152.jpeg 1536w, https:\/\/iamerica.org\/wp-content\/uploads\/2024\/05\/IMG_1033-2048x1536.jpeg 2048w\" sizes=\"(max-width: 1024px) 100vw, 1024px\" \/><\/a><\/figure>\n\n\n\n<figure class=\"wp-block-image size-large\"><a href=\"https:\/\/iamerica.org\/wp-content\/uploads\/2024\/05\/IMG_7617-scaled.jpg\"><img decoding=\"async\" width=\"1024\" height=\"768\" data-id=\"792\" src=\"https:\/\/iamerica.org\/wp-content\/uploads\/2024\/05\/IMG_7617-1024x768.jpg\" alt=\"\" class=\"wp-image-792\" srcset=\"https:\/\/iamerica.org\/wp-content\/uploads\/2024\/05\/IMG_7617-1024x768.jpg 1024w, https:\/\/iamerica.org\/wp-content\/uploads\/2024\/05\/IMG_7617-300x225.jpg 300w, https:\/\/iamerica.org\/wp-content\/uploads\/2024\/05\/IMG_7617-768x576.jpg 768w, https:\/\/iamerica.org\/wp-content\/uploads\/2024\/05\/IMG_7617-1536x1152.jpg 1536w, https:\/\/iamerica.org\/wp-content\/uploads\/2024\/05\/IMG_7617-2048x1536.jpg 2048w\" sizes=\"(max-width: 1024px) 100vw, 1024px\" \/><\/a><\/figure>\n\n\n\n<figure class=\"wp-block-image size-large\"><a href=\"https:\/\/iamerica.org\/wp-content\/uploads\/2024\/05\/Marlyn-Hoilette-2.jpg\"><img decoding=\"async\" width=\"470\" height=\"708\" data-id=\"794\" src=\"https:\/\/iamerica.org\/wp-content\/uploads\/2024\/05\/Marlyn-Hoilette-2.jpg\" alt=\"\" class=\"wp-image-794\" srcset=\"https:\/\/iamerica.org\/wp-content\/uploads\/2024\/05\/Marlyn-Hoilette-2.jpg 470w, https:\/\/iamerica.org\/wp-content\/uploads\/2024\/05\/Marlyn-Hoilette-2-199x300.jpg 199w\" sizes=\"(max-width: 470px) 100vw, 470px\" \/><\/a><\/figure>\n\n\n\n<figure class=\"wp-block-image size-large\"><a href=\"https:\/\/iamerica.org\/wp-content\/uploads\/2024\/05\/Marlyn-Hoilette-3-scaled.jpg\"><img loading=\"lazy\" decoding=\"async\" width=\"768\" height=\"1024\" data-id=\"795\" src=\"https:\/\/iamerica.org\/wp-content\/uploads\/2024\/05\/Marlyn-Hoilette-3-768x1024.jpg\" alt=\"\" class=\"wp-image-795\" srcset=\"https:\/\/iamerica.org\/wp-content\/uploads\/2024\/05\/Marlyn-Hoilette-3-768x1024.jpg 768w, https:\/\/iamerica.org\/wp-content\/uploads\/2024\/05\/Marlyn-Hoilette-3-225x300.jpg 225w, https:\/\/iamerica.org\/wp-content\/uploads\/2024\/05\/Marlyn-Hoilette-3-1152x1536.jpg 1152w, https:\/\/iamerica.org\/wp-content\/uploads\/2024\/05\/Marlyn-Hoilette-3-1536x2048.jpg 1536w, https:\/\/iamerica.org\/wp-content\/uploads\/2024\/05\/Marlyn-Hoilette-3-scaled.jpg 1920w\" sizes=\"(max-width: 768px) 100vw, 768px\" \/><\/a><\/figure>\n\n\n\n<figure class=\"wp-block-image size-large\"><a href=\"https:\/\/iamerica.org\/wp-content\/uploads\/2024\/05\/Marlyn-Hoilette-coworkers.jpg.sb-dd516de2-M74Eqy.jpg\"><img loading=\"lazy\" decoding=\"async\" width=\"769\" height=\"1024\" data-id=\"798\" src=\"https:\/\/iamerica.org\/wp-content\/uploads\/2024\/05\/Marlyn-Hoilette-coworkers.jpg.sb-dd516de2-M74Eqy-769x1024.jpg\" alt=\"\" class=\"wp-image-798\" srcset=\"https:\/\/iamerica.org\/wp-content\/uploads\/2024\/05\/Marlyn-Hoilette-coworkers.jpg.sb-dd516de2-M74Eqy-769x1024.jpg 769w, https:\/\/iamerica.org\/wp-content\/uploads\/2024\/05\/Marlyn-Hoilette-coworkers.jpg.sb-dd516de2-M74Eqy-225x300.jpg 225w, https:\/\/iamerica.org\/wp-content\/uploads\/2024\/05\/Marlyn-Hoilette-coworkers.jpg.sb-dd516de2-M74Eqy-768x1022.jpg 768w, https:\/\/iamerica.org\/wp-content\/uploads\/2024\/05\/Marlyn-Hoilette-coworkers.jpg.sb-dd516de2-M74Eqy-1154x1536.jpg 1154w, https:\/\/iamerica.org\/wp-content\/uploads\/2024\/05\/Marlyn-Hoilette-coworkers.jpg.sb-dd516de2-M74Eqy.jpg 1202w\" sizes=\"(max-width: 769px) 100vw, 769px\" \/><\/a><\/figure>\n\n\n\n<figure class=\"wp-block-image size-large\"><a href=\"https:\/\/iamerica.org\/wp-content\/uploads\/2024\/05\/Marlyn-Hoilette-family-cruise-scaled.jpg\"><img loading=\"lazy\" decoding=\"async\" width=\"1024\" height=\"768\" data-id=\"799\" src=\"https:\/\/iamerica.org\/wp-content\/uploads\/2024\/05\/Marlyn-Hoilette-family-cruise-1024x768.jpg\" alt=\"\" class=\"wp-image-799\" srcset=\"https:\/\/iamerica.org\/wp-content\/uploads\/2024\/05\/Marlyn-Hoilette-family-cruise-1024x768.jpg 1024w, https:\/\/iamerica.org\/wp-content\/uploads\/2024\/05\/Marlyn-Hoilette-family-cruise-300x225.jpg 300w, https:\/\/iamerica.org\/wp-content\/uploads\/2024\/05\/Marlyn-Hoilette-family-cruise-768x576.jpg 768w, https:\/\/iamerica.org\/wp-content\/uploads\/2024\/05\/Marlyn-Hoilette-family-cruise-1536x1152.jpg 1536w, https:\/\/iamerica.org\/wp-content\/uploads\/2024\/05\/Marlyn-Hoilette-family-cruise-2048x1536.jpg 2048w\" sizes=\"(max-width: 1024px) 100vw, 1024px\" \/><\/a><\/figure>\n\n\n\n<figure class=\"wp-block-image size-large\"><a href=\"https:\/\/iamerica.org\/wp-content\/uploads\/2024\/05\/Marlyn-Hoilette-family-scaled.jpg\"><img loading=\"lazy\" decoding=\"async\" width=\"1024\" height=\"768\" data-id=\"800\" src=\"https:\/\/iamerica.org\/wp-content\/uploads\/2024\/05\/Marlyn-Hoilette-family-1024x768.jpg\" alt=\"\" class=\"wp-image-800\" srcset=\"https:\/\/iamerica.org\/wp-content\/uploads\/2024\/05\/Marlyn-Hoilette-family-1024x768.jpg 1024w, https:\/\/iamerica.org\/wp-content\/uploads\/2024\/05\/Marlyn-Hoilette-family-300x225.jpg 300w, https:\/\/iamerica.org\/wp-content\/uploads\/2024\/05\/Marlyn-Hoilette-family-768x576.jpg 768w, https:\/\/iamerica.org\/wp-content\/uploads\/2024\/05\/Marlyn-Hoilette-family-1536x1152.jpg 1536w, https:\/\/iamerica.org\/wp-content\/uploads\/2024\/05\/Marlyn-Hoilette-family-2048x1536.jpg 2048w\" sizes=\"(max-width: 1024px) 100vw, 1024px\" \/><\/a><\/figure>\n\n\n\n<figure class=\"wp-block-image size-large\"><a href=\"https:\/\/iamerica.org\/wp-content\/uploads\/2024\/05\/Marlyn-Hoilette-n-daughter-scaled.jpg\"><img loading=\"lazy\" decoding=\"async\" width=\"768\" height=\"1024\" data-id=\"801\" src=\"https:\/\/iamerica.org\/wp-content\/uploads\/2024\/05\/Marlyn-Hoilette-n-daughter-768x1024.jpg\" alt=\"\" class=\"wp-image-801\" srcset=\"https:\/\/iamerica.org\/wp-content\/uploads\/2024\/05\/Marlyn-Hoilette-n-daughter-768x1024.jpg 768w, https:\/\/iamerica.org\/wp-content\/uploads\/2024\/05\/Marlyn-Hoilette-n-daughter-225x300.jpg 225w, https:\/\/iamerica.org\/wp-content\/uploads\/2024\/05\/Marlyn-Hoilette-n-daughter-1152x1536.jpg 1152w, https:\/\/iamerica.org\/wp-content\/uploads\/2024\/05\/Marlyn-Hoilette-n-daughter-1536x2048.jpg 1536w, https:\/\/iamerica.org\/wp-content\/uploads\/2024\/05\/Marlyn-Hoilette-n-daughter-scaled.jpg 1920w\" sizes=\"(max-width: 768px) 100vw, 768px\" \/><\/a><\/figure>\n\n\n\n<figure class=\"wp-block-image size-large\"><a href=\"https:\/\/iamerica.org\/wp-content\/uploads\/2024\/05\/Marlyn-Hoilette-unions-for-all.png\"><img loading=\"lazy\" decoding=\"async\" width=\"768\" height=\"1024\" data-id=\"802\" src=\"https:\/\/iamerica.org\/wp-content\/uploads\/2024\/05\/Marlyn-Hoilette-unions-for-all-768x1024.png\" alt=\"\" class=\"wp-image-802\" srcset=\"https:\/\/iamerica.org\/wp-content\/uploads\/2024\/05\/Marlyn-Hoilette-unions-for-all-768x1024.png 768w, https:\/\/iamerica.org\/wp-content\/uploads\/2024\/05\/Marlyn-Hoilette-unions-for-all-225x300.png 225w, https:\/\/iamerica.org\/wp-content\/uploads\/2024\/05\/Marlyn-Hoilette-unions-for-all-1152x1536.png 1152w, https:\/\/iamerica.org\/wp-content\/uploads\/2024\/05\/Marlyn-Hoilette-unions-for-all.png 1512w\" sizes=\"(max-width: 768px) 100vw, 768px\" \/><\/a><\/figure>\n<\/figure>","protected":false},"excerpt":{"rendered":"<p>I am one of seven siblings. Three of us live in Florida and four in New York. Two of my brothers work in transportation in New York City, and two of my sisters are nurses, like me. The oldest of us is about to retire. My mom says she has no regrets; she can retire [&hellip;]<\/p>\n","protected":false},"author":2,"featured_media":896,"comment_status":"open","ping_status":"open","sticky":false,"template":"","format":"standard","meta":{"footnotes":"","_links_to":"","_links_to_target":""},"categories":[11],"tags":[16,15],"class_list":["post-790","post","type-post","status-publish","format-standard","has-post-thumbnail","hentry","category-our-stories","tag-first-generation","tag-naturalized-citizen"],"yoast_head":"<!-- This site is optimized with the Yoast SEO plugin v27.3 - https:\/\/yoast.com\/product\/yoast-seo-wordpress\/ -->\n<title>Marlyn Hoilette, immigrant from Jamaica and SEIU 1199 member - iAmerica<\/title>\n<meta name=\"robots\" content=\"index, follow, max-snippet:-1, max-image-preview:large, max-video-preview:-1\" \/>\n<link rel=\"canonical\" href=\"https:\/\/iamerica.org\/fr\/marlyn-hoilette-immigrant-from-jamaica-and-seiu-1199-member\/\" \/>\n<meta property=\"og:locale\" content=\"fr_FR\" \/>\n<meta property=\"og:type\" content=\"article\" \/>\n<meta property=\"og:title\" content=\"Marlyn Hoilette, immigrant from Jamaica and SEIU 1199 member - iAmerica\" \/>\n<meta property=\"og:description\" content=\"I am one of seven siblings. Three of us live in Florida and four in New York. Two of my brothers work in transportation in New York City, and two of my sisters are nurses, like me. The oldest of us is about to retire. My mom says she has no regrets; she can retire [&hellip;]\" \/>\n<meta property=\"og:url\" content=\"https:\/\/iamerica.org\/fr\/marlyn-hoilette-immigrant-from-jamaica-and-seiu-1199-member\/\" \/>\n<meta property=\"og:site_name\" content=\"iAmerica\" \/>\n<meta property=\"article:publisher\" content=\"https:\/\/www.facebook.com\/iAmericaorg\/\" \/>\n<meta property=\"article:published_time\" content=\"2024-05-16T15:27:13+00:00\" \/>\n<meta property=\"article:modified_time\" content=\"2024-07-17T16:34:51+00:00\" \/>\n<meta property=\"og:image\" content=\"https:\/\/iamerica.org\/wp-content\/uploads\/2024\/05\/IAmerica_Marlyn-1.png\" \/>\n\t<meta property=\"og:image:width\" content=\"710\" \/>\n\t<meta property=\"og:image:height\" content=\"396\" \/>\n\t<meta property=\"og:image:type\" content=\"image\/png\" \/>\n<meta name=\"author\" content=\"Emett Smith\" \/>\n<meta name=\"twitter:card\" content=\"summary_large_image\" \/>\n<meta name=\"twitter:creator\" content=\"@iamericaorg\" \/>\n<meta name=\"twitter:site\" content=\"@iamericaorg\" \/>\n<meta name=\"twitter:label1\" content=\"\u00c9crit par\" \/>\n\t<meta name=\"twitter:data1\" content=\"Emett Smith\" \/>\n\t<meta name=\"twitter:label2\" content=\"Dur\u00e9e de lecture estim\u00e9e\" \/>\n\t<meta name=\"twitter:data2\" content=\"4 minutes\" \/>\n<script type=\"application\/ld+json\" class=\"yoast-schema-graph\">{\"@context\":\"https:\\\/\\\/schema.org\",\"@graph\":[{\"@type\":\"Article\",\"@id\":\"https:\\\/\\\/iamerica.org\\\/marlyn-hoilette-immigrant-from-jamaica-and-seiu-1199-member\\\/#article\",\"isPartOf\":{\"@id\":\"https:\\\/\\\/iamerica.org\\\/marlyn-hoilette-immigrant-from-jamaica-and-seiu-1199-member\\\/\"},\"author\":{\"name\":\"Emett Smith\",\"@id\":\"https:\\\/\\\/iamerica.org\\\/ru\\\/#\\\/schema\\\/person\\\/996e55c405912a1b3cb29a4835fc895d\"},\"headline\":\"Marlyn Hoilette, immigrant from Jamaica and SEIU 1199 member\",\"datePublished\":\"2024-05-16T15:27:13+00:00\",\"dateModified\":\"2024-07-17T16:34:51+00:00\",\"mainEntityOfPage\":{\"@id\":\"https:\\\/\\\/iamerica.org\\\/marlyn-hoilette-immigrant-from-jamaica-and-seiu-1199-member\\\/\"},\"wordCount\":406,\"commentCount\":0,\"publisher\":{\"@id\":\"https:\\\/\\\/iamerica.org\\\/ru\\\/#organization\"},\"image\":{\"@id\":\"https:\\\/\\\/iamerica.org\\\/marlyn-hoilette-immigrant-from-jamaica-and-seiu-1199-member\\\/#primaryimage\"},\"thumbnailUrl\":\"https:\\\/\\\/iamerica.org\\\/wp-content\\\/uploads\\\/2024\\\/05\\\/IAmerica_Marlyn-1.png\",\"keywords\":[\"First generation\",\"Naturalized citizen\"],\"articleSection\":[\"Our Stories\"],\"inLanguage\":\"fr-FR\",\"potentialAction\":[{\"@type\":\"CommentAction\",\"name\":\"Comment\",\"target\":[\"https:\\\/\\\/iamerica.org\\\/marlyn-hoilette-immigrant-from-jamaica-and-seiu-1199-member\\\/#respond\"]}]},{\"@type\":\"WebPage\",\"@id\":\"https:\\\/\\\/iamerica.org\\\/marlyn-hoilette-immigrant-from-jamaica-and-seiu-1199-member\\\/\",\"url\":\"https:\\\/\\\/iamerica.org\\\/marlyn-hoilette-immigrant-from-jamaica-and-seiu-1199-member\\\/\",\"name\":\"Marlyn Hoilette, immigrant from Jamaica and SEIU 1199 member - iAmerica\",\"isPartOf\":{\"@id\":\"https:\\\/\\\/iamerica.org\\\/ru\\\/#website\"},\"primaryImageOfPage\":{\"@id\":\"https:\\\/\\\/iamerica.org\\\/marlyn-hoilette-immigrant-from-jamaica-and-seiu-1199-member\\\/#primaryimage\"},\"image\":{\"@id\":\"https:\\\/\\\/iamerica.org\\\/marlyn-hoilette-immigrant-from-jamaica-and-seiu-1199-member\\\/#primaryimage\"},\"thumbnailUrl\":\"https:\\\/\\\/iamerica.org\\\/wp-content\\\/uploads\\\/2024\\\/05\\\/IAmerica_Marlyn-1.png\",\"datePublished\":\"2024-05-16T15:27:13+00:00\",\"dateModified\":\"2024-07-17T16:34:51+00:00\",\"breadcrumb\":{\"@id\":\"https:\\\/\\\/iamerica.org\\\/marlyn-hoilette-immigrant-from-jamaica-and-seiu-1199-member\\\/#breadcrumb\"},\"inLanguage\":\"fr-FR\",\"potentialAction\":[{\"@type\":\"ReadAction\",\"target\":[\"https:\\\/\\\/iamerica.org\\\/marlyn-hoilette-immigrant-from-jamaica-and-seiu-1199-member\\\/\"]}]},{\"@type\":\"ImageObject\",\"inLanguage\":\"fr-FR\",\"@id\":\"https:\\\/\\\/iamerica.org\\\/marlyn-hoilette-immigrant-from-jamaica-and-seiu-1199-member\\\/#primaryimage\",\"url\":\"https:\\\/\\\/iamerica.org\\\/wp-content\\\/uploads\\\/2024\\\/05\\\/IAmerica_Marlyn-1.png\",\"contentUrl\":\"https:\\\/\\\/iamerica.org\\\/wp-content\\\/uploads\\\/2024\\\/05\\\/IAmerica_Marlyn-1.png\",\"width\":710,\"height\":396,\"caption\":\"Marlyn, SEIU member\"},{\"@type\":\"BreadcrumbList\",\"@id\":\"https:\\\/\\\/iamerica.org\\\/marlyn-hoilette-immigrant-from-jamaica-and-seiu-1199-member\\\/#breadcrumb\",\"itemListElement\":[{\"@type\":\"ListItem\",\"position\":1,\"name\":\"Home\",\"item\":\"https:\\\/\\\/iamerica.org\\\/\"},{\"@type\":\"ListItem\",\"position\":2,\"name\":\"Marlyn Hoilette, immigrant from Jamaica and SEIU 1199 member\"}]},{\"@type\":\"WebSite\",\"@id\":\"https:\\\/\\\/iamerica.org\\\/ru\\\/#website\",\"url\":\"https:\\\/\\\/iamerica.org\\\/ru\\\/\",\"name\":\"iAmerica\",\"description\":\"\",\"publisher\":{\"@id\":\"https:\\\/\\\/iamerica.org\\\/ru\\\/#organization\"},\"potentialAction\":[{\"@type\":\"SearchAction\",\"target\":{\"@type\":\"EntryPoint\",\"urlTemplate\":\"https:\\\/\\\/iamerica.org\\\/ru\\\/?s={search_term_string}\"},\"query-input\":{\"@type\":\"PropertyValueSpecification\",\"valueRequired\":true,\"valueName\":\"search_term_string\"}}],\"inLanguage\":\"fr-FR\"},{\"@type\":\"Organization\",\"@id\":\"https:\\\/\\\/iamerica.org\\\/ru\\\/#organization\",\"name\":\"iAmerica\",\"url\":\"https:\\\/\\\/iamerica.org\\\/ru\\\/\",\"logo\":{\"@type\":\"ImageObject\",\"inLanguage\":\"fr-FR\",\"@id\":\"https:\\\/\\\/iamerica.org\\\/ru\\\/#\\\/schema\\\/logo\\\/image\\\/\",\"url\":\"https:\\\/\\\/iamerica.org\\\/wp-content\\\/uploads\\\/2024\\\/05\\\/iAmerica_Logo_Navy.png\",\"contentUrl\":\"https:\\\/\\\/iamerica.org\\\/wp-content\\\/uploads\\\/2024\\\/05\\\/iAmerica_Logo_Navy.png\",\"width\":2309,\"height\":626,\"caption\":\"iAmerica\"},\"image\":{\"@id\":\"https:\\\/\\\/iamerica.org\\\/ru\\\/#\\\/schema\\\/logo\\\/image\\\/\"},\"sameAs\":[\"https:\\\/\\\/www.facebook.com\\\/iAmericaorg\\\/\",\"https:\\\/\\\/x.com\\\/iamericaorg\",\"https:\\\/\\\/www.instagram.com\\\/iamericaorg\"]},{\"@type\":\"Person\",\"@id\":\"https:\\\/\\\/iamerica.org\\\/ru\\\/#\\\/schema\\\/person\\\/996e55c405912a1b3cb29a4835fc895d\",\"name\":\"Emett Smith\",\"image\":{\"@type\":\"ImageObject\",\"inLanguage\":\"fr-FR\",\"@id\":\"https:\\\/\\\/secure.gravatar.com\\\/avatar\\\/57373ac1085666129067b856e684bf0075d54324de79ff8d332821c495c7471d?s=96&d=mm&r=g\",\"url\":\"https:\\\/\\\/secure.gravatar.com\\\/avatar\\\/57373ac1085666129067b856e684bf0075d54324de79ff8d332821c495c7471d?s=96&d=mm&r=g\",\"contentUrl\":\"https:\\\/\\\/secure.gravatar.com\\\/avatar\\\/57373ac1085666129067b856e684bf0075d54324de79ff8d332821c495c7471d?s=96&d=mm&r=g\",\"caption\":\"Emett Smith\"},\"url\":\"https:\\\/\\\/iamerica.org\\\/fr\\\/author\\\/emett617\\\/\"}]}<\/script>\n<!-- \/ Yoast SEO plugin. -->","yoast_head_json":{"title":"Marlyn Hoilette, immigr\u00e9e de Jama\u00efque et membre du SEIU 1199 - iAmerica","robots":{"index":"index","follow":"follow","max-snippet":"max-snippet:-1","max-image-preview":"max-image-preview:large","max-video-preview":"max-video-preview:-1"},"canonical":"https:\/\/iamerica.org\/fr\/marlyn-hoilette-immigrant-from-jamaica-and-seiu-1199-member\/","og_locale":"fr_FR","og_type":"article","og_title":"Marlyn Hoilette, immigrant from Jamaica and SEIU 1199 member - iAmerica","og_description":"I am one of seven siblings. Three of us live in Florida and four in New York. Two of my brothers work in transportation in New York City, and two of my sisters are nurses, like me. The oldest of us is about to retire. My mom says she has no regrets; she can retire [&hellip;]","og_url":"https:\/\/iamerica.org\/fr\/marlyn-hoilette-immigrant-from-jamaica-and-seiu-1199-member\/","og_site_name":"iAmerica","article_publisher":"https:\/\/www.facebook.com\/iAmericaorg\/","article_published_time":"2024-05-16T15:27:13+00:00","article_modified_time":"2024-07-17T16:34:51+00:00","og_image":[{"width":710,"height":396,"url":"https:\/\/iamerica.org\/wp-content\/uploads\/2024\/05\/IAmerica_Marlyn-1.png","type":"image\/png"}],"author":"Emett Smith","twitter_card":"summary_large_image","twitter_creator":"@iamericaorg","twitter_site":"@iamericaorg","twitter_misc":{"\u00c9crit par":"Emett Smith","Dur\u00e9e de lecture estim\u00e9e":"4 minutes"},"schema":{"@context":"https:\/\/schema.org","@graph":[{"@type":"Article","@id":"https:\/\/iamerica.org\/marlyn-hoilette-immigrant-from-jamaica-and-seiu-1199-member\/#article","isPartOf":{"@id":"https:\/\/iamerica.org\/marlyn-hoilette-immigrant-from-jamaica-and-seiu-1199-member\/"},"author":{"name":"Emett Smith","@id":"https:\/\/iamerica.org\/ru\/#\/schema\/person\/996e55c405912a1b3cb29a4835fc895d"},"headline":"Marlyn Hoilette, immigrant from Jamaica and SEIU 1199 member","datePublished":"2024-05-16T15:27:13+00:00","dateModified":"2024-07-17T16:34:51+00:00","mainEntityOfPage":{"@id":"https:\/\/iamerica.org\/marlyn-hoilette-immigrant-from-jamaica-and-seiu-1199-member\/"},"wordCount":406,"commentCount":0,"publisher":{"@id":"https:\/\/iamerica.org\/ru\/#organization"},"image":{"@id":"https:\/\/iamerica.org\/marlyn-hoilette-immigrant-from-jamaica-and-seiu-1199-member\/#primaryimage"},"thumbnailUrl":"https:\/\/iamerica.org\/wp-content\/uploads\/2024\/05\/IAmerica_Marlyn-1.png","keywords":["First generation","Naturalized citizen"],"articleSection":["Our Stories"],"inLanguage":"fr-FR","potentialAction":[{"@type":"CommentAction","name":"Comment","target":["https:\/\/iamerica.org\/marlyn-hoilette-immigrant-from-jamaica-and-seiu-1199-member\/#respond"]}]},{"@type":"WebPage","@id":"https:\/\/iamerica.org\/marlyn-hoilette-immigrant-from-jamaica-and-seiu-1199-member\/","url":"https:\/\/iamerica.org\/marlyn-hoilette-immigrant-from-jamaica-and-seiu-1199-member\/","name":"Marlyn Hoilette, immigr\u00e9e de Jama\u00efque et membre du SEIU 1199 - iAmerica","isPartOf":{"@id":"https:\/\/iamerica.org\/ru\/#website"},"primaryImageOfPage":{"@id":"https:\/\/iamerica.org\/marlyn-hoilette-immigrant-from-jamaica-and-seiu-1199-member\/#primaryimage"},"image":{"@id":"https:\/\/iamerica.org\/marlyn-hoilette-immigrant-from-jamaica-and-seiu-1199-member\/#primaryimage"},"thumbnailUrl":"https:\/\/iamerica.org\/wp-content\/uploads\/2024\/05\/IAmerica_Marlyn-1.png","datePublished":"2024-05-16T15:27:13+00:00","dateModified":"2024-07-17T16:34:51+00:00","breadcrumb":{"@id":"https:\/\/iamerica.org\/marlyn-hoilette-immigrant-from-jamaica-and-seiu-1199-member\/#breadcrumb"},"inLanguage":"fr-FR","potentialAction":[{"@type":"ReadAction","target":["https:\/\/iamerica.org\/marlyn-hoilette-immigrant-from-jamaica-and-seiu-1199-member\/"]}]},{"@type":"ImageObject","inLanguage":"fr-FR","@id":"https:\/\/iamerica.org\/marlyn-hoilette-immigrant-from-jamaica-and-seiu-1199-member\/#primaryimage","url":"https:\/\/iamerica.org\/wp-content\/uploads\/2024\/05\/IAmerica_Marlyn-1.png","contentUrl":"https:\/\/iamerica.org\/wp-content\/uploads\/2024\/05\/IAmerica_Marlyn-1.png","width":710,"height":396,"caption":"Marlyn, SEIU member"},{"@type":"BreadcrumbList","@id":"https:\/\/iamerica.org\/marlyn-hoilette-immigrant-from-jamaica-and-seiu-1199-member\/#breadcrumb","itemListElement":[{"@type":"ListItem","position":1,"name":"Home","item":"https:\/\/iamerica.org\/"},{"@type":"ListItem","position":2,"name":"Marlyn Hoilette, immigrant from Jamaica and SEIU 1199 member"}]},{"@type":"WebSite","@id":"https:\/\/iamerica.org\/ru\/#website","url":"https:\/\/iamerica.org\/ru\/","name":"iAm\u00e9rique","description":"","publisher":{"@id":"https:\/\/iamerica.org\/ru\/#organization"},"potentialAction":[{"@type":"SearchAction","target":{"@type":"EntryPoint","urlTemplate":"https:\/\/iamerica.org\/ru\/?s={search_term_string}"},"query-input":{"@type":"PropertyValueSpecification","valueRequired":true,"valueName":"search_term_string"}}],"inLanguage":"fr-FR"},{"@type":"Organization","@id":"https:\/\/iamerica.org\/ru\/#organization","name":"iAm\u00e9rique","url":"https:\/\/iamerica.org\/ru\/","logo":{"@type":"ImageObject","inLanguage":"fr-FR","@id":"https:\/\/iamerica.org\/ru\/#\/schema\/logo\/image\/","url":"https:\/\/iamerica.org\/wp-content\/uploads\/2024\/05\/iAmerica_Logo_Navy.png","contentUrl":"https:\/\/iamerica.org\/wp-content\/uploads\/2024\/05\/iAmerica_Logo_Navy.png","width":2309,"height":626,"caption":"iAmerica"},"image":{"@id":"https:\/\/iamerica.org\/ru\/#\/schema\/logo\/image\/"},"sameAs":["https:\/\/www.facebook.com\/iAmericaorg\/","https:\/\/x.com\/iamericaorg","https:\/\/www.instagram.com\/iamericaorg"]},{"@type":"Person","@id":"https:\/\/iamerica.org\/ru\/#\/schema\/person\/996e55c405912a1b3cb29a4835fc895d","name":"Emett Smith","image":{"@type":"ImageObject","inLanguage":"fr-FR","@id":"https:\/\/secure.gravatar.com\/avatar\/57373ac1085666129067b856e684bf0075d54324de79ff8d332821c495c7471d?s=96&d=mm&r=g","url":"https:\/\/secure.gravatar.com\/avatar\/57373ac1085666129067b856e684bf0075d54324de79ff8d332821c495c7471d?s=96&d=mm&r=g","contentUrl":"https:\/\/secure.gravatar.com\/avatar\/57373ac1085666129067b856e684bf0075d54324de79ff8d332821c495c7471d?s=96&d=mm&r=g","caption":"Emett Smith"},"url":"https:\/\/iamerica.org\/fr\/author\/emett617\/"}]}},"_links":{"self":[{"href":"https:\/\/iamerica.org\/fr\/wp-json\/wp\/v2\/posts\/790","targetHints":{"allow":["GET"]}}],"collection":[{"href":"https:\/\/iamerica.org\/fr\/wp-json\/wp\/v2\/posts"}],"about":[{"href":"https:\/\/iamerica.org\/fr\/wp-json\/wp\/v2\/types\/post"}],"author":[{"embeddable":true,"href":"https:\/\/iamerica.org\/fr\/wp-json\/wp\/v2\/users\/2"}],"replies":[{"embeddable":true,"href":"https:\/\/iamerica.org\/fr\/wp-json\/wp\/v2\/comments?post=790"}],"version-history":[{"count":0,"href":"https:\/\/iamerica.org\/fr\/wp-json\/wp\/v2\/posts\/790\/revisions"}],"wp:featuredmedia":[{"embeddable":true,"href":"https:\/\/iamerica.org\/fr\/wp-json\/wp\/v2\/media\/896"}],"wp:attachment":[{"href":"https:\/\/iamerica.org\/fr\/wp-json\/wp\/v2\/media?parent=790"}],"wp:term":[{"taxonomy":"category","embeddable":true,"href":"https:\/\/iamerica.org\/fr\/wp-json\/wp\/v2\/categories?post=790"},{"taxonomy":"post_tag","embeddable":true,"href":"https:\/\/iamerica.org\/fr\/wp-json\/wp\/v2\/tags?post=790"}],"curies":[{"name":"wp","href":"https:\/\/api.w.org\/{rel}","templated":true}]}}