{"id":804,"date":"2024-05-16T15:30:42","date_gmt":"2024-05-16T15:30:42","guid":{"rendered":"https:\/\/iamerica.wpenginepowered.com\/?p=804"},"modified":"2024-09-24T16:23:01","modified_gmt":"2024-09-24T20:23:01","slug":"mery-davis-home-care-worker-and-seiu-1199-member","status":"publish","type":"post","link":"https:\/\/iamerica.org\/fr\/mery-davis-home-care-worker-and-seiu-1199-member\/","title":{"rendered":"Mery Davis, travailleuse \u00e0 domicile et membre du SEIU 1199"},"content":{"rendered":"<div data-elementor-type=\"wp-post\" data-elementor-id=\"804\" class=\"elementor elementor-804\" data-elementor-post-type=\"post\">\n\t\t\t\t\t\t<section class=\"elementor-section elementor-top-section elementor-element elementor-element-92ac69d elementor-section-boxed elementor-section-height-default elementor-section-height-default\" data-id=\"92ac69d\" data-element_type=\"section\" data-e-type=\"section\">\n\t\t\t\t\t\t<div class=\"elementor-container elementor-column-gap-default\">\n\t\t\t\t\t<div class=\"elementor-column elementor-col-100 elementor-top-column elementor-element elementor-element-734eeeab\" data-id=\"734eeeab\" data-element_type=\"column\" data-e-type=\"column\">\n\t\t\t<div class=\"elementor-widget-wrap elementor-element-populated\">\n\t\t\t\t\t\t<div class=\"elementor-element elementor-element-6d13cdc3 elementor-widget elementor-widget-text-editor\" data-id=\"6d13cdc3\" data-element_type=\"widget\" data-e-type=\"widget\" data-widget_type=\"text-editor.default\">\n\t\t\t\t<div class=\"elementor-widget-container\">\n\t\t\t\t\t\t\t\t\t<p><\/p>\n<p>J'ai tr\u00e8s peu de photos de ma vie avant mon arriv\u00e9e en Am\u00e9rique. \u00c0 un moment donn\u00e9, j'avais une photo de mes s\u0153urs et de moi lorsqu'elles ont visit\u00e9 le Honduras apr\u00e8s la naissance de mon premier enfant. Mais lorsque j'ai commenc\u00e9 \u00e0 travailler aux \u00c9tats-Unis, quelqu'un m'a vol\u00e9 mon portefeuille o\u00f9 se trouvait la photo. Cette perte ne m'a pas emp\u00each\u00e9 de mener une vie agr\u00e9able ici.<\/p>\n<p><\/p>\n<p><\/p>\n<p>As a young girl growing up in Honduras, all my friends had boyfriends. Lots of men were in love with me, but I told them, \u201cLeave me alone. I\u2019m studying and playing basketball and playing in the band.\u201d Eventually, I married a man I liked, but didn\u2019t love.<\/p>\n<p><\/p>\n<p><\/p>\n<p>\u00c0 13 ans, j'ai r\u00eav\u00e9 que j'\u00e9pouserais un Africain : grand, beau, avec un nez fort, portant des v\u00eatements or, champagne et orange, avec un chapeau noir. Ce r\u00eave s'est finalement r\u00e9alis\u00e9, mais seulement 30 ans plus tard.<\/p>\n<p><\/p>\n<p><\/p>\n<p>Mon histoire am\u00e9ricaine commence vraiment avec mon p\u00e8re, qui a rempli les papiers pour nous tous. Bien qu'il ait \u00e9t\u00e9 mon beau-p\u00e8re, je l'appelais \"papa\" parce qu'il m'a \u00e9lev\u00e9e. Il a travaill\u00e9 dur pour nous ; personne ne pouvait lui dire que nous n'\u00e9tions pas ses \"vrais\" enfants. Je suis ce que je suis gr\u00e2ce \u00e0 lui, et j'ai promis de prendre son nom de famille, Davis. Ma m\u00e8re et mes jeunes s\u0153urs sont arriv\u00e9es les premi\u00e8res en Am\u00e9rique. Elles sont parties lorsque j'avais 18 ans, tandis que je suis rest\u00e9e au Honduras avec ma tante. Cinq ans plus tard, \u00e0 l'\u00e2ge de 24 ans, je les ai rejointes avec mon mari, Leonard. Ensemble, nous avons eu trois enfants.<\/p>\n<p><\/p>\n<p><\/p>\n<p>Dans notre famille, chaque premi\u00e8re fille porte le nom de <em>Elizabeth. <\/em>Je m'appelle Mery Elizabeth. Ma plus jeune fille s'appelle Elizabeth Sabrina. J'\u00e9tais enceinte d'elle lorsque je suis devenue citoyenne am\u00e9ricaine en 2001. Aujourd'hui, elle \u00e9tudie les sciences m\u00e9dico-l\u00e9gales \u00e0 l'universit\u00e9 d'Howard et souhaite devenir m\u00e9decin.&nbsp;<\/p>\n<p><\/p>\n<p><\/p>\n<p>Mon fils cadet, Robert Lee, vit en Floride et \u00e9tudie pour devenir ing\u00e9nieur automobile. Cela a toujours \u00e9t\u00e9 son r\u00eave. Je dis \u00e0 mes enfants : \"Il faut \u00eatre quelqu'un dans la vie\". Il r\u00e9alisera son r\u00eave. Son fils (mon petit-fils) est Robert III - et la troisi\u00e8me g\u00e9n\u00e9ration de Davis.<\/p>\n<p><\/p>\n<p><\/p>\n<p>Edward, mon a\u00een\u00e9, est n\u00e9 et a grandi au Honduras. Il vit \u00e0 Boston et moi \u00e0 Chelsea, dans le Massachusetts. J'ai d\u00fb me battre pour faire venir mon fils en Am\u00e9rique. Il a rejoint le Job Corp, qui forme les jeunes \u00e0 des programmes professionnels, et a obtenu un dipl\u00f4me en dossiers m\u00e9dicaux. Il travaille maintenant dans la construction, la peinture, la r\u00e9paration d'appartements et la m\u00e9canique.<\/p>\n<p><\/p>\n<p><\/p>\n<p>Mon ex-mari est retourn\u00e9 au Honduras et j'\u00e9tais heureuse en tant que m\u00e8re c\u00e9libataire. Mais mes enfants me disaient toujours : \"Tu as besoin d'un partenaire, parce que nous allons nous marier un jour, alors tu dois te trouver un petit ami\". C'est Robert qui m'a inscrite sur Facebook, o\u00f9 quelqu'un m'a envoy\u00e9 un message : \"J'ai vu ton profil et j'ai aim\u00e9 ton sourire\". Bien que ma m\u00e8re m'ait toujours dit de ne pas parler aux \u00e9trangers, j'ai nou\u00e9 des liens d'amiti\u00e9 avec un Nig\u00e9rian qui \u00e9tudiait alors en Malaisie. Nous avons fini par nous parler au t\u00e9l\u00e9phone.<\/p><p>Apr\u00e8s 5 ans d'apprentissage, nous nous sommes mari\u00e9s en 2019. J'ai port\u00e9 une robe or\/champagne car dans sa culture, le mari\u00e9 et la mari\u00e9e portent les m\u00eames couleurs. Lorsque j'ai enfil\u00e9 ma robe de mari\u00e9e, j'ai eu l'impression que mon r\u00eave \u00e9tait devenu r\u00e9alit\u00e9. Mon mari n'avait jamais \u00e9t\u00e9 mari\u00e9 auparavant. Le conseil de son p\u00e8re \u00e9tait de \"prendre soin de toi, de faire des \u00e9tudes, puis de trouver ta femme\". Sa m\u00e8re est morte alors qu'il n'\u00e9tait qu'un jeune gar\u00e7on, mais son p\u00e8re avait 114 ans avant de mourir ! Il \u00e9tait le roi de son village dans l'\u00c9tat du Delta, au Nigeria, et mon mari est donc le \"prince\" africain de mes r\u00eaves.<\/p><p>Cela fait quatre ans que nous nous sommes mari\u00e9s et il pourra bient\u00f4t se rendre aux \u00c9tats-Unis pour \u00eatre avec moi. En tant que citoyenne am\u00e9ricaine, je peux pr\u00e9senter une demande pour lui et il pourra finalement devenir citoyen am\u00e9ricain, comme moi. J'aurais pu retrouver mon mari plus t\u00f4t si le pr\u00e9sident n'avait pas \u00e9t\u00e9 au pouvoir lorsque nous nous sommes mari\u00e9s. Enfin, nous serons ensemble apr\u00e8s tant d'ann\u00e9es d'attente.&nbsp;<\/p><div><br><\/div>\n<p><\/p>\n<p><\/p>\n<figure class=\"wp-block-gallery-2 is-layout-flex wp-block-gallery-is-layout-flex\"><p><\/p>\n<figure><a href=\"https:\/\/iamerica.org\/wp-content\/uploads\/2024\/05\/Mery-Davis-daugher-howard.jpg\"><img decoding=\"async\" data-id=\"1617\" src=\"https:\/\/iamerica.org\/wp-content\/uploads\/2024\/05\/Mery-Davis-daugher-howard-1024x1024.jpg\" alt=\"\"><\/a><\/figure>\n<p><\/p>\n<p><\/p>\n<figure><a href=\"https:\/\/iamerica.org\/wp-content\/uploads\/2024\/05\/Mery-Davis-family-crop.jpg\"><img decoding=\"async\" data-id=\"1610\" src=\"https:\/\/iamerica.org\/wp-content\/uploads\/2024\/05\/Mery-Davis-family-crop.jpg\" alt=\"\"><\/a><\/figure>\n<p><\/p>\n<p><\/p>\n<figure><a href=\"https:\/\/iamerica.org\/wp-content\/uploads\/2024\/05\/Mery-Davis-IMG_1267.jpg\"><img decoding=\"async\" data-id=\"1606\" src=\"https:\/\/iamerica.org\/wp-content\/uploads\/2024\/05\/Mery-Davis-IMG_1267-1024x1024.jpg\" alt=\"\"><\/a><\/figure>\n<p><\/p>\n<p><\/p>\n<figure><a href=\"https:\/\/iamerica.org\/wp-content\/uploads\/2024\/05\/Mery-Davis-IMG_1268.jpg\"><img decoding=\"async\" data-id=\"1605\" src=\"https:\/\/iamerica.org\/wp-content\/uploads\/2024\/05\/Mery-Davis-IMG_1268.jpg\" alt=\"\"><\/a><\/figure>\n<p><\/p>\n<p><\/p>\n<figure><a href=\"https:\/\/iamerica.org\/wp-content\/uploads\/2024\/05\/Mery-Davis-IMG_1270.jpg\"><img decoding=\"async\" data-id=\"1611\" src=\"https:\/\/iamerica.org\/wp-content\/uploads\/2024\/05\/Mery-Davis-IMG_1270.jpg\" alt=\"\"><\/a><\/figure>\n<p><\/p>\n<p><\/p>\n<figure><a href=\"https:\/\/iamerica.org\/wp-content\/uploads\/2024\/05\/Mery-Davis-IMG_1272.jpg\"><img decoding=\"async\" data-id=\"1615\" src=\"https:\/\/iamerica.org\/wp-content\/uploads\/2024\/05\/Mery-Davis-IMG_1272-683x1024.jpg\" alt=\"\"><\/a><\/figure>\n<p><\/p>\n<p><\/p>\n<figure><a href=\"https:\/\/iamerica.org\/wp-content\/uploads\/2024\/05\/Mery-Davis-IMG_1273.jpg\"><img decoding=\"async\" data-id=\"1613\" src=\"https:\/\/iamerica.org\/wp-content\/uploads\/2024\/05\/Mery-Davis-IMG_1273-1024x683.jpg\" alt=\"\"><\/a><\/figure>\n<p><\/p>\n<p><\/p>\n<figure><a href=\"https:\/\/iamerica.org\/wp-content\/uploads\/2024\/05\/Mery-Davis-IMG_1274.jpg\"><img decoding=\"async\" data-id=\"1619\" src=\"https:\/\/iamerica.org\/wp-content\/uploads\/2024\/05\/Mery-Davis-IMG_1274.jpg\" alt=\"\"><\/a><\/figure>\n<p><\/p>\n<p><\/p>\n<figure><a href=\"https:\/\/iamerica.org\/wp-content\/uploads\/2024\/05\/Mery-Davis-IMG_1275.jpg\"><img decoding=\"async\" data-id=\"1612\" src=\"https:\/\/iamerica.org\/wp-content\/uploads\/2024\/05\/Mery-Davis-IMG_1275-1024x683.jpg\" alt=\"\"><\/a><\/figure>\n<p><\/p>\n<p><\/p>\n<figure><a href=\"https:\/\/iamerica.org\/wp-content\/uploads\/2024\/05\/Mery-Davis-IMG_1276.jpg\"><img decoding=\"async\" data-id=\"1604\" src=\"https:\/\/iamerica.org\/wp-content\/uploads\/2024\/05\/Mery-Davis-IMG_1276.jpg\" alt=\"\"><\/a><\/figure>\n<p><\/p>\n<p><\/p>\n<figure><a href=\"https:\/\/iamerica.org\/wp-content\/uploads\/2024\/05\/Mery-Davis-IMG_1277.jpg\"><img decoding=\"async\" data-id=\"1616\" src=\"https:\/\/iamerica.org\/wp-content\/uploads\/2024\/05\/Mery-Davis-IMG_1277-768x1024.jpg\" alt=\"\"><\/a><\/figure>\n<p><\/p>\n<p><\/p>\n<figure><a href=\"https:\/\/iamerica.org\/wp-content\/uploads\/2024\/05\/Mery-Davis-IMG_1278.jpg\"><img decoding=\"async\" data-id=\"1609\" src=\"https:\/\/iamerica.org\/wp-content\/uploads\/2024\/05\/Mery-Davis-IMG_1278.jpg\" alt=\"\"><\/a><\/figure>\n<p><\/p>\n<p><\/p>\n<figure><a href=\"https:\/\/iamerica.org\/wp-content\/uploads\/2024\/05\/Mery-Davis-IMG_1279.jpg\"><img decoding=\"async\" data-id=\"1608\" src=\"https:\/\/iamerica.org\/wp-content\/uploads\/2024\/05\/Mery-Davis-IMG_1279.jpg\" alt=\"\"><\/a><\/figure>\n<p><\/p>\n<p><\/p>\n<figure><a href=\"https:\/\/iamerica.org\/wp-content\/uploads\/2024\/05\/Mery-Davis-IMG_1280.jpg\"><img decoding=\"async\" data-id=\"1618\" src=\"https:\/\/iamerica.org\/wp-content\/uploads\/2024\/05\/Mery-Davis-IMG_1280-768x1024.jpg\" alt=\"\"><\/a><\/figure>\n<p><\/p>\n<p><\/p>\n<figure><a href=\"https:\/\/iamerica.org\/wp-content\/uploads\/2024\/05\/Mery-Davis-IMG_1281-first-time-seeing-husband.jpg\"><img decoding=\"async\" data-id=\"1603\" src=\"https:\/\/iamerica.org\/wp-content\/uploads\/2024\/05\/Mery-Davis-IMG_1281-first-time-seeing-husband.jpg\" alt=\"\"><\/a><\/figure>\n<p><\/p>\n<p><\/p>\n<figure><a href=\"https:\/\/iamerica.org\/wp-content\/uploads\/2024\/05\/Mery-Davis-IMG_1284.jpg\"><img decoding=\"async\" data-id=\"1623\" src=\"https:\/\/iamerica.org\/wp-content\/uploads\/2024\/05\/Mery-Davis-IMG_1284-768x1024.jpg\" alt=\"\"><\/a><\/figure>\n<p><\/p>\n<p><\/p>\n<figure><a href=\"https:\/\/iamerica.org\/wp-content\/uploads\/2024\/05\/Mery-Davis-IMG_1286.jpg\"><img decoding=\"async\" data-id=\"1622\" src=\"https:\/\/iamerica.org\/wp-content\/uploads\/2024\/05\/Mery-Davis-IMG_1286.jpg\" alt=\"\"><\/a><\/figure>\n<p><\/p>\n<p><\/p>\n<figure><a href=\"https:\/\/iamerica.org\/wp-content\/uploads\/2024\/05\/Mery-Davis-sonJPG.jpg\"><img decoding=\"async\" data-id=\"1620\" src=\"https:\/\/iamerica.org\/wp-content\/uploads\/2024\/05\/Mery-Davis-sonJPG.jpg\" alt=\"\"><\/a><\/figure>\n<p><\/p>\n<p><\/p>\n<figure><a href=\"https:\/\/iamerica.org\/wp-content\/uploads\/2024\/05\/Mery-Davis-w-client-IMG_1294.jpg\"><img decoding=\"async\" data-id=\"1624\" src=\"https:\/\/iamerica.org\/wp-content\/uploads\/2024\/05\/Mery-Davis-w-client-IMG_1294-768x1024.jpg\" alt=\"\"><\/a><\/figure>\n<p><\/p>\n<p><\/p>\n<figure><a href=\"https:\/\/iamerica.org\/wp-content\/uploads\/2024\/05\/Mery-Davis-wedding.jpg\"><img decoding=\"async\" data-id=\"1614\" src=\"https:\/\/iamerica.org\/wp-content\/uploads\/2024\/05\/Mery-Davis-wedding-683x1024.jpg\" alt=\"\"><\/a><\/figure>\n<p><\/p>\n<p><\/p>\n<figure><a href=\"https:\/\/iamerica.org\/wp-content\/uploads\/2024\/05\/Mery-Davis-youth-1.jpg\"><img decoding=\"async\" data-id=\"1607\" src=\"https:\/\/iamerica.org\/wp-content\/uploads\/2024\/05\/Mery-Davis-youth-1.jpg\" alt=\"\"><\/a><\/figure>\n<p><\/p>\n<p><\/p>\n<figure><a href=\"https:\/\/iamerica.org\/wp-content\/uploads\/2024\/05\/Mery-Davis-youth-2.jpg\"><img decoding=\"async\" data-id=\"1621\" src=\"https:\/\/iamerica.org\/wp-content\/uploads\/2024\/05\/Mery-Davis-youth-2-576x1024.jpg\" alt=\"\"><\/a><\/figure>\n<p><\/p><\/figure>\n<p><\/p>\t\t\t\t\t\t\t\t<\/div>\n\t\t\t\t<\/div>\n\t\t\t\t\t<\/div>\n\t\t<\/div>\n\t\t\t\t\t<\/div>\n\t\t<\/section>\n\t\t\t\t<\/div>","protected":false},"excerpt":{"rendered":"<p>J'ai tr\u00e8s peu de photos de ma vie avant mon arriv\u00e9e en Am\u00e9rique. \u00c0 un moment donn\u00e9, j'avais une photo de mes s\u0153urs et de moi lorsqu'elles ont visit\u00e9 le Honduras apr\u00e8s la naissance de mon premier enfant. Mais lorsque j'ai commenc\u00e9 \u00e0 travailler aux \u00c9tats-Unis, quelqu'un m'a vol\u00e9 mon portefeuille o\u00f9 se trouvait la photo. Cette perte ne m'a pas emp\u00each\u00e9 de mener une vie agr\u00e9able ici.<\/p>","protected":false},"author":2,"featured_media":897,"comment_status":"open","ping_status":"open","sticky":false,"template":"","format":"standard","meta":{"footnotes":"","_links_to":"","_links_to_target":""},"categories":[8,11],"tags":[16,15],"class_list":["post-804","post","type-post","status-publish","format-standard","has-post-thumbnail","hentry","category-featured","category-our-stories","tag-first-generation","tag-naturalized-citizen"],"yoast_head":"<!-- This site is optimized with the Yoast SEO plugin v27.3 - https:\/\/yoast.com\/product\/yoast-seo-wordpress\/ -->\n<title>Mery Davis, home care worker and SEIU 1199 member - iAmerica<\/title>\n<meta name=\"robots\" content=\"index, follow, max-snippet:-1, max-image-preview:large, max-video-preview:-1\" \/>\n<link rel=\"canonical\" href=\"https:\/\/iamerica.org\/fr\/mery-davis-home-care-worker-and-seiu-1199-member\/\" \/>\n<meta property=\"og:locale\" content=\"fr_FR\" \/>\n<meta property=\"og:type\" content=\"article\" \/>\n<meta property=\"og:title\" content=\"Mery Davis, home care worker and SEIU 1199 member - iAmerica\" \/>\n<meta property=\"og:description\" content=\"I have very few photos from my life before I arrived in America. At some point, I had a picture of my sisters and me when they visited Honduras after my first child was born. But when I started working in America, someone robbed me and took my pocketbook where I had the photo. That loss didn\u2019t keep me from having a good life here though.\" \/>\n<meta property=\"og:url\" content=\"https:\/\/iamerica.org\/fr\/mery-davis-home-care-worker-and-seiu-1199-member\/\" \/>\n<meta property=\"og:site_name\" content=\"iAmerica\" \/>\n<meta property=\"article:publisher\" content=\"https:\/\/www.facebook.com\/iAmericaorg\/\" \/>\n<meta property=\"article:published_time\" content=\"2024-05-16T15:30:42+00:00\" \/>\n<meta property=\"article:modified_time\" content=\"2024-09-24T20:23:01+00:00\" \/>\n<meta property=\"og:image\" content=\"https:\/\/iamerica.org\/wp-content\/uploads\/2024\/05\/IAmerica_Mery-1.png\" \/>\n\t<meta property=\"og:image:width\" content=\"710\" \/>\n\t<meta property=\"og:image:height\" content=\"396\" \/>\n\t<meta property=\"og:image:type\" content=\"image\/png\" \/>\n<meta name=\"author\" content=\"Emett Smith\" \/>\n<meta name=\"twitter:card\" content=\"summary_large_image\" \/>\n<meta name=\"twitter:creator\" content=\"@iamericaorg\" \/>\n<meta name=\"twitter:site\" content=\"@iamericaorg\" \/>\n<meta name=\"twitter:label1\" content=\"\u00c9crit par\" \/>\n\t<meta name=\"twitter:data1\" content=\"Emett Smith\" \/>\n\t<meta name=\"twitter:label2\" content=\"Dur\u00e9e de lecture estim\u00e9e\" \/>\n\t<meta name=\"twitter:data2\" content=\"8 minutes\" \/>\n<script type=\"application\/ld+json\" class=\"yoast-schema-graph\">{\"@context\":\"https:\\\/\\\/schema.org\",\"@graph\":[{\"@type\":\"Article\",\"@id\":\"https:\\\/\\\/iamerica.org\\\/mery-davis-home-care-worker-and-seiu-1199-member\\\/#article\",\"isPartOf\":{\"@id\":\"https:\\\/\\\/iamerica.org\\\/mery-davis-home-care-worker-and-seiu-1199-member\\\/\"},\"author\":{\"name\":\"Emett Smith\",\"@id\":\"https:\\\/\\\/iamerica.org\\\/ru\\\/#\\\/schema\\\/person\\\/996e55c405912a1b3cb29a4835fc895d\"},\"headline\":\"Mery Davis, home care worker and SEIU 1199 member\",\"datePublished\":\"2024-05-16T15:30:42+00:00\",\"dateModified\":\"2024-09-24T20:23:01+00:00\",\"mainEntityOfPage\":{\"@id\":\"https:\\\/\\\/iamerica.org\\\/mery-davis-home-care-worker-and-seiu-1199-member\\\/\"},\"wordCount\":712,\"commentCount\":0,\"publisher\":{\"@id\":\"https:\\\/\\\/iamerica.org\\\/ru\\\/#organization\"},\"image\":{\"@id\":\"https:\\\/\\\/iamerica.org\\\/mery-davis-home-care-worker-and-seiu-1199-member\\\/#primaryimage\"},\"thumbnailUrl\":\"https:\\\/\\\/iamerica.org\\\/wp-content\\\/uploads\\\/2024\\\/05\\\/IAmerica_Mery-1.png\",\"keywords\":[\"First generation\",\"Naturalized citizen\"],\"articleSection\":[\"Featured\",\"Our Stories\"],\"inLanguage\":\"fr-FR\",\"potentialAction\":[{\"@type\":\"CommentAction\",\"name\":\"Comment\",\"target\":[\"https:\\\/\\\/iamerica.org\\\/mery-davis-home-care-worker-and-seiu-1199-member\\\/#respond\"]}]},{\"@type\":\"WebPage\",\"@id\":\"https:\\\/\\\/iamerica.org\\\/mery-davis-home-care-worker-and-seiu-1199-member\\\/\",\"url\":\"https:\\\/\\\/iamerica.org\\\/mery-davis-home-care-worker-and-seiu-1199-member\\\/\",\"name\":\"Mery Davis, home care worker and SEIU 1199 member - iAmerica\",\"isPartOf\":{\"@id\":\"https:\\\/\\\/iamerica.org\\\/ru\\\/#website\"},\"primaryImageOfPage\":{\"@id\":\"https:\\\/\\\/iamerica.org\\\/mery-davis-home-care-worker-and-seiu-1199-member\\\/#primaryimage\"},\"image\":{\"@id\":\"https:\\\/\\\/iamerica.org\\\/mery-davis-home-care-worker-and-seiu-1199-member\\\/#primaryimage\"},\"thumbnailUrl\":\"https:\\\/\\\/iamerica.org\\\/wp-content\\\/uploads\\\/2024\\\/05\\\/IAmerica_Mery-1.png\",\"datePublished\":\"2024-05-16T15:30:42+00:00\",\"dateModified\":\"2024-09-24T20:23:01+00:00\",\"breadcrumb\":{\"@id\":\"https:\\\/\\\/iamerica.org\\\/mery-davis-home-care-worker-and-seiu-1199-member\\\/#breadcrumb\"},\"inLanguage\":\"fr-FR\",\"potentialAction\":[{\"@type\":\"ReadAction\",\"target\":[\"https:\\\/\\\/iamerica.org\\\/mery-davis-home-care-worker-and-seiu-1199-member\\\/\"]}]},{\"@type\":\"ImageObject\",\"inLanguage\":\"fr-FR\",\"@id\":\"https:\\\/\\\/iamerica.org\\\/mery-davis-home-care-worker-and-seiu-1199-member\\\/#primaryimage\",\"url\":\"https:\\\/\\\/iamerica.org\\\/wp-content\\\/uploads\\\/2024\\\/05\\\/IAmerica_Mery-1.png\",\"contentUrl\":\"https:\\\/\\\/iamerica.org\\\/wp-content\\\/uploads\\\/2024\\\/05\\\/IAmerica_Mery-1.png\",\"width\":710,\"height\":396,\"caption\":\"Mery, SEIU member\"},{\"@type\":\"BreadcrumbList\",\"@id\":\"https:\\\/\\\/iamerica.org\\\/mery-davis-home-care-worker-and-seiu-1199-member\\\/#breadcrumb\",\"itemListElement\":[{\"@type\":\"ListItem\",\"position\":1,\"name\":\"Home\",\"item\":\"https:\\\/\\\/iamerica.org\\\/\"},{\"@type\":\"ListItem\",\"position\":2,\"name\":\"Mery Davis, home care worker and SEIU 1199 member\"}]},{\"@type\":\"WebSite\",\"@id\":\"https:\\\/\\\/iamerica.org\\\/ru\\\/#website\",\"url\":\"https:\\\/\\\/iamerica.org\\\/ru\\\/\",\"name\":\"iAmerica\",\"description\":\"\",\"publisher\":{\"@id\":\"https:\\\/\\\/iamerica.org\\\/ru\\\/#organization\"},\"potentialAction\":[{\"@type\":\"SearchAction\",\"target\":{\"@type\":\"EntryPoint\",\"urlTemplate\":\"https:\\\/\\\/iamerica.org\\\/ru\\\/?s={search_term_string}\"},\"query-input\":{\"@type\":\"PropertyValueSpecification\",\"valueRequired\":true,\"valueName\":\"search_term_string\"}}],\"inLanguage\":\"fr-FR\"},{\"@type\":\"Organization\",\"@id\":\"https:\\\/\\\/iamerica.org\\\/ru\\\/#organization\",\"name\":\"iAmerica\",\"url\":\"https:\\\/\\\/iamerica.org\\\/ru\\\/\",\"logo\":{\"@type\":\"ImageObject\",\"inLanguage\":\"fr-FR\",\"@id\":\"https:\\\/\\\/iamerica.org\\\/ru\\\/#\\\/schema\\\/logo\\\/image\\\/\",\"url\":\"https:\\\/\\\/iamerica.org\\\/wp-content\\\/uploads\\\/2024\\\/05\\\/iAmerica_Logo_Navy.png\",\"contentUrl\":\"https:\\\/\\\/iamerica.org\\\/wp-content\\\/uploads\\\/2024\\\/05\\\/iAmerica_Logo_Navy.png\",\"width\":2309,\"height\":626,\"caption\":\"iAmerica\"},\"image\":{\"@id\":\"https:\\\/\\\/iamerica.org\\\/ru\\\/#\\\/schema\\\/logo\\\/image\\\/\"},\"sameAs\":[\"https:\\\/\\\/www.facebook.com\\\/iAmericaorg\\\/\",\"https:\\\/\\\/x.com\\\/iamericaorg\",\"https:\\\/\\\/www.instagram.com\\\/iamericaorg\"]},{\"@type\":\"Person\",\"@id\":\"https:\\\/\\\/iamerica.org\\\/ru\\\/#\\\/schema\\\/person\\\/996e55c405912a1b3cb29a4835fc895d\",\"name\":\"Emett Smith\",\"image\":{\"@type\":\"ImageObject\",\"inLanguage\":\"fr-FR\",\"@id\":\"https:\\\/\\\/secure.gravatar.com\\\/avatar\\\/57373ac1085666129067b856e684bf0075d54324de79ff8d332821c495c7471d?s=96&d=mm&r=g\",\"url\":\"https:\\\/\\\/secure.gravatar.com\\\/avatar\\\/57373ac1085666129067b856e684bf0075d54324de79ff8d332821c495c7471d?s=96&d=mm&r=g\",\"contentUrl\":\"https:\\\/\\\/secure.gravatar.com\\\/avatar\\\/57373ac1085666129067b856e684bf0075d54324de79ff8d332821c495c7471d?s=96&d=mm&r=g\",\"caption\":\"Emett Smith\"},\"url\":\"https:\\\/\\\/iamerica.org\\\/fr\\\/author\\\/emett617\\\/\"}]}<\/script>\n<!-- \/ Yoast SEO plugin. -->","yoast_head_json":{"title":"Mery Davis, travailleuse \u00e0 domicile et membre du SEIU 1199 - iAmerica","robots":{"index":"index","follow":"follow","max-snippet":"max-snippet:-1","max-image-preview":"max-image-preview:large","max-video-preview":"max-video-preview:-1"},"canonical":"https:\/\/iamerica.org\/fr\/mery-davis-home-care-worker-and-seiu-1199-member\/","og_locale":"fr_FR","og_type":"article","og_title":"Mery Davis, home care worker and SEIU 1199 member - iAmerica","og_description":"I have very few photos from my life before I arrived in America. At some point, I had a picture of my sisters and me when they visited Honduras after my first child was born. But when I started working in America, someone robbed me and took my pocketbook where I had the photo. That loss didn\u2019t keep me from having a good life here though.","og_url":"https:\/\/iamerica.org\/fr\/mery-davis-home-care-worker-and-seiu-1199-member\/","og_site_name":"iAmerica","article_publisher":"https:\/\/www.facebook.com\/iAmericaorg\/","article_published_time":"2024-05-16T15:30:42+00:00","article_modified_time":"2024-09-24T20:23:01+00:00","og_image":[{"width":710,"height":396,"url":"https:\/\/iamerica.org\/wp-content\/uploads\/2024\/05\/IAmerica_Mery-1.png","type":"image\/png"}],"author":"Emett Smith","twitter_card":"summary_large_image","twitter_creator":"@iamericaorg","twitter_site":"@iamericaorg","twitter_misc":{"\u00c9crit par":"Emett Smith","Dur\u00e9e de lecture estim\u00e9e":"8 minutes"},"schema":{"@context":"https:\/\/schema.org","@graph":[{"@type":"Article","@id":"https:\/\/iamerica.org\/mery-davis-home-care-worker-and-seiu-1199-member\/#article","isPartOf":{"@id":"https:\/\/iamerica.org\/mery-davis-home-care-worker-and-seiu-1199-member\/"},"author":{"name":"Emett Smith","@id":"https:\/\/iamerica.org\/ru\/#\/schema\/person\/996e55c405912a1b3cb29a4835fc895d"},"headline":"Mery Davis, home care worker and SEIU 1199 member","datePublished":"2024-05-16T15:30:42+00:00","dateModified":"2024-09-24T20:23:01+00:00","mainEntityOfPage":{"@id":"https:\/\/iamerica.org\/mery-davis-home-care-worker-and-seiu-1199-member\/"},"wordCount":712,"commentCount":0,"publisher":{"@id":"https:\/\/iamerica.org\/ru\/#organization"},"image":{"@id":"https:\/\/iamerica.org\/mery-davis-home-care-worker-and-seiu-1199-member\/#primaryimage"},"thumbnailUrl":"https:\/\/iamerica.org\/wp-content\/uploads\/2024\/05\/IAmerica_Mery-1.png","keywords":["First generation","Naturalized citizen"],"articleSection":["Featured","Our Stories"],"inLanguage":"fr-FR","potentialAction":[{"@type":"CommentAction","name":"Comment","target":["https:\/\/iamerica.org\/mery-davis-home-care-worker-and-seiu-1199-member\/#respond"]}]},{"@type":"WebPage","@id":"https:\/\/iamerica.org\/mery-davis-home-care-worker-and-seiu-1199-member\/","url":"https:\/\/iamerica.org\/mery-davis-home-care-worker-and-seiu-1199-member\/","name":"Mery Davis, travailleuse \u00e0 domicile et membre du SEIU 1199 - iAmerica","isPartOf":{"@id":"https:\/\/iamerica.org\/ru\/#website"},"primaryImageOfPage":{"@id":"https:\/\/iamerica.org\/mery-davis-home-care-worker-and-seiu-1199-member\/#primaryimage"},"image":{"@id":"https:\/\/iamerica.org\/mery-davis-home-care-worker-and-seiu-1199-member\/#primaryimage"},"thumbnailUrl":"https:\/\/iamerica.org\/wp-content\/uploads\/2024\/05\/IAmerica_Mery-1.png","datePublished":"2024-05-16T15:30:42+00:00","dateModified":"2024-09-24T20:23:01+00:00","breadcrumb":{"@id":"https:\/\/iamerica.org\/mery-davis-home-care-worker-and-seiu-1199-member\/#breadcrumb"},"inLanguage":"fr-FR","potentialAction":[{"@type":"ReadAction","target":["https:\/\/iamerica.org\/mery-davis-home-care-worker-and-seiu-1199-member\/"]}]},{"@type":"ImageObject","inLanguage":"fr-FR","@id":"https:\/\/iamerica.org\/mery-davis-home-care-worker-and-seiu-1199-member\/#primaryimage","url":"https:\/\/iamerica.org\/wp-content\/uploads\/2024\/05\/IAmerica_Mery-1.png","contentUrl":"https:\/\/iamerica.org\/wp-content\/uploads\/2024\/05\/IAmerica_Mery-1.png","width":710,"height":396,"caption":"Mery, SEIU member"},{"@type":"BreadcrumbList","@id":"https:\/\/iamerica.org\/mery-davis-home-care-worker-and-seiu-1199-member\/#breadcrumb","itemListElement":[{"@type":"ListItem","position":1,"name":"Home","item":"https:\/\/iamerica.org\/"},{"@type":"ListItem","position":2,"name":"Mery Davis, home care worker and SEIU 1199 member"}]},{"@type":"WebSite","@id":"https:\/\/iamerica.org\/ru\/#website","url":"https:\/\/iamerica.org\/ru\/","name":"iAm\u00e9rique","description":"","publisher":{"@id":"https:\/\/iamerica.org\/ru\/#organization"},"potentialAction":[{"@type":"SearchAction","target":{"@type":"EntryPoint","urlTemplate":"https:\/\/iamerica.org\/ru\/?s={search_term_string}"},"query-input":{"@type":"PropertyValueSpecification","valueRequired":true,"valueName":"search_term_string"}}],"inLanguage":"fr-FR"},{"@type":"Organization","@id":"https:\/\/iamerica.org\/ru\/#organization","name":"iAm\u00e9rique","url":"https:\/\/iamerica.org\/ru\/","logo":{"@type":"ImageObject","inLanguage":"fr-FR","@id":"https:\/\/iamerica.org\/ru\/#\/schema\/logo\/image\/","url":"https:\/\/iamerica.org\/wp-content\/uploads\/2024\/05\/iAmerica_Logo_Navy.png","contentUrl":"https:\/\/iamerica.org\/wp-content\/uploads\/2024\/05\/iAmerica_Logo_Navy.png","width":2309,"height":626,"caption":"iAmerica"},"image":{"@id":"https:\/\/iamerica.org\/ru\/#\/schema\/logo\/image\/"},"sameAs":["https:\/\/www.facebook.com\/iAmericaorg\/","https:\/\/x.com\/iamericaorg","https:\/\/www.instagram.com\/iamericaorg"]},{"@type":"Person","@id":"https:\/\/iamerica.org\/ru\/#\/schema\/person\/996e55c405912a1b3cb29a4835fc895d","name":"Emett Smith","image":{"@type":"ImageObject","inLanguage":"fr-FR","@id":"https:\/\/secure.gravatar.com\/avatar\/57373ac1085666129067b856e684bf0075d54324de79ff8d332821c495c7471d?s=96&d=mm&r=g","url":"https:\/\/secure.gravatar.com\/avatar\/57373ac1085666129067b856e684bf0075d54324de79ff8d332821c495c7471d?s=96&d=mm&r=g","contentUrl":"https:\/\/secure.gravatar.com\/avatar\/57373ac1085666129067b856e684bf0075d54324de79ff8d332821c495c7471d?s=96&d=mm&r=g","caption":"Emett Smith"},"url":"https:\/\/iamerica.org\/fr\/author\/emett617\/"}]}},"_links":{"self":[{"href":"https:\/\/iamerica.org\/fr\/wp-json\/wp\/v2\/posts\/804","targetHints":{"allow":["GET"]}}],"collection":[{"href":"https:\/\/iamerica.org\/fr\/wp-json\/wp\/v2\/posts"}],"about":[{"href":"https:\/\/iamerica.org\/fr\/wp-json\/wp\/v2\/types\/post"}],"author":[{"embeddable":true,"href":"https:\/\/iamerica.org\/fr\/wp-json\/wp\/v2\/users\/2"}],"replies":[{"embeddable":true,"href":"https:\/\/iamerica.org\/fr\/wp-json\/wp\/v2\/comments?post=804"}],"version-history":[{"count":0,"href":"https:\/\/iamerica.org\/fr\/wp-json\/wp\/v2\/posts\/804\/revisions"}],"wp:featuredmedia":[{"embeddable":true,"href":"https:\/\/iamerica.org\/fr\/wp-json\/wp\/v2\/media\/897"}],"wp:attachment":[{"href":"https:\/\/iamerica.org\/fr\/wp-json\/wp\/v2\/media?parent=804"}],"wp:term":[{"taxonomy":"category","embeddable":true,"href":"https:\/\/iamerica.org\/fr\/wp-json\/wp\/v2\/categories?post=804"},{"taxonomy":"post_tag","embeddable":true,"href":"https:\/\/iamerica.org\/fr\/wp-json\/wp\/v2\/tags?post=804"}],"curies":[{"name":"wp","href":"https:\/\/api.w.org\/{rel}","templated":true}]}}