{"id":807,"date":"2024-05-16T15:32:41","date_gmt":"2024-05-16T15:32:41","guid":{"rendered":"https:\/\/iamerica.wpenginepowered.com\/?p=807"},"modified":"2024-07-17T12:36:01","modified_gmt":"2024-07-17T16:36:01","slug":"teresa-deleon-immigrant-from-the-philippines-and-member-of-seiu-1199nw","status":"publish","type":"post","link":"https:\/\/iamerica.org\/fr\/teresa-deleon-immigrant-from-the-philippines-and-member-of-seiu-1199nw\/","title":{"rendered":"Teresa DeLeon, immigr\u00e9e des Philippines et membre de l'UIES 1199NW"},"content":{"rendered":"<p>Lorsque mon p\u00e8re est arriv\u00e9 aux \u00c9tats-Unis, il dormait sur le canap\u00e9 de son cousin dans un appartement d'une chambre. La nuit, il se r\u00e9fugiait dans la salle de bains pour pleurer parce que sa famille lui manquait. Plus tard, ma m\u00e8re et mes jeunes s\u0153urs l'ont rejoint, mais lorsque j'\u00e9tais enfant, je suis rest\u00e9e avec ma m\u00e8re et mon fr\u00e8re. <em>Lola<\/em> (grand-m\u00e8re) aux Philippines.<\/p>\n\n\n\n<p>La tristesse et la nostalgie sont des sentiments qui me sont familiers. Enfant, je n'ai pas connu mon p\u00e8re. Apr\u00e8s avoir retrouv\u00e9 ma famille aux \u00c9tats-Unis \u00e0 l'\u00e2ge de 13 ans, je l'ai rarement vu parce qu'il travaillait comme m\u00e9canicien 12 heures par jour, 7 jours par semaine. Je ne peux compter que quelques fois o\u00f9 il est rest\u00e9 malade \u00e0 la maison. Quoi qu'il en soit, il a toujours travaill\u00e9, \u00e9conomisant chaque centime pour subvenir aux besoins de sa famille, ne s'autorisant jamais de choses frivoles. L'argent que mon p\u00e8re gagnait n'\u00e9tait pas seulement destin\u00e9 \u00e0 notre famille proche, mais il aidait \u00e9galement nos parents aux Philippines, ainsi que les amis et les parents qui venaient d'immigrer aux \u00c9tats-Unis.<\/p>\n\n\n\n<p>L'Am\u00e9rique est l'incarnation des r\u00eaves. Gr\u00e2ce aux sacrifices de mon p\u00e8re, j'ai une vie merveilleuse. J'ai ma propre maison et un bon travail en tant que greffi\u00e8re \u00e0 l'h\u00f4pital, o\u00f9 j'enregistre les personnes qui viennent pour des urgences. Lorsque des patients immigr\u00e9s arrivent \u00e0 l'admission, je reconnais en eux cette force int\u00e9rieure et cette r\u00e9silience que l'on apprend en tant qu'\u00e9tranger devant s'adapter \u00e0 ce pays.<\/p>\n\n\n\n<p>Je remarque que ces patients sont naturellement attir\u00e9s par mon bureau plut\u00f4t que par celui de mes coll\u00e8gues. M\u00eame si je ne parle pas leur langue, ils entendent mon accent et sentent peut-\u00eatre que je comprendrai mieux leurs besoins. Ils se sentent r\u00e9confort\u00e9s par le sentiment d'une exp\u00e9rience partag\u00e9e.<\/p>\n\n\n\n<p>J'essaie d'\u00eatre accueillant et de traiter les immigrants avec compassion. Comme ma famille, ils devraient avoir la possibilit\u00e9 de r\u00e9aliser leurs r\u00eaves am\u00e9ricains. Lorsque j'entends parler d'enfants qui vont \u00e0 l'\u00e9cole et s'inqui\u00e8tent de savoir s'ils trouveront leurs parents lorsqu'ils rentreront \u00e0 la maison, cela me rappelle mes propres exp\u00e9riences de s\u00e9paration et de nostalgie. Notre syst\u00e8me d'immigration ne devrait pas \u00eatre ainsi.<\/p>\n\n\n\n<p>I am a proud immigrant woman. The contributions I make to America and opportunities I\u2019ve received\u00a0 pave the way for my daughter and future generations.<\/p>\n\n\n\n<figure class=\"wp-block-gallery has-nested-images columns-3 is-cropped wp-block-gallery-1 is-layout-flex wp-block-gallery-is-layout-flex\">\n<figure class=\"wp-block-image size-large\"><a href=\"https:\/\/iamerica.org\/wp-content\/uploads\/2024\/05\/IMG_7625-scaled.jpg\"><img fetchpriority=\"high\" decoding=\"async\" width=\"768\" height=\"1024\" data-id=\"811\" src=\"https:\/\/iamerica.org\/wp-content\/uploads\/2024\/05\/IMG_7625-768x1024.jpg\" alt=\"Teresa DeLeon, immigrant from the Philippines and member of SEIU 1199NW, family photo\" class=\"wp-image-811\" srcset=\"https:\/\/iamerica.org\/wp-content\/uploads\/2024\/05\/IMG_7625-768x1024.jpg 768w, https:\/\/iamerica.org\/wp-content\/uploads\/2024\/05\/IMG_7625-225x300.jpg 225w, https:\/\/iamerica.org\/wp-content\/uploads\/2024\/05\/IMG_7625-1152x1536.jpg 1152w, https:\/\/iamerica.org\/wp-content\/uploads\/2024\/05\/IMG_7625-1536x2048.jpg 1536w, https:\/\/iamerica.org\/wp-content\/uploads\/2024\/05\/IMG_7625-scaled.jpg 1920w\" sizes=\"(max-width: 768px) 100vw, 768px\" \/><\/a><\/figure>\n\n\n\n<figure class=\"wp-block-image size-large\"><a href=\"https:\/\/iamerica.org\/wp-content\/uploads\/2024\/05\/IMG_7624-scaled-e1717006285711.jpg\"><img decoding=\"async\" width=\"1024\" height=\"768\" data-id=\"810\" src=\"https:\/\/iamerica.org\/wp-content\/uploads\/2024\/05\/IMG_7624-scaled-e1717006285711-1024x768.jpg\" alt=\"Teresa DeLeon, immigrant from the Philippines and member of SEIU 1199NW, family photo\" class=\"wp-image-810\" srcset=\"https:\/\/iamerica.org\/wp-content\/uploads\/2024\/05\/IMG_7624-scaled-e1717006285711-1024x768.jpg 1024w, https:\/\/iamerica.org\/wp-content\/uploads\/2024\/05\/IMG_7624-scaled-e1717006285711-300x225.jpg 300w, https:\/\/iamerica.org\/wp-content\/uploads\/2024\/05\/IMG_7624-scaled-e1717006285711-768x576.jpg 768w, https:\/\/iamerica.org\/wp-content\/uploads\/2024\/05\/IMG_7624-scaled-e1717006285711-1536x1152.jpg 1536w, https:\/\/iamerica.org\/wp-content\/uploads\/2024\/05\/IMG_7624-scaled-e1717006285711-2048x1536.jpg 2048w\" sizes=\"(max-width: 1024px) 100vw, 1024px\" \/><\/a><\/figure>\n\n\n\n<figure class=\"wp-block-image size-large\"><a href=\"https:\/\/iamerica.org\/wp-content\/uploads\/2024\/05\/IMG_7622-scaled.jpg\"><img decoding=\"async\" width=\"768\" height=\"1024\" data-id=\"808\" src=\"https:\/\/iamerica.org\/wp-content\/uploads\/2024\/05\/IMG_7622-768x1024.jpg\" alt=\"Teresa DeLeon, immigrant from the Philippines and member of SEIU 1199NW\" class=\"wp-image-808\" srcset=\"https:\/\/iamerica.org\/wp-content\/uploads\/2024\/05\/IMG_7622-768x1024.jpg 768w, https:\/\/iamerica.org\/wp-content\/uploads\/2024\/05\/IMG_7622-225x300.jpg 225w, https:\/\/iamerica.org\/wp-content\/uploads\/2024\/05\/IMG_7622-1152x1536.jpg 1152w, https:\/\/iamerica.org\/wp-content\/uploads\/2024\/05\/IMG_7622-1536x2048.jpg 1536w, https:\/\/iamerica.org\/wp-content\/uploads\/2024\/05\/IMG_7622-scaled.jpg 1920w\" sizes=\"(max-width: 768px) 100vw, 768px\" \/><\/a><\/figure>\n\n\n\n<figure class=\"wp-block-image size-large\"><a href=\"https:\/\/iamerica.org\/wp-content\/uploads\/2024\/05\/IMG_7623-scaled-e1717006296688.jpg\"><img loading=\"lazy\" decoding=\"async\" width=\"1024\" height=\"768\" data-id=\"809\" src=\"https:\/\/iamerica.org\/wp-content\/uploads\/2024\/05\/IMG_7623-scaled-e1717006296688-1024x768.jpg\" alt=\"Teresa DeLeon, immigrant from the Philippines and member of SEIU 1199NW\" class=\"wp-image-809\" srcset=\"https:\/\/iamerica.org\/wp-content\/uploads\/2024\/05\/IMG_7623-scaled-e1717006296688-1024x768.jpg 1024w, https:\/\/iamerica.org\/wp-content\/uploads\/2024\/05\/IMG_7623-scaled-e1717006296688-300x225.jpg 300w, https:\/\/iamerica.org\/wp-content\/uploads\/2024\/05\/IMG_7623-scaled-e1717006296688-768x576.jpg 768w, https:\/\/iamerica.org\/wp-content\/uploads\/2024\/05\/IMG_7623-scaled-e1717006296688-1536x1152.jpg 1536w, https:\/\/iamerica.org\/wp-content\/uploads\/2024\/05\/IMG_7623-scaled-e1717006296688-2048x1536.jpg 2048w\" sizes=\"(max-width: 1024px) 100vw, 1024px\" \/><\/a><\/figure>\n<\/figure>","protected":false},"excerpt":{"rendered":"<p>When my father first arrived in the U.S., he slept on his cousin\u2019s couch in a one-bedroom apartment. At night, he would sneak into the bathroom to cry because he missed his family. Later, my mother and younger sisters joined him, but as a toddler, I was left with my Lola (grandmother) in the Philippines. [&hellip;]<\/p>\n","protected":false},"author":2,"featured_media":898,"comment_status":"open","ping_status":"open","sticky":false,"template":"","format":"standard","meta":{"footnotes":"","_links_to":"","_links_to_target":""},"categories":[11],"tags":[16,15],"class_list":["post-807","post","type-post","status-publish","format-standard","has-post-thumbnail","hentry","category-our-stories","tag-first-generation","tag-naturalized-citizen"],"yoast_head":"<!-- This site is optimized with the Yoast SEO plugin v27.3 - https:\/\/yoast.com\/product\/yoast-seo-wordpress\/ -->\n<title>Teresa DeLeon, immigrant from the Philippines and member of SEIU 1199NW - iAmerica<\/title>\n<meta name=\"robots\" content=\"index, follow, max-snippet:-1, max-image-preview:large, max-video-preview:-1\" \/>\n<link rel=\"canonical\" href=\"https:\/\/iamerica.org\/fr\/teresa-deleon-immigrant-from-the-philippines-and-member-of-seiu-1199nw\/\" \/>\n<meta property=\"og:locale\" content=\"fr_FR\" \/>\n<meta property=\"og:type\" content=\"article\" \/>\n<meta property=\"og:title\" content=\"Teresa DeLeon, immigrant from the Philippines and member of SEIU 1199NW - iAmerica\" \/>\n<meta property=\"og:description\" content=\"When my father first arrived in the U.S., he slept on his cousin\u2019s couch in a one-bedroom apartment. At night, he would sneak into the bathroom to cry because he missed his family. Later, my mother and younger sisters joined him, but as a toddler, I was left with my Lola (grandmother) in the Philippines. [&hellip;]\" \/>\n<meta property=\"og:url\" content=\"https:\/\/iamerica.org\/fr\/teresa-deleon-immigrant-from-the-philippines-and-member-of-seiu-1199nw\/\" \/>\n<meta property=\"og:site_name\" content=\"iAmerica\" \/>\n<meta property=\"article:publisher\" content=\"https:\/\/www.facebook.com\/iAmericaorg\/\" \/>\n<meta property=\"article:published_time\" content=\"2024-05-16T15:32:41+00:00\" \/>\n<meta property=\"article:modified_time\" content=\"2024-07-17T16:36:01+00:00\" \/>\n<meta property=\"og:image\" content=\"https:\/\/iamerica.org\/wp-content\/uploads\/2024\/05\/IAmerica_Teresa-1.png\" \/>\n\t<meta property=\"og:image:width\" content=\"710\" \/>\n\t<meta property=\"og:image:height\" content=\"396\" \/>\n\t<meta property=\"og:image:type\" content=\"image\/png\" \/>\n<meta name=\"author\" content=\"Emett Smith\" \/>\n<meta name=\"twitter:card\" content=\"summary_large_image\" \/>\n<meta name=\"twitter:creator\" content=\"@iamericaorg\" \/>\n<meta name=\"twitter:site\" content=\"@iamericaorg\" \/>\n<meta name=\"twitter:label1\" content=\"\u00c9crit par\" \/>\n\t<meta name=\"twitter:data1\" content=\"Emett Smith\" \/>\n\t<meta name=\"twitter:label2\" content=\"Dur\u00e9e de lecture estim\u00e9e\" \/>\n\t<meta name=\"twitter:data2\" content=\"3 minutes\" \/>\n<script type=\"application\/ld+json\" class=\"yoast-schema-graph\">{\"@context\":\"https:\\\/\\\/schema.org\",\"@graph\":[{\"@type\":\"Article\",\"@id\":\"https:\\\/\\\/iamerica.org\\\/teresa-deleon-immigrant-from-the-philippines-and-member-of-seiu-1199nw\\\/#article\",\"isPartOf\":{\"@id\":\"https:\\\/\\\/iamerica.org\\\/teresa-deleon-immigrant-from-the-philippines-and-member-of-seiu-1199nw\\\/\"},\"author\":{\"name\":\"Emett Smith\",\"@id\":\"https:\\\/\\\/iamerica.org\\\/ru\\\/#\\\/schema\\\/person\\\/996e55c405912a1b3cb29a4835fc895d\"},\"headline\":\"Teresa DeLeon, immigrant from the Philippines and member of SEIU 1199NW\",\"datePublished\":\"2024-05-16T15:32:41+00:00\",\"dateModified\":\"2024-07-17T16:36:01+00:00\",\"mainEntityOfPage\":{\"@id\":\"https:\\\/\\\/iamerica.org\\\/teresa-deleon-immigrant-from-the-philippines-and-member-of-seiu-1199nw\\\/\"},\"wordCount\":382,\"commentCount\":0,\"publisher\":{\"@id\":\"https:\\\/\\\/iamerica.org\\\/ru\\\/#organization\"},\"image\":{\"@id\":\"https:\\\/\\\/iamerica.org\\\/teresa-deleon-immigrant-from-the-philippines-and-member-of-seiu-1199nw\\\/#primaryimage\"},\"thumbnailUrl\":\"https:\\\/\\\/iamerica.org\\\/wp-content\\\/uploads\\\/2024\\\/05\\\/IAmerica_Teresa-1.png\",\"keywords\":[\"First generation\",\"Naturalized citizen\"],\"articleSection\":[\"Our Stories\"],\"inLanguage\":\"fr-FR\",\"potentialAction\":[{\"@type\":\"CommentAction\",\"name\":\"Comment\",\"target\":[\"https:\\\/\\\/iamerica.org\\\/teresa-deleon-immigrant-from-the-philippines-and-member-of-seiu-1199nw\\\/#respond\"]}]},{\"@type\":\"WebPage\",\"@id\":\"https:\\\/\\\/iamerica.org\\\/teresa-deleon-immigrant-from-the-philippines-and-member-of-seiu-1199nw\\\/\",\"url\":\"https:\\\/\\\/iamerica.org\\\/teresa-deleon-immigrant-from-the-philippines-and-member-of-seiu-1199nw\\\/\",\"name\":\"Teresa DeLeon, immigrant from the Philippines and member of SEIU 1199NW - iAmerica\",\"isPartOf\":{\"@id\":\"https:\\\/\\\/iamerica.org\\\/ru\\\/#website\"},\"primaryImageOfPage\":{\"@id\":\"https:\\\/\\\/iamerica.org\\\/teresa-deleon-immigrant-from-the-philippines-and-member-of-seiu-1199nw\\\/#primaryimage\"},\"image\":{\"@id\":\"https:\\\/\\\/iamerica.org\\\/teresa-deleon-immigrant-from-the-philippines-and-member-of-seiu-1199nw\\\/#primaryimage\"},\"thumbnailUrl\":\"https:\\\/\\\/iamerica.org\\\/wp-content\\\/uploads\\\/2024\\\/05\\\/IAmerica_Teresa-1.png\",\"datePublished\":\"2024-05-16T15:32:41+00:00\",\"dateModified\":\"2024-07-17T16:36:01+00:00\",\"breadcrumb\":{\"@id\":\"https:\\\/\\\/iamerica.org\\\/teresa-deleon-immigrant-from-the-philippines-and-member-of-seiu-1199nw\\\/#breadcrumb\"},\"inLanguage\":\"fr-FR\",\"potentialAction\":[{\"@type\":\"ReadAction\",\"target\":[\"https:\\\/\\\/iamerica.org\\\/teresa-deleon-immigrant-from-the-philippines-and-member-of-seiu-1199nw\\\/\"]}]},{\"@type\":\"ImageObject\",\"inLanguage\":\"fr-FR\",\"@id\":\"https:\\\/\\\/iamerica.org\\\/teresa-deleon-immigrant-from-the-philippines-and-member-of-seiu-1199nw\\\/#primaryimage\",\"url\":\"https:\\\/\\\/iamerica.org\\\/wp-content\\\/uploads\\\/2024\\\/05\\\/IAmerica_Teresa-1.png\",\"contentUrl\":\"https:\\\/\\\/iamerica.org\\\/wp-content\\\/uploads\\\/2024\\\/05\\\/IAmerica_Teresa-1.png\",\"width\":710,\"height\":396,\"caption\":\"Teresa, SEIU Member\"},{\"@type\":\"BreadcrumbList\",\"@id\":\"https:\\\/\\\/iamerica.org\\\/teresa-deleon-immigrant-from-the-philippines-and-member-of-seiu-1199nw\\\/#breadcrumb\",\"itemListElement\":[{\"@type\":\"ListItem\",\"position\":1,\"name\":\"Home\",\"item\":\"https:\\\/\\\/iamerica.org\\\/\"},{\"@type\":\"ListItem\",\"position\":2,\"name\":\"Teresa DeLeon, immigrant from the Philippines and member of SEIU 1199NW\"}]},{\"@type\":\"WebSite\",\"@id\":\"https:\\\/\\\/iamerica.org\\\/ru\\\/#website\",\"url\":\"https:\\\/\\\/iamerica.org\\\/ru\\\/\",\"name\":\"iAmerica\",\"description\":\"\",\"publisher\":{\"@id\":\"https:\\\/\\\/iamerica.org\\\/ru\\\/#organization\"},\"potentialAction\":[{\"@type\":\"SearchAction\",\"target\":{\"@type\":\"EntryPoint\",\"urlTemplate\":\"https:\\\/\\\/iamerica.org\\\/ru\\\/?s={search_term_string}\"},\"query-input\":{\"@type\":\"PropertyValueSpecification\",\"valueRequired\":true,\"valueName\":\"search_term_string\"}}],\"inLanguage\":\"fr-FR\"},{\"@type\":\"Organization\",\"@id\":\"https:\\\/\\\/iamerica.org\\\/ru\\\/#organization\",\"name\":\"iAmerica\",\"url\":\"https:\\\/\\\/iamerica.org\\\/ru\\\/\",\"logo\":{\"@type\":\"ImageObject\",\"inLanguage\":\"fr-FR\",\"@id\":\"https:\\\/\\\/iamerica.org\\\/ru\\\/#\\\/schema\\\/logo\\\/image\\\/\",\"url\":\"https:\\\/\\\/iamerica.org\\\/wp-content\\\/uploads\\\/2024\\\/05\\\/iAmerica_Logo_Navy.png\",\"contentUrl\":\"https:\\\/\\\/iamerica.org\\\/wp-content\\\/uploads\\\/2024\\\/05\\\/iAmerica_Logo_Navy.png\",\"width\":2309,\"height\":626,\"caption\":\"iAmerica\"},\"image\":{\"@id\":\"https:\\\/\\\/iamerica.org\\\/ru\\\/#\\\/schema\\\/logo\\\/image\\\/\"},\"sameAs\":[\"https:\\\/\\\/www.facebook.com\\\/iAmericaorg\\\/\",\"https:\\\/\\\/x.com\\\/iamericaorg\",\"https:\\\/\\\/www.instagram.com\\\/iamericaorg\"]},{\"@type\":\"Person\",\"@id\":\"https:\\\/\\\/iamerica.org\\\/ru\\\/#\\\/schema\\\/person\\\/996e55c405912a1b3cb29a4835fc895d\",\"name\":\"Emett Smith\",\"image\":{\"@type\":\"ImageObject\",\"inLanguage\":\"fr-FR\",\"@id\":\"https:\\\/\\\/secure.gravatar.com\\\/avatar\\\/57373ac1085666129067b856e684bf0075d54324de79ff8d332821c495c7471d?s=96&d=mm&r=g\",\"url\":\"https:\\\/\\\/secure.gravatar.com\\\/avatar\\\/57373ac1085666129067b856e684bf0075d54324de79ff8d332821c495c7471d?s=96&d=mm&r=g\",\"contentUrl\":\"https:\\\/\\\/secure.gravatar.com\\\/avatar\\\/57373ac1085666129067b856e684bf0075d54324de79ff8d332821c495c7471d?s=96&d=mm&r=g\",\"caption\":\"Emett Smith\"},\"url\":\"https:\\\/\\\/iamerica.org\\\/fr\\\/author\\\/emett617\\\/\"}]}<\/script>\n<!-- \/ Yoast SEO plugin. -->","yoast_head_json":{"title":"Teresa DeLeon, immigr\u00e9e des Philippines et membre de l'UIES 1199NW - iAmerica","robots":{"index":"index","follow":"follow","max-snippet":"max-snippet:-1","max-image-preview":"max-image-preview:large","max-video-preview":"max-video-preview:-1"},"canonical":"https:\/\/iamerica.org\/fr\/teresa-deleon-immigrant-from-the-philippines-and-member-of-seiu-1199nw\/","og_locale":"fr_FR","og_type":"article","og_title":"Teresa DeLeon, immigrant from the Philippines and member of SEIU 1199NW - iAmerica","og_description":"When my father first arrived in the U.S., he slept on his cousin\u2019s couch in a one-bedroom apartment. At night, he would sneak into the bathroom to cry because he missed his family. Later, my mother and younger sisters joined him, but as a toddler, I was left with my Lola (grandmother) in the Philippines. [&hellip;]","og_url":"https:\/\/iamerica.org\/fr\/teresa-deleon-immigrant-from-the-philippines-and-member-of-seiu-1199nw\/","og_site_name":"iAmerica","article_publisher":"https:\/\/www.facebook.com\/iAmericaorg\/","article_published_time":"2024-05-16T15:32:41+00:00","article_modified_time":"2024-07-17T16:36:01+00:00","og_image":[{"width":710,"height":396,"url":"https:\/\/iamerica.org\/wp-content\/uploads\/2024\/05\/IAmerica_Teresa-1.png","type":"image\/png"}],"author":"Emett Smith","twitter_card":"summary_large_image","twitter_creator":"@iamericaorg","twitter_site":"@iamericaorg","twitter_misc":{"\u00c9crit par":"Emett Smith","Dur\u00e9e de lecture estim\u00e9e":"3 minutes"},"schema":{"@context":"https:\/\/schema.org","@graph":[{"@type":"Article","@id":"https:\/\/iamerica.org\/teresa-deleon-immigrant-from-the-philippines-and-member-of-seiu-1199nw\/#article","isPartOf":{"@id":"https:\/\/iamerica.org\/teresa-deleon-immigrant-from-the-philippines-and-member-of-seiu-1199nw\/"},"author":{"name":"Emett Smith","@id":"https:\/\/iamerica.org\/ru\/#\/schema\/person\/996e55c405912a1b3cb29a4835fc895d"},"headline":"Teresa DeLeon, immigrant from the Philippines and member of SEIU 1199NW","datePublished":"2024-05-16T15:32:41+00:00","dateModified":"2024-07-17T16:36:01+00:00","mainEntityOfPage":{"@id":"https:\/\/iamerica.org\/teresa-deleon-immigrant-from-the-philippines-and-member-of-seiu-1199nw\/"},"wordCount":382,"commentCount":0,"publisher":{"@id":"https:\/\/iamerica.org\/ru\/#organization"},"image":{"@id":"https:\/\/iamerica.org\/teresa-deleon-immigrant-from-the-philippines-and-member-of-seiu-1199nw\/#primaryimage"},"thumbnailUrl":"https:\/\/iamerica.org\/wp-content\/uploads\/2024\/05\/IAmerica_Teresa-1.png","keywords":["First generation","Naturalized citizen"],"articleSection":["Our Stories"],"inLanguage":"fr-FR","potentialAction":[{"@type":"CommentAction","name":"Comment","target":["https:\/\/iamerica.org\/teresa-deleon-immigrant-from-the-philippines-and-member-of-seiu-1199nw\/#respond"]}]},{"@type":"WebPage","@id":"https:\/\/iamerica.org\/teresa-deleon-immigrant-from-the-philippines-and-member-of-seiu-1199nw\/","url":"https:\/\/iamerica.org\/teresa-deleon-immigrant-from-the-philippines-and-member-of-seiu-1199nw\/","name":"Teresa DeLeon, immigr\u00e9e des Philippines et membre de l'UIES 1199NW - iAmerica","isPartOf":{"@id":"https:\/\/iamerica.org\/ru\/#website"},"primaryImageOfPage":{"@id":"https:\/\/iamerica.org\/teresa-deleon-immigrant-from-the-philippines-and-member-of-seiu-1199nw\/#primaryimage"},"image":{"@id":"https:\/\/iamerica.org\/teresa-deleon-immigrant-from-the-philippines-and-member-of-seiu-1199nw\/#primaryimage"},"thumbnailUrl":"https:\/\/iamerica.org\/wp-content\/uploads\/2024\/05\/IAmerica_Teresa-1.png","datePublished":"2024-05-16T15:32:41+00:00","dateModified":"2024-07-17T16:36:01+00:00","breadcrumb":{"@id":"https:\/\/iamerica.org\/teresa-deleon-immigrant-from-the-philippines-and-member-of-seiu-1199nw\/#breadcrumb"},"inLanguage":"fr-FR","potentialAction":[{"@type":"ReadAction","target":["https:\/\/iamerica.org\/teresa-deleon-immigrant-from-the-philippines-and-member-of-seiu-1199nw\/"]}]},{"@type":"ImageObject","inLanguage":"fr-FR","@id":"https:\/\/iamerica.org\/teresa-deleon-immigrant-from-the-philippines-and-member-of-seiu-1199nw\/#primaryimage","url":"https:\/\/iamerica.org\/wp-content\/uploads\/2024\/05\/IAmerica_Teresa-1.png","contentUrl":"https:\/\/iamerica.org\/wp-content\/uploads\/2024\/05\/IAmerica_Teresa-1.png","width":710,"height":396,"caption":"Teresa, SEIU Member"},{"@type":"BreadcrumbList","@id":"https:\/\/iamerica.org\/teresa-deleon-immigrant-from-the-philippines-and-member-of-seiu-1199nw\/#breadcrumb","itemListElement":[{"@type":"ListItem","position":1,"name":"Home","item":"https:\/\/iamerica.org\/"},{"@type":"ListItem","position":2,"name":"Teresa DeLeon, immigrant from the Philippines and member of SEIU 1199NW"}]},{"@type":"WebSite","@id":"https:\/\/iamerica.org\/ru\/#website","url":"https:\/\/iamerica.org\/ru\/","name":"iAm\u00e9rique","description":"","publisher":{"@id":"https:\/\/iamerica.org\/ru\/#organization"},"potentialAction":[{"@type":"SearchAction","target":{"@type":"EntryPoint","urlTemplate":"https:\/\/iamerica.org\/ru\/?s={search_term_string}"},"query-input":{"@type":"PropertyValueSpecification","valueRequired":true,"valueName":"search_term_string"}}],"inLanguage":"fr-FR"},{"@type":"Organization","@id":"https:\/\/iamerica.org\/ru\/#organization","name":"iAm\u00e9rique","url":"https:\/\/iamerica.org\/ru\/","logo":{"@type":"ImageObject","inLanguage":"fr-FR","@id":"https:\/\/iamerica.org\/ru\/#\/schema\/logo\/image\/","url":"https:\/\/iamerica.org\/wp-content\/uploads\/2024\/05\/iAmerica_Logo_Navy.png","contentUrl":"https:\/\/iamerica.org\/wp-content\/uploads\/2024\/05\/iAmerica_Logo_Navy.png","width":2309,"height":626,"caption":"iAmerica"},"image":{"@id":"https:\/\/iamerica.org\/ru\/#\/schema\/logo\/image\/"},"sameAs":["https:\/\/www.facebook.com\/iAmericaorg\/","https:\/\/x.com\/iamericaorg","https:\/\/www.instagram.com\/iamericaorg"]},{"@type":"Person","@id":"https:\/\/iamerica.org\/ru\/#\/schema\/person\/996e55c405912a1b3cb29a4835fc895d","name":"Emett Smith","image":{"@type":"ImageObject","inLanguage":"fr-FR","@id":"https:\/\/secure.gravatar.com\/avatar\/57373ac1085666129067b856e684bf0075d54324de79ff8d332821c495c7471d?s=96&d=mm&r=g","url":"https:\/\/secure.gravatar.com\/avatar\/57373ac1085666129067b856e684bf0075d54324de79ff8d332821c495c7471d?s=96&d=mm&r=g","contentUrl":"https:\/\/secure.gravatar.com\/avatar\/57373ac1085666129067b856e684bf0075d54324de79ff8d332821c495c7471d?s=96&d=mm&r=g","caption":"Emett Smith"},"url":"https:\/\/iamerica.org\/fr\/author\/emett617\/"}]}},"_links":{"self":[{"href":"https:\/\/iamerica.org\/fr\/wp-json\/wp\/v2\/posts\/807","targetHints":{"allow":["GET"]}}],"collection":[{"href":"https:\/\/iamerica.org\/fr\/wp-json\/wp\/v2\/posts"}],"about":[{"href":"https:\/\/iamerica.org\/fr\/wp-json\/wp\/v2\/types\/post"}],"author":[{"embeddable":true,"href":"https:\/\/iamerica.org\/fr\/wp-json\/wp\/v2\/users\/2"}],"replies":[{"embeddable":true,"href":"https:\/\/iamerica.org\/fr\/wp-json\/wp\/v2\/comments?post=807"}],"version-history":[{"count":0,"href":"https:\/\/iamerica.org\/fr\/wp-json\/wp\/v2\/posts\/807\/revisions"}],"wp:featuredmedia":[{"embeddable":true,"href":"https:\/\/iamerica.org\/fr\/wp-json\/wp\/v2\/media\/898"}],"wp:attachment":[{"href":"https:\/\/iamerica.org\/fr\/wp-json\/wp\/v2\/media?parent=807"}],"wp:term":[{"taxonomy":"category","embeddable":true,"href":"https:\/\/iamerica.org\/fr\/wp-json\/wp\/v2\/categories?post=807"},{"taxonomy":"post_tag","embeddable":true,"href":"https:\/\/iamerica.org\/fr\/wp-json\/wp\/v2\/tags?post=807"}],"curies":[{"name":"wp","href":"https:\/\/api.w.org\/{rel}","templated":true}]}}