{"id":768,"date":"2024-05-16T15:15:31","date_gmt":"2024-05-16T15:15:31","guid":{"rendered":"https:\/\/iamerica.wpenginepowered.com\/?p=768"},"modified":"2024-07-17T12:33:57","modified_gmt":"2024-07-17T16:33:57","slug":"bobby-dutta-immigrant-from-india-and-seiu-local-1000-member","status":"publish","type":"post","link":"https:\/\/iamerica.org\/ht\/bobby-dutta-immigrant-from-india-and-seiu-local-1000-member\/","title":{"rendered":"Bobby Dutta, imigran ki soti nan peyi Zend ak manm SEIU Local 1000"},"content":{"rendered":"<p>Mwen te f\u00e8t ak leve soti vivan nan peyi Zend e mwen te rive nan peyi Etazini k\u00f2m yon adolesan nan fen ane 1970 yo. Istwa separasyon fanmi mwen te k\u00f2manse l\u00e8 m te gen 9 an. Grann mwen, ki te rete nan Scotland nan ep\u00f2k sa a, te vin malad, kidonk manman m &#039;te deside kite peyi Zend pou pran swen li. Li te gen entansyon pran s\u00e8lman ti s\u00e8 m nan, pandan y ap fr\u00e8 m nan 7 an ak mwen ta rete ak fanmi. Men, paske ti fr\u00e8 m nan te boukannen, fanmi nou pa t vle pran l. Se konsa, yo mete ansanm ase lajan pou v\u00f2l avyon epi yo voye l ansanm ak manman m, kite m d\u00e8y\u00e8. Paske papa m t ap travay pou minist\u00e8 West Bengal - nan yon l\u00f2t eta - yo te voye m al viv ak s\u00e8 l, matant mwen.<\/p>\n\n\n\n<p>Mwen pa ta di mwen te gen yon lavi difisil. Bezwen debaz mwen yo te satisf\u00e8, men li te twomatik emosyon\u00e8lman yo te separe ak fanmi imedya mwen pou anpil tan. Malgre matant mwen te renmen m, tout l\u00f2t moun te p\u00e8 l. Li te yon vr\u00e8 &quot;f\u00f2s lanati.&quot; Faz sa a nan lavi mwen te santi tr\u00e8 ens\u00e8ten ak enstab. Ki kote mwen ta ale lek\u00f2l? \u00c8ske mwen ta ale nan Scotland? Kil\u00e8 manman m t ap tounen? K\u00f2m kondisyon grann mwen an te vin pi konplike, manman m te rete pi lontan, kidonk mwen te separe ak fanmi m pou senk ane nan anfans mwen.<\/p>\n\n\n\n<p>Li te fini vwayaje nan Kalif\u00f2ni pou reyini ak fr\u00e8 l &#039;. Reyalize ke manman m pa t ap retounen nan peyi Zend tal\u00e8, fanmi yo te k\u00f2manse ef\u00f2 pou ede m reyini av\u00e8 l. Sa te pran yon ti tan paske sist\u00e8m imigrasyon ameriken an se yon defi.<\/p>\n\n\n\n<p>L\u00e8 m te gen 14 an, mwen te vwayaje nan Kanada \u2013 ki te pi fasil \u2013 epi mwen te viv ak yon l\u00f2t matant, s\u00e8 manman m, ki mwen pa t konnen. Travay mwen lakay li se te f\u00e8 gadri ny\u00e8s mwen ki gen 3 zan ki te yon ti ponyen rey\u00e8l, men mwen pa t &#039;kapab plenyen paske mwen te yon envite, k ap viv ak etranje nan yon peyi etranj.<\/p>\n\n\n\n<p>Se te yon l\u00f2t ane ak yon mwatye anvan yo te apwouve papye mwen yo pou vwayaje nan peyi Etazini. L\u00e8 sa a, nou te rete nan vil Pittsburgh, kote lwaye a te bon mache. Mwen te pale angle ak yon aksan ep\u00e8 Endyen. Istwa komik ke m ap toujou sonje: yon fwa, pandan y ap f\u00e8 lesiv nan lesiv lokal la, yon timoun vin jwenn mwen epi li mande m yon bagay ki sonnen tankou &quot;Ki jan sou yon by\u00e8?&quot; Mwen te di mwen pa bw\u00e8 by\u00e8. Ki sa li te di an reyalite, &quot;Ki jan ou ye?&quot; Malgre bary\u00e8 lang lan, mwen toujou f\u00e8 anpil zanmi.<\/p>\n\n\n\n<p>L\u00e8 m te reyini ak fanmi m, ti s\u00e8 m ak fr\u00e8 m pa t pale lang natif natal nou ank\u00f2, kidonk nou te kominike an Angle. Manman nou pa t janm konprann angle byen, epi pafwa nou menm timoun yo te konn pale ann angle pou li pa t ka konprann. Malerezman, te gen anpil bary\u00e8 pou li pandan li te imigre nan peyi Etazini. Li pa t gen pwobl\u00e8m ke li te edike nan kol\u00e8j nan peyi Zend; li pa janm ka jwenn yon travay nan peyi Etazini ki matche ak konpetans li. Nan peyi Zend, li te travay k\u00f2m yon jewolojis pou gouv\u00e8nman Endyen an; se te yon travay biwo, epi li te gen yon biwo b\u00f2 kote mize Endyen an. Isit la, li te yon LVN nan yon mezon retr\u00e8t e li te travay nan mitan lannwit paske se s\u00e8l chanjman li te kapab jwenn.<\/p>\n\n\n\n<p>Nan k\u00e8k pwen, viza manman m te ekspire Ozetazini, epi li te soti nan sitiyasyon an. Menas dep\u00f2tasyon an te toujou pandye sou t\u00e8t li. Li te vin yon moun n\u00e8ve e li te p\u00e8 tout bagay.<\/p>\n\n\n\n<p>Fr\u00e8 m nan ak mwen te goumen anpil l\u00e8 nou te ansanm, men nou te gen vwazen ki te veye pou nou: Stanley, b\u00f2 kote, ki moun mwen ta chat ak pafwa; ak Mari, moun ki pi akeyan ki te toujou pote manje Filipino pou nou. Apre sa, nou te patwone papa nou, menm si li vr\u00e8man pa t vle vin Ozetazini Li te deja fin vye granmoun ak konf\u00f2tab nan peyi Zend, epi nou te oblije trennen l &#039;isit la. Men, paran m te fini viv ansanm jiskaske manman m te malad. Depi l\u00e8 manman m ak papa m mouri.<\/p>\n\n\n\n<p>Mwen te vin yon sitwayen ameriken nan laj 24 an. Siks\u00e8 mwen ak siks\u00e8 fanmi mwen an se ak\u00f2z desizyon mwen pou natiralize. Mwen te kontinye dirije yon biznis ki gen siks\u00e8, epi k\u00f2m yon sitwayen, mwen kalifye pou op\u00f2tinite ak finansman anboche anplwaye ak soutretan pou mwen te kapab yon bon anplway\u00e8 pou l\u00f2t moun. Vwayaj mwen an pa t yon bagay fasil, e mwen konnen anpil l\u00f2t istwa imigran tankou pa m, kote timoun yo separe ak paran yo epi vwayaje nan peyi yo pa abitye poukont yo. Akoz mon leksperyans, mon defann en sistenm ki permet bann fanmir reinyon pli vit.<\/p>\n\n\n\n<figure class=\"wp-block-gallery has-nested-images columns-default is-cropped wp-block-gallery-1 is-layout-flex wp-block-gallery-is-layout-flex\">\n<figure class=\"wp-block-image size-large\"><a href=\"https:\/\/iamerica.org\/wp-content\/uploads\/2024\/05\/Bobby-Dutta-FamilyinIndia-scaled.jpg\"><img fetchpriority=\"high\" decoding=\"async\" width=\"1024\" height=\"779\" data-id=\"773\" src=\"https:\/\/iamerica.org\/wp-content\/uploads\/2024\/05\/Bobby-Dutta-FamilyinIndia-1024x779.jpg\" alt=\"\" class=\"wp-image-773\" srcset=\"https:\/\/iamerica.org\/wp-content\/uploads\/2024\/05\/Bobby-Dutta-FamilyinIndia-1024x779.jpg 1024w, https:\/\/iamerica.org\/wp-content\/uploads\/2024\/05\/Bobby-Dutta-FamilyinIndia-300x228.jpg 300w, https:\/\/iamerica.org\/wp-content\/uploads\/2024\/05\/Bobby-Dutta-FamilyinIndia-768x584.jpg 768w, https:\/\/iamerica.org\/wp-content\/uploads\/2024\/05\/Bobby-Dutta-FamilyinIndia-1536x1168.jpg 1536w, https:\/\/iamerica.org\/wp-content\/uploads\/2024\/05\/Bobby-Dutta-FamilyinIndia-2048x1557.jpg 2048w\" sizes=\"(max-width: 1024px) 100vw, 1024px\" \/><\/a><figcaption class=\"wp-element-caption\">Fanmi Bobby Dutta nan peyi Zend<\/figcaption><\/figure>\n\n\n\n<figure class=\"wp-block-image size-large\"><a href=\"https:\/\/iamerica.org\/wp-content\/uploads\/2024\/05\/Bobby-Dutta-UFA-Workers-Convening-2022.jpg\"><img decoding=\"async\" width=\"1024\" height=\"768\" data-id=\"771\" src=\"https:\/\/iamerica.org\/wp-content\/uploads\/2024\/05\/Bobby-Dutta-UFA-Workers-Convening-2022-1024x768.jpg\" alt=\"\" class=\"wp-image-771\" srcset=\"https:\/\/iamerica.org\/wp-content\/uploads\/2024\/05\/Bobby-Dutta-UFA-Workers-Convening-2022-1024x768.jpg 1024w, https:\/\/iamerica.org\/wp-content\/uploads\/2024\/05\/Bobby-Dutta-UFA-Workers-Convening-2022-300x225.jpg 300w, https:\/\/iamerica.org\/wp-content\/uploads\/2024\/05\/Bobby-Dutta-UFA-Workers-Convening-2022-768x576.jpg 768w, https:\/\/iamerica.org\/wp-content\/uploads\/2024\/05\/Bobby-Dutta-UFA-Workers-Convening-2022-1536x1152.jpg 1536w, https:\/\/iamerica.org\/wp-content\/uploads\/2024\/05\/Bobby-Dutta-UFA-Workers-Convening-2022.jpg 2048w\" sizes=\"(max-width: 1024px) 100vw, 1024px\" \/><\/a><figcaption class=\"wp-element-caption\">Bobby Dutta nan reyinyon 2022 Unions for All Workers nan Washington, DC<\/figcaption><\/figure>\n<\/figure>","protected":false},"excerpt":{"rendered":"<p>I was born and raised in India and arrived in the U.S. as a teenager during the late 1970s. My family separation story began when I was 9 years old. My grandmother, who lived in Scotland at the time, got sick, so my mother decided to leave India to take care of her. She intended [&hellip;]<\/p>\n","protected":false},"author":2,"featured_media":834,"comment_status":"open","ping_status":"open","sticky":false,"template":"","format":"standard","meta":{"footnotes":"","_links_to":"","_links_to_target":""},"categories":[11],"tags":[16,15],"class_list":["post-768","post","type-post","status-publish","format-standard","has-post-thumbnail","hentry","category-our-stories","tag-first-generation","tag-naturalized-citizen"],"yoast_head":"<!-- This site is optimized with the Yoast SEO plugin v27.3 - https:\/\/yoast.com\/product\/yoast-seo-wordpress\/ -->\n<title>Bobby Dutta, immigrant from India and SEIU Local 1000 member - iAmerica<\/title>\n<meta name=\"robots\" content=\"index, follow, max-snippet:-1, max-image-preview:large, max-video-preview:-1\" \/>\n<link rel=\"canonical\" href=\"https:\/\/iamerica.org\/ht\/bobby-dutta-immigrant-from-india-and-seiu-local-1000-member\/\" \/>\n<meta property=\"og:locale\" content=\"ht_HT\" \/>\n<meta property=\"og:type\" content=\"article\" \/>\n<meta property=\"og:title\" content=\"Bobby Dutta, immigrant from India and SEIU Local 1000 member - iAmerica\" \/>\n<meta property=\"og:description\" content=\"I was born and raised in India and arrived in the U.S. as a teenager during the late 1970s. My family separation story began when I was 9 years old. My grandmother, who lived in Scotland at the time, got sick, so my mother decided to leave India to take care of her. She intended [&hellip;]\" \/>\n<meta property=\"og:url\" content=\"https:\/\/iamerica.org\/ht\/bobby-dutta-immigrant-from-india-and-seiu-local-1000-member\/\" \/>\n<meta property=\"og:site_name\" content=\"iAmerica\" \/>\n<meta property=\"article:publisher\" content=\"https:\/\/www.facebook.com\/iAmericaorg\/\" \/>\n<meta property=\"article:published_time\" content=\"2024-05-16T15:15:31+00:00\" \/>\n<meta property=\"article:modified_time\" content=\"2024-07-17T16:33:57+00:00\" \/>\n<meta property=\"og:image\" content=\"https:\/\/iamerica.org\/wp-content\/uploads\/2024\/05\/BobbyDutta.png\" \/>\n\t<meta property=\"og:image:width\" content=\"1440\" \/>\n\t<meta property=\"og:image:height\" content=\"1040\" \/>\n\t<meta property=\"og:image:type\" content=\"image\/png\" \/>\n<meta name=\"author\" content=\"Emett Smith\" \/>\n<meta name=\"twitter:card\" content=\"summary_large_image\" \/>\n<meta name=\"twitter:creator\" content=\"@iamericaorg\" \/>\n<meta name=\"twitter:site\" content=\"@iamericaorg\" \/>\n<meta name=\"twitter:label1\" content=\"Written by\" \/>\n\t<meta name=\"twitter:data1\" content=\"Emett Smith\" \/>\n\t<meta name=\"twitter:label2\" content=\"Est. reading time\" \/>\n\t<meta name=\"twitter:data2\" content=\"5 minutes\" \/>\n<script type=\"application\/ld+json\" class=\"yoast-schema-graph\">{\"@context\":\"https:\\\/\\\/schema.org\",\"@graph\":[{\"@type\":\"Article\",\"@id\":\"https:\\\/\\\/iamerica.org\\\/bobby-dutta-immigrant-from-india-and-seiu-local-1000-member\\\/#article\",\"isPartOf\":{\"@id\":\"https:\\\/\\\/iamerica.org\\\/bobby-dutta-immigrant-from-india-and-seiu-local-1000-member\\\/\"},\"author\":{\"name\":\"Emett Smith\",\"@id\":\"https:\\\/\\\/iamerica.org\\\/ru\\\/#\\\/schema\\\/person\\\/996e55c405912a1b3cb29a4835fc895d\"},\"headline\":\"Bobby Dutta, immigrant from India and SEIU Local 1000 member\",\"datePublished\":\"2024-05-16T15:15:31+00:00\",\"dateModified\":\"2024-07-17T16:33:57+00:00\",\"mainEntityOfPage\":{\"@id\":\"https:\\\/\\\/iamerica.org\\\/bobby-dutta-immigrant-from-india-and-seiu-local-1000-member\\\/\"},\"wordCount\":828,\"commentCount\":0,\"publisher\":{\"@id\":\"https:\\\/\\\/iamerica.org\\\/ru\\\/#organization\"},\"image\":{\"@id\":\"https:\\\/\\\/iamerica.org\\\/bobby-dutta-immigrant-from-india-and-seiu-local-1000-member\\\/#primaryimage\"},\"thumbnailUrl\":\"https:\\\/\\\/iamerica.org\\\/wp-content\\\/uploads\\\/2024\\\/05\\\/BobbyDutta.png\",\"keywords\":[\"First generation\",\"Naturalized citizen\"],\"articleSection\":[\"Our Stories\"],\"inLanguage\":\"ht\",\"potentialAction\":[{\"@type\":\"CommentAction\",\"name\":\"Comment\",\"target\":[\"https:\\\/\\\/iamerica.org\\\/bobby-dutta-immigrant-from-india-and-seiu-local-1000-member\\\/#respond\"]}]},{\"@type\":\"WebPage\",\"@id\":\"https:\\\/\\\/iamerica.org\\\/bobby-dutta-immigrant-from-india-and-seiu-local-1000-member\\\/\",\"url\":\"https:\\\/\\\/iamerica.org\\\/bobby-dutta-immigrant-from-india-and-seiu-local-1000-member\\\/\",\"name\":\"Bobby Dutta, immigrant from India and SEIU Local 1000 member - iAmerica\",\"isPartOf\":{\"@id\":\"https:\\\/\\\/iamerica.org\\\/ru\\\/#website\"},\"primaryImageOfPage\":{\"@id\":\"https:\\\/\\\/iamerica.org\\\/bobby-dutta-immigrant-from-india-and-seiu-local-1000-member\\\/#primaryimage\"},\"image\":{\"@id\":\"https:\\\/\\\/iamerica.org\\\/bobby-dutta-immigrant-from-india-and-seiu-local-1000-member\\\/#primaryimage\"},\"thumbnailUrl\":\"https:\\\/\\\/iamerica.org\\\/wp-content\\\/uploads\\\/2024\\\/05\\\/BobbyDutta.png\",\"datePublished\":\"2024-05-16T15:15:31+00:00\",\"dateModified\":\"2024-07-17T16:33:57+00:00\",\"breadcrumb\":{\"@id\":\"https:\\\/\\\/iamerica.org\\\/bobby-dutta-immigrant-from-india-and-seiu-local-1000-member\\\/#breadcrumb\"},\"inLanguage\":\"ht\",\"potentialAction\":[{\"@type\":\"ReadAction\",\"target\":[\"https:\\\/\\\/iamerica.org\\\/bobby-dutta-immigrant-from-india-and-seiu-local-1000-member\\\/\"]}]},{\"@type\":\"ImageObject\",\"inLanguage\":\"ht\",\"@id\":\"https:\\\/\\\/iamerica.org\\\/bobby-dutta-immigrant-from-india-and-seiu-local-1000-member\\\/#primaryimage\",\"url\":\"https:\\\/\\\/iamerica.org\\\/wp-content\\\/uploads\\\/2024\\\/05\\\/BobbyDutta.png\",\"contentUrl\":\"https:\\\/\\\/iamerica.org\\\/wp-content\\\/uploads\\\/2024\\\/05\\\/BobbyDutta.png\",\"width\":1440,\"height\":1040,\"caption\":\"Bobby Dutta, immigrant from India and SEIU Local 1000 member\"},{\"@type\":\"BreadcrumbList\",\"@id\":\"https:\\\/\\\/iamerica.org\\\/bobby-dutta-immigrant-from-india-and-seiu-local-1000-member\\\/#breadcrumb\",\"itemListElement\":[{\"@type\":\"ListItem\",\"position\":1,\"name\":\"Home\",\"item\":\"https:\\\/\\\/iamerica.org\\\/\"},{\"@type\":\"ListItem\",\"position\":2,\"name\":\"Bobby Dutta, immigrant from India and SEIU Local 1000 member\"}]},{\"@type\":\"WebSite\",\"@id\":\"https:\\\/\\\/iamerica.org\\\/ru\\\/#website\",\"url\":\"https:\\\/\\\/iamerica.org\\\/ru\\\/\",\"name\":\"iAmerica\",\"description\":\"\",\"publisher\":{\"@id\":\"https:\\\/\\\/iamerica.org\\\/ru\\\/#organization\"},\"potentialAction\":[{\"@type\":\"SearchAction\",\"target\":{\"@type\":\"EntryPoint\",\"urlTemplate\":\"https:\\\/\\\/iamerica.org\\\/ru\\\/?s={search_term_string}\"},\"query-input\":{\"@type\":\"PropertyValueSpecification\",\"valueRequired\":true,\"valueName\":\"search_term_string\"}}],\"inLanguage\":\"ht\"},{\"@type\":\"Organization\",\"@id\":\"https:\\\/\\\/iamerica.org\\\/ru\\\/#organization\",\"name\":\"iAmerica\",\"url\":\"https:\\\/\\\/iamerica.org\\\/ru\\\/\",\"logo\":{\"@type\":\"ImageObject\",\"inLanguage\":\"ht\",\"@id\":\"https:\\\/\\\/iamerica.org\\\/ru\\\/#\\\/schema\\\/logo\\\/image\\\/\",\"url\":\"https:\\\/\\\/iamerica.org\\\/wp-content\\\/uploads\\\/2024\\\/05\\\/iAmerica_Logo_Navy.png\",\"contentUrl\":\"https:\\\/\\\/iamerica.org\\\/wp-content\\\/uploads\\\/2024\\\/05\\\/iAmerica_Logo_Navy.png\",\"width\":2309,\"height\":626,\"caption\":\"iAmerica\"},\"image\":{\"@id\":\"https:\\\/\\\/iamerica.org\\\/ru\\\/#\\\/schema\\\/logo\\\/image\\\/\"},\"sameAs\":[\"https:\\\/\\\/www.facebook.com\\\/iAmericaorg\\\/\",\"https:\\\/\\\/x.com\\\/iamericaorg\",\"https:\\\/\\\/www.instagram.com\\\/iamericaorg\"]},{\"@type\":\"Person\",\"@id\":\"https:\\\/\\\/iamerica.org\\\/ru\\\/#\\\/schema\\\/person\\\/996e55c405912a1b3cb29a4835fc895d\",\"name\":\"Emett Smith\",\"image\":{\"@type\":\"ImageObject\",\"inLanguage\":\"ht\",\"@id\":\"https:\\\/\\\/secure.gravatar.com\\\/avatar\\\/57373ac1085666129067b856e684bf0075d54324de79ff8d332821c495c7471d?s=96&d=mm&r=g\",\"url\":\"https:\\\/\\\/secure.gravatar.com\\\/avatar\\\/57373ac1085666129067b856e684bf0075d54324de79ff8d332821c495c7471d?s=96&d=mm&r=g\",\"contentUrl\":\"https:\\\/\\\/secure.gravatar.com\\\/avatar\\\/57373ac1085666129067b856e684bf0075d54324de79ff8d332821c495c7471d?s=96&d=mm&r=g\",\"caption\":\"Emett Smith\"},\"url\":\"https:\\\/\\\/iamerica.org\\\/ht\\\/author\\\/emett617\\\/\"}]}<\/script>\n<!-- \/ Yoast SEO plugin. -->","yoast_head_json":{"title":"Bobby Dutta, imigran ki soti nan peyi Zend ak manm SEIU Local 1000 - iAmerica","robots":{"index":"index","follow":"follow","max-snippet":"max-snippet:-1","max-image-preview":"max-image-preview:large","max-video-preview":"max-video-preview:-1"},"canonical":"https:\/\/iamerica.org\/ht\/bobby-dutta-immigrant-from-india-and-seiu-local-1000-member\/","og_locale":"ht_HT","og_type":"article","og_title":"Bobby Dutta, immigrant from India and SEIU Local 1000 member - iAmerica","og_description":"I was born and raised in India and arrived in the U.S. as a teenager during the late 1970s. My family separation story began when I was 9 years old. My grandmother, who lived in Scotland at the time, got sick, so my mother decided to leave India to take care of her. She intended [&hellip;]","og_url":"https:\/\/iamerica.org\/ht\/bobby-dutta-immigrant-from-india-and-seiu-local-1000-member\/","og_site_name":"iAmerica","article_publisher":"https:\/\/www.facebook.com\/iAmericaorg\/","article_published_time":"2024-05-16T15:15:31+00:00","article_modified_time":"2024-07-17T16:33:57+00:00","og_image":[{"width":1440,"height":1040,"url":"https:\/\/iamerica.org\/wp-content\/uploads\/2024\/05\/BobbyDutta.png","type":"image\/png"}],"author":"Emett Smith","twitter_card":"summary_large_image","twitter_creator":"@iamericaorg","twitter_site":"@iamericaorg","twitter_misc":{"Written by":"Emett Smith","Est. reading time":"5 minutes"},"schema":{"@context":"https:\/\/schema.org","@graph":[{"@type":"Article","@id":"https:\/\/iamerica.org\/bobby-dutta-immigrant-from-india-and-seiu-local-1000-member\/#article","isPartOf":{"@id":"https:\/\/iamerica.org\/bobby-dutta-immigrant-from-india-and-seiu-local-1000-member\/"},"author":{"name":"Emett Smith","@id":"https:\/\/iamerica.org\/ru\/#\/schema\/person\/996e55c405912a1b3cb29a4835fc895d"},"headline":"Bobby Dutta, immigrant from India and SEIU Local 1000 member","datePublished":"2024-05-16T15:15:31+00:00","dateModified":"2024-07-17T16:33:57+00:00","mainEntityOfPage":{"@id":"https:\/\/iamerica.org\/bobby-dutta-immigrant-from-india-and-seiu-local-1000-member\/"},"wordCount":828,"commentCount":0,"publisher":{"@id":"https:\/\/iamerica.org\/ru\/#organization"},"image":{"@id":"https:\/\/iamerica.org\/bobby-dutta-immigrant-from-india-and-seiu-local-1000-member\/#primaryimage"},"thumbnailUrl":"https:\/\/iamerica.org\/wp-content\/uploads\/2024\/05\/BobbyDutta.png","keywords":["First generation","Naturalized citizen"],"articleSection":["Our Stories"],"inLanguage":"ht","potentialAction":[{"@type":"CommentAction","name":"Comment","target":["https:\/\/iamerica.org\/bobby-dutta-immigrant-from-india-and-seiu-local-1000-member\/#respond"]}]},{"@type":"WebPage","@id":"https:\/\/iamerica.org\/bobby-dutta-immigrant-from-india-and-seiu-local-1000-member\/","url":"https:\/\/iamerica.org\/bobby-dutta-immigrant-from-india-and-seiu-local-1000-member\/","name":"Bobby Dutta, imigran ki soti nan peyi Zend ak manm SEIU Local 1000 - iAmerica","isPartOf":{"@id":"https:\/\/iamerica.org\/ru\/#website"},"primaryImageOfPage":{"@id":"https:\/\/iamerica.org\/bobby-dutta-immigrant-from-india-and-seiu-local-1000-member\/#primaryimage"},"image":{"@id":"https:\/\/iamerica.org\/bobby-dutta-immigrant-from-india-and-seiu-local-1000-member\/#primaryimage"},"thumbnailUrl":"https:\/\/iamerica.org\/wp-content\/uploads\/2024\/05\/BobbyDutta.png","datePublished":"2024-05-16T15:15:31+00:00","dateModified":"2024-07-17T16:33:57+00:00","breadcrumb":{"@id":"https:\/\/iamerica.org\/bobby-dutta-immigrant-from-india-and-seiu-local-1000-member\/#breadcrumb"},"inLanguage":"ht","potentialAction":[{"@type":"ReadAction","target":["https:\/\/iamerica.org\/bobby-dutta-immigrant-from-india-and-seiu-local-1000-member\/"]}]},{"@type":"ImageObject","inLanguage":"ht","@id":"https:\/\/iamerica.org\/bobby-dutta-immigrant-from-india-and-seiu-local-1000-member\/#primaryimage","url":"https:\/\/iamerica.org\/wp-content\/uploads\/2024\/05\/BobbyDutta.png","contentUrl":"https:\/\/iamerica.org\/wp-content\/uploads\/2024\/05\/BobbyDutta.png","width":1440,"height":1040,"caption":"Bobby Dutta, immigrant from India and SEIU Local 1000 member"},{"@type":"BreadcrumbList","@id":"https:\/\/iamerica.org\/bobby-dutta-immigrant-from-india-and-seiu-local-1000-member\/#breadcrumb","itemListElement":[{"@type":"ListItem","position":1,"name":"Home","item":"https:\/\/iamerica.org\/"},{"@type":"ListItem","position":2,"name":"Bobby Dutta, immigrant from India and SEIU Local 1000 member"}]},{"@type":"WebSite","@id":"https:\/\/iamerica.org\/ru\/#website","url":"https:\/\/iamerica.org\/ru\/","name":"iAmerik","description":"","publisher":{"@id":"https:\/\/iamerica.org\/ru\/#organization"},"potentialAction":[{"@type":"SearchAction","target":{"@type":"EntryPoint","urlTemplate":"https:\/\/iamerica.org\/ru\/?s={search_term_string}"},"query-input":{"@type":"PropertyValueSpecification","valueRequired":true,"valueName":"search_term_string"}}],"inLanguage":"ht"},{"@type":"Organization","@id":"https:\/\/iamerica.org\/ru\/#organization","name":"iAmerik","url":"https:\/\/iamerica.org\/ru\/","logo":{"@type":"ImageObject","inLanguage":"ht","@id":"https:\/\/iamerica.org\/ru\/#\/schema\/logo\/image\/","url":"https:\/\/iamerica.org\/wp-content\/uploads\/2024\/05\/iAmerica_Logo_Navy.png","contentUrl":"https:\/\/iamerica.org\/wp-content\/uploads\/2024\/05\/iAmerica_Logo_Navy.png","width":2309,"height":626,"caption":"iAmerica"},"image":{"@id":"https:\/\/iamerica.org\/ru\/#\/schema\/logo\/image\/"},"sameAs":["https:\/\/www.facebook.com\/iAmericaorg\/","https:\/\/x.com\/iamericaorg","https:\/\/www.instagram.com\/iamericaorg"]},{"@type":"Person","@id":"https:\/\/iamerica.org\/ru\/#\/schema\/person\/996e55c405912a1b3cb29a4835fc895d","name":"Emett Smith","image":{"@type":"ImageObject","inLanguage":"ht","@id":"https:\/\/secure.gravatar.com\/avatar\/57373ac1085666129067b856e684bf0075d54324de79ff8d332821c495c7471d?s=96&d=mm&r=g","url":"https:\/\/secure.gravatar.com\/avatar\/57373ac1085666129067b856e684bf0075d54324de79ff8d332821c495c7471d?s=96&d=mm&r=g","contentUrl":"https:\/\/secure.gravatar.com\/avatar\/57373ac1085666129067b856e684bf0075d54324de79ff8d332821c495c7471d?s=96&d=mm&r=g","caption":"Emett Smith"},"url":"https:\/\/iamerica.org\/ht\/author\/emett617\/"}]}},"_links":{"self":[{"href":"https:\/\/iamerica.org\/ht\/wp-json\/wp\/v2\/posts\/768","targetHints":{"allow":["GET"]}}],"collection":[{"href":"https:\/\/iamerica.org\/ht\/wp-json\/wp\/v2\/posts"}],"about":[{"href":"https:\/\/iamerica.org\/ht\/wp-json\/wp\/v2\/types\/post"}],"author":[{"embeddable":true,"href":"https:\/\/iamerica.org\/ht\/wp-json\/wp\/v2\/users\/2"}],"replies":[{"embeddable":true,"href":"https:\/\/iamerica.org\/ht\/wp-json\/wp\/v2\/comments?post=768"}],"version-history":[{"count":0,"href":"https:\/\/iamerica.org\/ht\/wp-json\/wp\/v2\/posts\/768\/revisions"}],"wp:featuredmedia":[{"embeddable":true,"href":"https:\/\/iamerica.org\/ht\/wp-json\/wp\/v2\/media\/834"}],"wp:attachment":[{"href":"https:\/\/iamerica.org\/ht\/wp-json\/wp\/v2\/media?parent=768"}],"wp:term":[{"taxonomy":"category","embeddable":true,"href":"https:\/\/iamerica.org\/ht\/wp-json\/wp\/v2\/categories?post=768"},{"taxonomy":"post_tag","embeddable":true,"href":"https:\/\/iamerica.org\/ht\/wp-json\/wp\/v2\/tags?post=768"}],"curies":[{"name":"wp","href":"https:\/\/api.w.org\/{rel}","templated":true}]}}