{"id":775,"date":"2024-05-16T15:19:34","date_gmt":"2024-05-16T15:19:34","guid":{"rendered":"https:\/\/iamerica.wpenginepowered.com\/?p=775"},"modified":"2024-07-17T12:34:15","modified_gmt":"2024-07-17T16:34:15","slug":"maria-nuno-estrada-first-generation-immigrant-and-workers-united-member","status":"publish","type":"post","link":"https:\/\/iamerica.org\/ht\/maria-nuno-estrada-first-generation-immigrant-and-workers-united-member\/","title":{"rendered":"Maria Nuno-Estrada, premye jenerasyon imigran ak manm Workers United"},"content":{"rendered":"<p>R\u00e8v Ameriken an\u2014yon etos ke anpil moun aspire, men lite pou atenn. Pou k\u00e8k moun, se yon espwa debaz pou yo ka d\u00f2mi anp\u00e8 nan mitan lannwit, reveye nan maten, jwenn op\u00f2tinite pou yo travay, bay fanmi nou yo, mete manje sou tab la, gen aks\u00e8 a elektrisite ak dlo kouran, epi asire timoun nou yo. yo pwoteje ak prepare pou lavni\u2014bezwen senp ke anpil moun pran pou yo ak\u00f2de.<\/p>\n\n\n\n<p>Sa a te r\u00e8v Ameriken an nan yon fanm imigran etonan: manman m &#039;, Paulina. Kouraj li, vre kouraj li, ak istwa se yon enspirasyon.<\/p>\n\n\n\n<p>Paulina te kite Meksik k\u00f2m yon adolesan pou ch\u00e8che yon pi bon avni. Li pa t &#039;konnen lang nan l\u00e8 li te rive Ozetazini, men li pa t&#039; kite sa sispann li. Menm l\u00e8 a, li te k\u00f2manse kontribiye nan sosyete a, travay nan yon liy asanblaj nan yon faktori isit la nan Dallas, Texas ki fabrike pwodwi cheve pou kay Ameriken yo.<\/p>\n\n\n\n<p>Apre yon tan, manman m te elve timoun ki evanty\u00e8lman ta vin yon pwofes\u00e8, yon ofisye sekirite, yon patolojis lapaw\u00f2l, ak yon lid\u00e8 travay\u00e8 sendika. Kounye a, pitit pitit li yo f\u00e8 ef\u00f2 pou yo vin dokt\u00e8 ak dans\u00e8. Sa a se r\u00e8v Ameriken fanmi nou an: op\u00f2tinite pou pwogr\u00e8 ak pwosperite atrav\u00e8 jenerasyon yo. Akoz Lwa 1986 sou Ref\u00f2m ak Kontw\u00f2l Imigrasyon an, ke yo rele Reagan Amnisti, yo te ak\u00f2de tou de paran m yo yon estati legal.<\/p>\n\n\n\n<p>Antanke yon sitwayen ki f\u00e8t Ozetazini, mwen fy\u00e8 de peyi mwen, eritaj mwen, fanmi mwen, ak sendika travay mwen an, Rejyon Sidw\u00e8s Travay\u00e8 Ini ki afilye ak SEIU. Men, al\u00f2ske mwen gen privil\u00e8j pou m pwoteje pa Konstitisyon Etazini an, mwen konnen tou later\u00e8 moun ap viv, jou apre jou. Mwen pa janm ka souke laper\u00e8z ki kraze nanm mwen nan anfans mwen l\u00e8 mwen tande nan kominote mwen an,<em> \u201cLa migra, la migra, corr\u00e9l\u00e9, corr\u00e9l\u00e9, esc\u00f3ndete, la migra!<\/em>\u201d<\/p>\n\n\n\n<p>Nan moman sa yo, sa ki te yon fwa yon katye vivan, k\u00e8 kontan transf\u00f2me nan silans total. Antanke yon pitit premye jenerasyon imigran, nou kontinye pote k\u00f2l\u00e8 ak rej\u00e8 p\u00e8p nou an nan nanm nou\u2014byen nan adilt.<\/p>\n\n\n\n<p>Se sa ki pouse m kanpe pou m goumen pou moun ki pa kapab.<\/p>\n\n\n\n<figure class=\"wp-block-gallery has-nested-images columns-2 is-cropped wp-block-gallery-1 is-layout-flex wp-block-gallery-is-layout-flex\">\n<figure class=\"wp-block-image size-large\"><a href=\"https:\/\/iamerica.org\/wp-content\/uploads\/2024\/05\/Maria-Nuno-Estrada_w-mom-phonebanking.jpg\"><img fetchpriority=\"high\" decoding=\"async\" width=\"996\" height=\"1024\" data-id=\"780\" src=\"https:\/\/iamerica.org\/wp-content\/uploads\/2024\/05\/Maria-Nuno-Estrada_w-mom-phonebanking-996x1024.jpg\" alt=\"\" class=\"wp-image-780\" srcset=\"https:\/\/iamerica.org\/wp-content\/uploads\/2024\/05\/Maria-Nuno-Estrada_w-mom-phonebanking-996x1024.jpg 996w, https:\/\/iamerica.org\/wp-content\/uploads\/2024\/05\/Maria-Nuno-Estrada_w-mom-phonebanking-292x300.jpg 292w, https:\/\/iamerica.org\/wp-content\/uploads\/2024\/05\/Maria-Nuno-Estrada_w-mom-phonebanking-768x790.jpg 768w, https:\/\/iamerica.org\/wp-content\/uploads\/2024\/05\/Maria-Nuno-Estrada_w-mom-phonebanking.jpg 1064w\" sizes=\"(max-width: 996px) 100vw, 996px\" \/><\/a><figcaption class=\"wp-element-caption\">Maria ak Paulina nan Union Hall Southwest Regional Joint Board Workers United. Paulina se toujou pare pou f\u00e8 volont\u00e8 pany\u00f2l phonebanking.<\/figcaption><\/figure>\n\n\n\n<figure class=\"wp-block-image size-large\"><a href=\"https:\/\/iamerica.org\/wp-content\/uploads\/2024\/05\/Maria-Nuno-Estrada_w-mom-at-immigration-rally.jpg\"><img decoding=\"async\" width=\"974\" height=\"713\" data-id=\"779\" src=\"https:\/\/iamerica.org\/wp-content\/uploads\/2024\/05\/Maria-Nuno-Estrada_w-mom-at-immigration-rally.jpg\" alt=\"\" class=\"wp-image-779\" srcset=\"https:\/\/iamerica.org\/wp-content\/uploads\/2024\/05\/Maria-Nuno-Estrada_w-mom-at-immigration-rally.jpg 974w, https:\/\/iamerica.org\/wp-content\/uploads\/2024\/05\/Maria-Nuno-Estrada_w-mom-at-immigration-rally-300x220.jpg 300w, https:\/\/iamerica.org\/wp-content\/uploads\/2024\/05\/Maria-Nuno-Estrada_w-mom-at-immigration-rally-768x562.jpg 768w\" sizes=\"(max-width: 974px) 100vw, 974px\" \/><\/a><figcaption class=\"wp-element-caption\">Maria ak manman l nan yon rasanbleman imigrasyon ki te \u00f2ganize pa Workers United ak Dallas AFL-CIO.<\/figcaption><\/figure>\n\n\n\n<figure class=\"wp-block-image size-large\"><a href=\"https:\/\/iamerica.org\/wp-content\/uploads\/2024\/05\/Maria-Nuno-Estrada_mom-in-20s.jpg\"><img decoding=\"async\" width=\"226\" height=\"924\" data-id=\"777\" src=\"https:\/\/iamerica.org\/wp-content\/uploads\/2024\/05\/Maria-Nuno-Estrada_mom-in-20s.jpg\" alt=\"\" class=\"wp-image-777\"\/><\/a><figcaption class=\"wp-element-caption\">Paulina, Maria\u2019s mom, in her 20s.<\/figcaption><\/figure>\n\n\n\n<figure class=\"wp-block-image size-large\"><a href=\"https:\/\/iamerica.org\/wp-content\/uploads\/2024\/05\/Maria-Nuno-Estrada_mom-in-60s.jpg\"><img loading=\"lazy\" decoding=\"async\" width=\"464\" height=\"960\" data-id=\"778\" src=\"https:\/\/iamerica.org\/wp-content\/uploads\/2024\/05\/Maria-Nuno-Estrada_mom-in-60s.jpg\" alt=\"\" class=\"wp-image-778\" srcset=\"https:\/\/iamerica.org\/wp-content\/uploads\/2024\/05\/Maria-Nuno-Estrada_mom-in-60s.jpg 464w, https:\/\/iamerica.org\/wp-content\/uploads\/2024\/05\/Maria-Nuno-Estrada_mom-in-60s-145x300.jpg 145w\" sizes=\"(max-width: 464px) 100vw, 464px\" \/><\/a><figcaption class=\"wp-element-caption\">Paulina, Maria\u2019s mom, in her sassy 60s.<\/figcaption><\/figure>\n<\/figure>","protected":false},"excerpt":{"rendered":"<p>The American dream\u2014an ethos that many aspire to, yet struggle to attain. For some, it is a basic hope of being able to sleep peacefully at night, awake in the morning, find opportunity to work, provide for our families, put food on the table, have access to electricity and running water, and ensure our children [&hellip;]<\/p>\n","protected":false},"author":2,"featured_media":894,"comment_status":"open","ping_status":"open","sticky":false,"template":"","format":"standard","meta":{"footnotes":"","_links_to":"","_links_to_target":""},"categories":[11],"tags":[16],"class_list":["post-775","post","type-post","status-publish","format-standard","has-post-thumbnail","hentry","category-our-stories","tag-first-generation"],"yoast_head":"<!-- This site is optimized with the Yoast SEO plugin v27.3 - https:\/\/yoast.com\/product\/yoast-seo-wordpress\/ -->\n<title>Maria Nuno-Estrada, first-generation immigrant and Workers United member - iAmerica<\/title>\n<meta name=\"robots\" content=\"index, follow, max-snippet:-1, max-image-preview:large, max-video-preview:-1\" \/>\n<link rel=\"canonical\" href=\"https:\/\/iamerica.org\/ht\/maria-nuno-estrada-first-generation-immigrant-and-workers-united-member\/\" \/>\n<meta property=\"og:locale\" content=\"ht_HT\" \/>\n<meta property=\"og:type\" content=\"article\" \/>\n<meta property=\"og:title\" content=\"Maria Nuno-Estrada, first-generation immigrant and Workers United member - iAmerica\" \/>\n<meta property=\"og:description\" content=\"The American dream\u2014an ethos that many aspire to, yet struggle to attain. For some, it is a basic hope of being able to sleep peacefully at night, awake in the morning, find opportunity to work, provide for our families, put food on the table, have access to electricity and running water, and ensure our children [&hellip;]\" \/>\n<meta property=\"og:url\" content=\"https:\/\/iamerica.org\/ht\/maria-nuno-estrada-first-generation-immigrant-and-workers-united-member\/\" \/>\n<meta property=\"og:site_name\" content=\"iAmerica\" \/>\n<meta property=\"article:publisher\" content=\"https:\/\/www.facebook.com\/iAmericaorg\/\" \/>\n<meta property=\"article:published_time\" content=\"2024-05-16T15:19:34+00:00\" \/>\n<meta property=\"article:modified_time\" content=\"2024-07-17T16:34:15+00:00\" \/>\n<meta property=\"og:image\" content=\"https:\/\/iamerica.org\/wp-content\/uploads\/2024\/05\/IAmerica_Maria-1.png\" \/>\n\t<meta property=\"og:image:width\" content=\"710\" \/>\n\t<meta property=\"og:image:height\" content=\"396\" \/>\n\t<meta property=\"og:image:type\" content=\"image\/png\" \/>\n<meta name=\"author\" content=\"Emett Smith\" \/>\n<meta name=\"twitter:card\" content=\"summary_large_image\" \/>\n<meta name=\"twitter:creator\" content=\"@iamericaorg\" \/>\n<meta name=\"twitter:site\" content=\"@iamericaorg\" \/>\n<meta name=\"twitter:label1\" content=\"Written by\" \/>\n\t<meta name=\"twitter:data1\" content=\"Emett Smith\" \/>\n\t<meta name=\"twitter:label2\" content=\"Est. reading time\" \/>\n\t<meta name=\"twitter:data2\" content=\"3 minutes\" \/>\n<script type=\"application\/ld+json\" class=\"yoast-schema-graph\">{\"@context\":\"https:\\\/\\\/schema.org\",\"@graph\":[{\"@type\":\"Article\",\"@id\":\"https:\\\/\\\/iamerica.org\\\/maria-nuno-estrada-first-generation-immigrant-and-workers-united-member\\\/#article\",\"isPartOf\":{\"@id\":\"https:\\\/\\\/iamerica.org\\\/maria-nuno-estrada-first-generation-immigrant-and-workers-united-member\\\/\"},\"author\":{\"name\":\"Emett Smith\",\"@id\":\"https:\\\/\\\/iamerica.org\\\/ru\\\/#\\\/schema\\\/person\\\/996e55c405912a1b3cb29a4835fc895d\"},\"headline\":\"Maria Nuno-Estrada, first-generation immigrant and Workers United member\",\"datePublished\":\"2024-05-16T15:19:34+00:00\",\"dateModified\":\"2024-07-17T16:34:15+00:00\",\"mainEntityOfPage\":{\"@id\":\"https:\\\/\\\/iamerica.org\\\/maria-nuno-estrada-first-generation-immigrant-and-workers-united-member\\\/\"},\"wordCount\":416,\"commentCount\":0,\"publisher\":{\"@id\":\"https:\\\/\\\/iamerica.org\\\/ru\\\/#organization\"},\"image\":{\"@id\":\"https:\\\/\\\/iamerica.org\\\/maria-nuno-estrada-first-generation-immigrant-and-workers-united-member\\\/#primaryimage\"},\"thumbnailUrl\":\"https:\\\/\\\/iamerica.org\\\/wp-content\\\/uploads\\\/2024\\\/05\\\/IAmerica_Maria-1.png\",\"keywords\":[\"First generation\"],\"articleSection\":[\"Our Stories\"],\"inLanguage\":\"ht\",\"potentialAction\":[{\"@type\":\"CommentAction\",\"name\":\"Comment\",\"target\":[\"https:\\\/\\\/iamerica.org\\\/maria-nuno-estrada-first-generation-immigrant-and-workers-united-member\\\/#respond\"]}]},{\"@type\":\"WebPage\",\"@id\":\"https:\\\/\\\/iamerica.org\\\/maria-nuno-estrada-first-generation-immigrant-and-workers-united-member\\\/\",\"url\":\"https:\\\/\\\/iamerica.org\\\/maria-nuno-estrada-first-generation-immigrant-and-workers-united-member\\\/\",\"name\":\"Maria Nuno-Estrada, first-generation immigrant and Workers United member - iAmerica\",\"isPartOf\":{\"@id\":\"https:\\\/\\\/iamerica.org\\\/ru\\\/#website\"},\"primaryImageOfPage\":{\"@id\":\"https:\\\/\\\/iamerica.org\\\/maria-nuno-estrada-first-generation-immigrant-and-workers-united-member\\\/#primaryimage\"},\"image\":{\"@id\":\"https:\\\/\\\/iamerica.org\\\/maria-nuno-estrada-first-generation-immigrant-and-workers-united-member\\\/#primaryimage\"},\"thumbnailUrl\":\"https:\\\/\\\/iamerica.org\\\/wp-content\\\/uploads\\\/2024\\\/05\\\/IAmerica_Maria-1.png\",\"datePublished\":\"2024-05-16T15:19:34+00:00\",\"dateModified\":\"2024-07-17T16:34:15+00:00\",\"breadcrumb\":{\"@id\":\"https:\\\/\\\/iamerica.org\\\/maria-nuno-estrada-first-generation-immigrant-and-workers-united-member\\\/#breadcrumb\"},\"inLanguage\":\"ht\",\"potentialAction\":[{\"@type\":\"ReadAction\",\"target\":[\"https:\\\/\\\/iamerica.org\\\/maria-nuno-estrada-first-generation-immigrant-and-workers-united-member\\\/\"]}]},{\"@type\":\"ImageObject\",\"inLanguage\":\"ht\",\"@id\":\"https:\\\/\\\/iamerica.org\\\/maria-nuno-estrada-first-generation-immigrant-and-workers-united-member\\\/#primaryimage\",\"url\":\"https:\\\/\\\/iamerica.org\\\/wp-content\\\/uploads\\\/2024\\\/05\\\/IAmerica_Maria-1.png\",\"contentUrl\":\"https:\\\/\\\/iamerica.org\\\/wp-content\\\/uploads\\\/2024\\\/05\\\/IAmerica_Maria-1.png\",\"width\":710,\"height\":396,\"caption\":\"Maria, SEIU worker, holding a sign that says \\\"Tu Yo Somos America\\\"\"},{\"@type\":\"BreadcrumbList\",\"@id\":\"https:\\\/\\\/iamerica.org\\\/maria-nuno-estrada-first-generation-immigrant-and-workers-united-member\\\/#breadcrumb\",\"itemListElement\":[{\"@type\":\"ListItem\",\"position\":1,\"name\":\"Home\",\"item\":\"https:\\\/\\\/iamerica.org\\\/\"},{\"@type\":\"ListItem\",\"position\":2,\"name\":\"Maria Nuno-Estrada, first-generation immigrant and Workers United member\"}]},{\"@type\":\"WebSite\",\"@id\":\"https:\\\/\\\/iamerica.org\\\/ru\\\/#website\",\"url\":\"https:\\\/\\\/iamerica.org\\\/ru\\\/\",\"name\":\"iAmerica\",\"description\":\"\",\"publisher\":{\"@id\":\"https:\\\/\\\/iamerica.org\\\/ru\\\/#organization\"},\"potentialAction\":[{\"@type\":\"SearchAction\",\"target\":{\"@type\":\"EntryPoint\",\"urlTemplate\":\"https:\\\/\\\/iamerica.org\\\/ru\\\/?s={search_term_string}\"},\"query-input\":{\"@type\":\"PropertyValueSpecification\",\"valueRequired\":true,\"valueName\":\"search_term_string\"}}],\"inLanguage\":\"ht\"},{\"@type\":\"Organization\",\"@id\":\"https:\\\/\\\/iamerica.org\\\/ru\\\/#organization\",\"name\":\"iAmerica\",\"url\":\"https:\\\/\\\/iamerica.org\\\/ru\\\/\",\"logo\":{\"@type\":\"ImageObject\",\"inLanguage\":\"ht\",\"@id\":\"https:\\\/\\\/iamerica.org\\\/ru\\\/#\\\/schema\\\/logo\\\/image\\\/\",\"url\":\"https:\\\/\\\/iamerica.org\\\/wp-content\\\/uploads\\\/2024\\\/05\\\/iAmerica_Logo_Navy.png\",\"contentUrl\":\"https:\\\/\\\/iamerica.org\\\/wp-content\\\/uploads\\\/2024\\\/05\\\/iAmerica_Logo_Navy.png\",\"width\":2309,\"height\":626,\"caption\":\"iAmerica\"},\"image\":{\"@id\":\"https:\\\/\\\/iamerica.org\\\/ru\\\/#\\\/schema\\\/logo\\\/image\\\/\"},\"sameAs\":[\"https:\\\/\\\/www.facebook.com\\\/iAmericaorg\\\/\",\"https:\\\/\\\/x.com\\\/iamericaorg\",\"https:\\\/\\\/www.instagram.com\\\/iamericaorg\"]},{\"@type\":\"Person\",\"@id\":\"https:\\\/\\\/iamerica.org\\\/ru\\\/#\\\/schema\\\/person\\\/996e55c405912a1b3cb29a4835fc895d\",\"name\":\"Emett Smith\",\"image\":{\"@type\":\"ImageObject\",\"inLanguage\":\"ht\",\"@id\":\"https:\\\/\\\/secure.gravatar.com\\\/avatar\\\/57373ac1085666129067b856e684bf0075d54324de79ff8d332821c495c7471d?s=96&d=mm&r=g\",\"url\":\"https:\\\/\\\/secure.gravatar.com\\\/avatar\\\/57373ac1085666129067b856e684bf0075d54324de79ff8d332821c495c7471d?s=96&d=mm&r=g\",\"contentUrl\":\"https:\\\/\\\/secure.gravatar.com\\\/avatar\\\/57373ac1085666129067b856e684bf0075d54324de79ff8d332821c495c7471d?s=96&d=mm&r=g\",\"caption\":\"Emett Smith\"},\"url\":\"https:\\\/\\\/iamerica.org\\\/ht\\\/author\\\/emett617\\\/\"}]}<\/script>\n<!-- \/ Yoast SEO plugin. -->","yoast_head_json":{"title":"Maria Nuno-Estrada, imigran premye jenerasyon ak manm Workers United - iAmerica","robots":{"index":"index","follow":"follow","max-snippet":"max-snippet:-1","max-image-preview":"max-image-preview:large","max-video-preview":"max-video-preview:-1"},"canonical":"https:\/\/iamerica.org\/ht\/maria-nuno-estrada-first-generation-immigrant-and-workers-united-member\/","og_locale":"ht_HT","og_type":"article","og_title":"Maria Nuno-Estrada, first-generation immigrant and Workers United member - iAmerica","og_description":"The American dream\u2014an ethos that many aspire to, yet struggle to attain. For some, it is a basic hope of being able to sleep peacefully at night, awake in the morning, find opportunity to work, provide for our families, put food on the table, have access to electricity and running water, and ensure our children [&hellip;]","og_url":"https:\/\/iamerica.org\/ht\/maria-nuno-estrada-first-generation-immigrant-and-workers-united-member\/","og_site_name":"iAmerica","article_publisher":"https:\/\/www.facebook.com\/iAmericaorg\/","article_published_time":"2024-05-16T15:19:34+00:00","article_modified_time":"2024-07-17T16:34:15+00:00","og_image":[{"width":710,"height":396,"url":"https:\/\/iamerica.org\/wp-content\/uploads\/2024\/05\/IAmerica_Maria-1.png","type":"image\/png"}],"author":"Emett Smith","twitter_card":"summary_large_image","twitter_creator":"@iamericaorg","twitter_site":"@iamericaorg","twitter_misc":{"Written by":"Emett Smith","Est. reading time":"3 minutes"},"schema":{"@context":"https:\/\/schema.org","@graph":[{"@type":"Article","@id":"https:\/\/iamerica.org\/maria-nuno-estrada-first-generation-immigrant-and-workers-united-member\/#article","isPartOf":{"@id":"https:\/\/iamerica.org\/maria-nuno-estrada-first-generation-immigrant-and-workers-united-member\/"},"author":{"name":"Emett Smith","@id":"https:\/\/iamerica.org\/ru\/#\/schema\/person\/996e55c405912a1b3cb29a4835fc895d"},"headline":"Maria Nuno-Estrada, first-generation immigrant and Workers United member","datePublished":"2024-05-16T15:19:34+00:00","dateModified":"2024-07-17T16:34:15+00:00","mainEntityOfPage":{"@id":"https:\/\/iamerica.org\/maria-nuno-estrada-first-generation-immigrant-and-workers-united-member\/"},"wordCount":416,"commentCount":0,"publisher":{"@id":"https:\/\/iamerica.org\/ru\/#organization"},"image":{"@id":"https:\/\/iamerica.org\/maria-nuno-estrada-first-generation-immigrant-and-workers-united-member\/#primaryimage"},"thumbnailUrl":"https:\/\/iamerica.org\/wp-content\/uploads\/2024\/05\/IAmerica_Maria-1.png","keywords":["First generation"],"articleSection":["Our Stories"],"inLanguage":"ht","potentialAction":[{"@type":"CommentAction","name":"Comment","target":["https:\/\/iamerica.org\/maria-nuno-estrada-first-generation-immigrant-and-workers-united-member\/#respond"]}]},{"@type":"WebPage","@id":"https:\/\/iamerica.org\/maria-nuno-estrada-first-generation-immigrant-and-workers-united-member\/","url":"https:\/\/iamerica.org\/maria-nuno-estrada-first-generation-immigrant-and-workers-united-member\/","name":"Maria Nuno-Estrada, imigran premye jenerasyon ak manm Workers United - iAmerica","isPartOf":{"@id":"https:\/\/iamerica.org\/ru\/#website"},"primaryImageOfPage":{"@id":"https:\/\/iamerica.org\/maria-nuno-estrada-first-generation-immigrant-and-workers-united-member\/#primaryimage"},"image":{"@id":"https:\/\/iamerica.org\/maria-nuno-estrada-first-generation-immigrant-and-workers-united-member\/#primaryimage"},"thumbnailUrl":"https:\/\/iamerica.org\/wp-content\/uploads\/2024\/05\/IAmerica_Maria-1.png","datePublished":"2024-05-16T15:19:34+00:00","dateModified":"2024-07-17T16:34:15+00:00","breadcrumb":{"@id":"https:\/\/iamerica.org\/maria-nuno-estrada-first-generation-immigrant-and-workers-united-member\/#breadcrumb"},"inLanguage":"ht","potentialAction":[{"@type":"ReadAction","target":["https:\/\/iamerica.org\/maria-nuno-estrada-first-generation-immigrant-and-workers-united-member\/"]}]},{"@type":"ImageObject","inLanguage":"ht","@id":"https:\/\/iamerica.org\/maria-nuno-estrada-first-generation-immigrant-and-workers-united-member\/#primaryimage","url":"https:\/\/iamerica.org\/wp-content\/uploads\/2024\/05\/IAmerica_Maria-1.png","contentUrl":"https:\/\/iamerica.org\/wp-content\/uploads\/2024\/05\/IAmerica_Maria-1.png","width":710,"height":396,"caption":"Maria, SEIU worker, holding a sign that says \"Tu Yo Somos America\""},{"@type":"BreadcrumbList","@id":"https:\/\/iamerica.org\/maria-nuno-estrada-first-generation-immigrant-and-workers-united-member\/#breadcrumb","itemListElement":[{"@type":"ListItem","position":1,"name":"Home","item":"https:\/\/iamerica.org\/"},{"@type":"ListItem","position":2,"name":"Maria Nuno-Estrada, first-generation immigrant and Workers United member"}]},{"@type":"WebSite","@id":"https:\/\/iamerica.org\/ru\/#website","url":"https:\/\/iamerica.org\/ru\/","name":"iAmerik","description":"","publisher":{"@id":"https:\/\/iamerica.org\/ru\/#organization"},"potentialAction":[{"@type":"SearchAction","target":{"@type":"EntryPoint","urlTemplate":"https:\/\/iamerica.org\/ru\/?s={search_term_string}"},"query-input":{"@type":"PropertyValueSpecification","valueRequired":true,"valueName":"search_term_string"}}],"inLanguage":"ht"},{"@type":"Organization","@id":"https:\/\/iamerica.org\/ru\/#organization","name":"iAmerik","url":"https:\/\/iamerica.org\/ru\/","logo":{"@type":"ImageObject","inLanguage":"ht","@id":"https:\/\/iamerica.org\/ru\/#\/schema\/logo\/image\/","url":"https:\/\/iamerica.org\/wp-content\/uploads\/2024\/05\/iAmerica_Logo_Navy.png","contentUrl":"https:\/\/iamerica.org\/wp-content\/uploads\/2024\/05\/iAmerica_Logo_Navy.png","width":2309,"height":626,"caption":"iAmerica"},"image":{"@id":"https:\/\/iamerica.org\/ru\/#\/schema\/logo\/image\/"},"sameAs":["https:\/\/www.facebook.com\/iAmericaorg\/","https:\/\/x.com\/iamericaorg","https:\/\/www.instagram.com\/iamericaorg"]},{"@type":"Person","@id":"https:\/\/iamerica.org\/ru\/#\/schema\/person\/996e55c405912a1b3cb29a4835fc895d","name":"Emett Smith","image":{"@type":"ImageObject","inLanguage":"ht","@id":"https:\/\/secure.gravatar.com\/avatar\/57373ac1085666129067b856e684bf0075d54324de79ff8d332821c495c7471d?s=96&d=mm&r=g","url":"https:\/\/secure.gravatar.com\/avatar\/57373ac1085666129067b856e684bf0075d54324de79ff8d332821c495c7471d?s=96&d=mm&r=g","contentUrl":"https:\/\/secure.gravatar.com\/avatar\/57373ac1085666129067b856e684bf0075d54324de79ff8d332821c495c7471d?s=96&d=mm&r=g","caption":"Emett Smith"},"url":"https:\/\/iamerica.org\/ht\/author\/emett617\/"}]}},"_links":{"self":[{"href":"https:\/\/iamerica.org\/ht\/wp-json\/wp\/v2\/posts\/775","targetHints":{"allow":["GET"]}}],"collection":[{"href":"https:\/\/iamerica.org\/ht\/wp-json\/wp\/v2\/posts"}],"about":[{"href":"https:\/\/iamerica.org\/ht\/wp-json\/wp\/v2\/types\/post"}],"author":[{"embeddable":true,"href":"https:\/\/iamerica.org\/ht\/wp-json\/wp\/v2\/users\/2"}],"replies":[{"embeddable":true,"href":"https:\/\/iamerica.org\/ht\/wp-json\/wp\/v2\/comments?post=775"}],"version-history":[{"count":0,"href":"https:\/\/iamerica.org\/ht\/wp-json\/wp\/v2\/posts\/775\/revisions"}],"wp:featuredmedia":[{"embeddable":true,"href":"https:\/\/iamerica.org\/ht\/wp-json\/wp\/v2\/media\/894"}],"wp:attachment":[{"href":"https:\/\/iamerica.org\/ht\/wp-json\/wp\/v2\/media?parent=775"}],"wp:term":[{"taxonomy":"category","embeddable":true,"href":"https:\/\/iamerica.org\/ht\/wp-json\/wp\/v2\/categories?post=775"},{"taxonomy":"post_tag","embeddable":true,"href":"https:\/\/iamerica.org\/ht\/wp-json\/wp\/v2\/tags?post=775"}],"curies":[{"name":"wp","href":"https:\/\/api.w.org\/{rel}","templated":true}]}}