{"id":807,"date":"2024-05-16T15:32:41","date_gmt":"2024-05-16T15:32:41","guid":{"rendered":"https:\/\/iamerica.wpenginepowered.com\/?p=807"},"modified":"2024-07-17T12:36:01","modified_gmt":"2024-07-17T16:36:01","slug":"teresa-deleon-immigrant-from-the-philippines-and-member-of-seiu-1199nw","status":"publish","type":"post","link":"https:\/\/iamerica.org\/it\/teresa-deleon-immigrant-from-the-philippines-and-member-of-seiu-1199nw\/","title":{"rendered":"Teresa DeLeon, immigrata dalle Filippine e membro del SEIU 1199NW"},"content":{"rendered":"<p>Quando mio padre arriv\u00f2 negli Stati Uniti, dorm\u00ec sul divano di suo cugino in un appartamento con una sola camera da letto. Di notte, si infilava in bagno per piangere perch\u00e9 gli mancava la sua famiglia. In seguito, mia madre e le mie sorelle minori lo raggiunsero, ma io, da piccolo, rimasi con la mia famiglia. <em>Lola<\/em> (nonna) nelle Filippine.<\/p>\n\n\n\n<p>La tristezza e la nostalgia sono sentimenti familiari per me. Da bambina non ho conosciuto mio padre. Dopo essermi ricongiunto con la mia famiglia negli Stati Uniti all'et\u00e0 di 13 anni, lo vedevo raramente perch\u00e9 lavorava come meccanico per 12 ore al giorno, 7 giorni alla settimana. Posso contare solo un paio di volte in cui \u00e8 stato a casa per malattia. In ogni caso, ha sempre lavorato, risparmiando ogni centesimo per provvedere alla sua famiglia, senza mai concedersi cose frivole. Il denaro che mio padre guadagnava non era destinato solo alla nostra famiglia, ma aiutava anche i nostri parenti nelle Filippine e gli amici e i parenti appena immigrati negli Stati Uniti.<\/p>\n\n\n\n<p>L'America \u00e8 l'incarnazione dei sogni. Grazie ai sacrifici di mio padre, ho una vita meravigliosa. Ho una casa mia e un buon lavoro come registrar dell'ospedale, che si occupa di registrare le persone che arrivano per le emergenze. Quando i pazienti immigrati arrivano in accettazione, riconosco in loro quella forza interiore e quella resilienza che si imparano da stranieri che devono adattarsi in questo Paese.<\/p>\n\n\n\n<p>Ho notato che questi pazienti sono naturalmente attratti dalla mia scrivania piuttosto che da quella dei miei colleghi. Anche se non parlo la loro lingua, sentono il mio accento e forse percepiscono che comprender\u00f2 meglio le loro esigenze. Sono confortati dalla sensazione di un'esperienza condivisa.<\/p>\n\n\n\n<p>Cerco di essere accogliente e di trattare gli immigrati con compassione. Come la mia famiglia, dovrebbero avere l'opportunit\u00e0 di realizzare i loro sogni americani. Quando sento storie di bambini che vanno a scuola e si preoccupano di trovare i genitori quando tornano a casa, mi tornano in mente le mie esperienze di separazione e nostalgia. Il nostro sistema di immigrazione non dovrebbe essere cos\u00ec.<\/p>\n\n\n\n<p>I am a proud immigrant woman. The contributions I make to America and opportunities I\u2019ve received\u00a0 pave the way for my daughter and future generations.<\/p>\n\n\n\n<figure class=\"wp-block-gallery has-nested-images columns-3 is-cropped wp-block-gallery-1 is-layout-flex wp-block-gallery-is-layout-flex\">\n<figure class=\"wp-block-image size-large\"><a href=\"https:\/\/iamerica.org\/wp-content\/uploads\/2024\/05\/IMG_7625-scaled.jpg\"><img fetchpriority=\"high\" decoding=\"async\" width=\"768\" height=\"1024\" data-id=\"811\" src=\"https:\/\/iamerica.org\/wp-content\/uploads\/2024\/05\/IMG_7625-768x1024.jpg\" alt=\"Teresa DeLeon, immigrant from the Philippines and member of SEIU 1199NW, family photo\" class=\"wp-image-811\" srcset=\"https:\/\/iamerica.org\/wp-content\/uploads\/2024\/05\/IMG_7625-768x1024.jpg 768w, https:\/\/iamerica.org\/wp-content\/uploads\/2024\/05\/IMG_7625-225x300.jpg 225w, https:\/\/iamerica.org\/wp-content\/uploads\/2024\/05\/IMG_7625-1152x1536.jpg 1152w, https:\/\/iamerica.org\/wp-content\/uploads\/2024\/05\/IMG_7625-1536x2048.jpg 1536w, https:\/\/iamerica.org\/wp-content\/uploads\/2024\/05\/IMG_7625-scaled.jpg 1920w\" sizes=\"(max-width: 768px) 100vw, 768px\" \/><\/a><\/figure>\n\n\n\n<figure class=\"wp-block-image size-large\"><a href=\"https:\/\/iamerica.org\/wp-content\/uploads\/2024\/05\/IMG_7624-scaled-e1717006285711.jpg\"><img decoding=\"async\" width=\"1024\" height=\"768\" data-id=\"810\" src=\"https:\/\/iamerica.org\/wp-content\/uploads\/2024\/05\/IMG_7624-scaled-e1717006285711-1024x768.jpg\" alt=\"Teresa DeLeon, immigrant from the Philippines and member of SEIU 1199NW, family photo\" class=\"wp-image-810\" srcset=\"https:\/\/iamerica.org\/wp-content\/uploads\/2024\/05\/IMG_7624-scaled-e1717006285711-1024x768.jpg 1024w, https:\/\/iamerica.org\/wp-content\/uploads\/2024\/05\/IMG_7624-scaled-e1717006285711-300x225.jpg 300w, https:\/\/iamerica.org\/wp-content\/uploads\/2024\/05\/IMG_7624-scaled-e1717006285711-768x576.jpg 768w, https:\/\/iamerica.org\/wp-content\/uploads\/2024\/05\/IMG_7624-scaled-e1717006285711-1536x1152.jpg 1536w, https:\/\/iamerica.org\/wp-content\/uploads\/2024\/05\/IMG_7624-scaled-e1717006285711-2048x1536.jpg 2048w\" sizes=\"(max-width: 1024px) 100vw, 1024px\" \/><\/a><\/figure>\n\n\n\n<figure class=\"wp-block-image size-large\"><a href=\"https:\/\/iamerica.org\/wp-content\/uploads\/2024\/05\/IMG_7622-scaled.jpg\"><img decoding=\"async\" width=\"768\" height=\"1024\" data-id=\"808\" src=\"https:\/\/iamerica.org\/wp-content\/uploads\/2024\/05\/IMG_7622-768x1024.jpg\" alt=\"Teresa DeLeon, immigrant from the Philippines and member of SEIU 1199NW\" class=\"wp-image-808\" srcset=\"https:\/\/iamerica.org\/wp-content\/uploads\/2024\/05\/IMG_7622-768x1024.jpg 768w, https:\/\/iamerica.org\/wp-content\/uploads\/2024\/05\/IMG_7622-225x300.jpg 225w, https:\/\/iamerica.org\/wp-content\/uploads\/2024\/05\/IMG_7622-1152x1536.jpg 1152w, https:\/\/iamerica.org\/wp-content\/uploads\/2024\/05\/IMG_7622-1536x2048.jpg 1536w, https:\/\/iamerica.org\/wp-content\/uploads\/2024\/05\/IMG_7622-scaled.jpg 1920w\" sizes=\"(max-width: 768px) 100vw, 768px\" \/><\/a><\/figure>\n\n\n\n<figure class=\"wp-block-image size-large\"><a href=\"https:\/\/iamerica.org\/wp-content\/uploads\/2024\/05\/IMG_7623-scaled-e1717006296688.jpg\"><img loading=\"lazy\" decoding=\"async\" width=\"1024\" height=\"768\" data-id=\"809\" src=\"https:\/\/iamerica.org\/wp-content\/uploads\/2024\/05\/IMG_7623-scaled-e1717006296688-1024x768.jpg\" alt=\"Teresa DeLeon, immigrant from the Philippines and member of SEIU 1199NW\" class=\"wp-image-809\" srcset=\"https:\/\/iamerica.org\/wp-content\/uploads\/2024\/05\/IMG_7623-scaled-e1717006296688-1024x768.jpg 1024w, https:\/\/iamerica.org\/wp-content\/uploads\/2024\/05\/IMG_7623-scaled-e1717006296688-300x225.jpg 300w, https:\/\/iamerica.org\/wp-content\/uploads\/2024\/05\/IMG_7623-scaled-e1717006296688-768x576.jpg 768w, https:\/\/iamerica.org\/wp-content\/uploads\/2024\/05\/IMG_7623-scaled-e1717006296688-1536x1152.jpg 1536w, https:\/\/iamerica.org\/wp-content\/uploads\/2024\/05\/IMG_7623-scaled-e1717006296688-2048x1536.jpg 2048w\" sizes=\"(max-width: 1024px) 100vw, 1024px\" \/><\/a><\/figure>\n<\/figure>","protected":false},"excerpt":{"rendered":"<p>When my father first arrived in the U.S., he slept on his cousin\u2019s couch in a one-bedroom apartment. At night, he would sneak into the bathroom to cry because he missed his family. Later, my mother and younger sisters joined him, but as a toddler, I was left with my Lola (grandmother) in the Philippines. [&hellip;]<\/p>\n","protected":false},"author":2,"featured_media":898,"comment_status":"open","ping_status":"open","sticky":false,"template":"","format":"standard","meta":{"footnotes":"","_links_to":"","_links_to_target":""},"categories":[11],"tags":[16,15],"class_list":["post-807","post","type-post","status-publish","format-standard","has-post-thumbnail","hentry","category-our-stories","tag-first-generation","tag-naturalized-citizen"],"yoast_head":"<!-- This site is optimized with the Yoast SEO plugin v27.3 - https:\/\/yoast.com\/product\/yoast-seo-wordpress\/ -->\n<title>Teresa DeLeon, immigrant from the Philippines and member of SEIU 1199NW - iAmerica<\/title>\n<meta name=\"robots\" content=\"index, follow, max-snippet:-1, max-image-preview:large, max-video-preview:-1\" \/>\n<link rel=\"canonical\" href=\"https:\/\/iamerica.org\/it\/teresa-deleon-immigrant-from-the-philippines-and-member-of-seiu-1199nw\/\" \/>\n<meta property=\"og:locale\" content=\"it_IT\" \/>\n<meta property=\"og:type\" content=\"article\" \/>\n<meta property=\"og:title\" content=\"Teresa DeLeon, immigrant from the Philippines and member of SEIU 1199NW - iAmerica\" \/>\n<meta property=\"og:description\" content=\"When my father first arrived in the U.S., he slept on his cousin\u2019s couch in a one-bedroom apartment. At night, he would sneak into the bathroom to cry because he missed his family. Later, my mother and younger sisters joined him, but as a toddler, I was left with my Lola (grandmother) in the Philippines. [&hellip;]\" \/>\n<meta property=\"og:url\" content=\"https:\/\/iamerica.org\/it\/teresa-deleon-immigrant-from-the-philippines-and-member-of-seiu-1199nw\/\" \/>\n<meta property=\"og:site_name\" content=\"iAmerica\" \/>\n<meta property=\"article:publisher\" content=\"https:\/\/www.facebook.com\/iAmericaorg\/\" \/>\n<meta property=\"article:published_time\" content=\"2024-05-16T15:32:41+00:00\" \/>\n<meta property=\"article:modified_time\" content=\"2024-07-17T16:36:01+00:00\" \/>\n<meta property=\"og:image\" content=\"https:\/\/iamerica.org\/wp-content\/uploads\/2024\/05\/IAmerica_Teresa-1.png\" \/>\n\t<meta property=\"og:image:width\" content=\"710\" \/>\n\t<meta property=\"og:image:height\" content=\"396\" \/>\n\t<meta property=\"og:image:type\" content=\"image\/png\" \/>\n<meta name=\"author\" content=\"Emett Smith\" \/>\n<meta name=\"twitter:card\" content=\"summary_large_image\" \/>\n<meta name=\"twitter:creator\" content=\"@iamericaorg\" \/>\n<meta name=\"twitter:site\" content=\"@iamericaorg\" \/>\n<meta name=\"twitter:label1\" content=\"Scritto da\" \/>\n\t<meta name=\"twitter:data1\" content=\"Emett Smith\" \/>\n\t<meta name=\"twitter:label2\" content=\"Tempo di lettura stimato\" \/>\n\t<meta name=\"twitter:data2\" content=\"3 minuti\" \/>\n<script type=\"application\/ld+json\" class=\"yoast-schema-graph\">{\"@context\":\"https:\\\/\\\/schema.org\",\"@graph\":[{\"@type\":\"Article\",\"@id\":\"https:\\\/\\\/iamerica.org\\\/teresa-deleon-immigrant-from-the-philippines-and-member-of-seiu-1199nw\\\/#article\",\"isPartOf\":{\"@id\":\"https:\\\/\\\/iamerica.org\\\/teresa-deleon-immigrant-from-the-philippines-and-member-of-seiu-1199nw\\\/\"},\"author\":{\"name\":\"Emett Smith\",\"@id\":\"https:\\\/\\\/iamerica.org\\\/ru\\\/#\\\/schema\\\/person\\\/996e55c405912a1b3cb29a4835fc895d\"},\"headline\":\"Teresa DeLeon, immigrant from the Philippines and member of SEIU 1199NW\",\"datePublished\":\"2024-05-16T15:32:41+00:00\",\"dateModified\":\"2024-07-17T16:36:01+00:00\",\"mainEntityOfPage\":{\"@id\":\"https:\\\/\\\/iamerica.org\\\/teresa-deleon-immigrant-from-the-philippines-and-member-of-seiu-1199nw\\\/\"},\"wordCount\":382,\"commentCount\":0,\"publisher\":{\"@id\":\"https:\\\/\\\/iamerica.org\\\/ru\\\/#organization\"},\"image\":{\"@id\":\"https:\\\/\\\/iamerica.org\\\/teresa-deleon-immigrant-from-the-philippines-and-member-of-seiu-1199nw\\\/#primaryimage\"},\"thumbnailUrl\":\"https:\\\/\\\/iamerica.org\\\/wp-content\\\/uploads\\\/2024\\\/05\\\/IAmerica_Teresa-1.png\",\"keywords\":[\"First generation\",\"Naturalized citizen\"],\"articleSection\":[\"Our Stories\"],\"inLanguage\":\"it-IT\",\"potentialAction\":[{\"@type\":\"CommentAction\",\"name\":\"Comment\",\"target\":[\"https:\\\/\\\/iamerica.org\\\/teresa-deleon-immigrant-from-the-philippines-and-member-of-seiu-1199nw\\\/#respond\"]}]},{\"@type\":\"WebPage\",\"@id\":\"https:\\\/\\\/iamerica.org\\\/teresa-deleon-immigrant-from-the-philippines-and-member-of-seiu-1199nw\\\/\",\"url\":\"https:\\\/\\\/iamerica.org\\\/teresa-deleon-immigrant-from-the-philippines-and-member-of-seiu-1199nw\\\/\",\"name\":\"Teresa DeLeon, immigrant from the Philippines and member of SEIU 1199NW - iAmerica\",\"isPartOf\":{\"@id\":\"https:\\\/\\\/iamerica.org\\\/ru\\\/#website\"},\"primaryImageOfPage\":{\"@id\":\"https:\\\/\\\/iamerica.org\\\/teresa-deleon-immigrant-from-the-philippines-and-member-of-seiu-1199nw\\\/#primaryimage\"},\"image\":{\"@id\":\"https:\\\/\\\/iamerica.org\\\/teresa-deleon-immigrant-from-the-philippines-and-member-of-seiu-1199nw\\\/#primaryimage\"},\"thumbnailUrl\":\"https:\\\/\\\/iamerica.org\\\/wp-content\\\/uploads\\\/2024\\\/05\\\/IAmerica_Teresa-1.png\",\"datePublished\":\"2024-05-16T15:32:41+00:00\",\"dateModified\":\"2024-07-17T16:36:01+00:00\",\"breadcrumb\":{\"@id\":\"https:\\\/\\\/iamerica.org\\\/teresa-deleon-immigrant-from-the-philippines-and-member-of-seiu-1199nw\\\/#breadcrumb\"},\"inLanguage\":\"it-IT\",\"potentialAction\":[{\"@type\":\"ReadAction\",\"target\":[\"https:\\\/\\\/iamerica.org\\\/teresa-deleon-immigrant-from-the-philippines-and-member-of-seiu-1199nw\\\/\"]}]},{\"@type\":\"ImageObject\",\"inLanguage\":\"it-IT\",\"@id\":\"https:\\\/\\\/iamerica.org\\\/teresa-deleon-immigrant-from-the-philippines-and-member-of-seiu-1199nw\\\/#primaryimage\",\"url\":\"https:\\\/\\\/iamerica.org\\\/wp-content\\\/uploads\\\/2024\\\/05\\\/IAmerica_Teresa-1.png\",\"contentUrl\":\"https:\\\/\\\/iamerica.org\\\/wp-content\\\/uploads\\\/2024\\\/05\\\/IAmerica_Teresa-1.png\",\"width\":710,\"height\":396,\"caption\":\"Teresa, SEIU Member\"},{\"@type\":\"BreadcrumbList\",\"@id\":\"https:\\\/\\\/iamerica.org\\\/teresa-deleon-immigrant-from-the-philippines-and-member-of-seiu-1199nw\\\/#breadcrumb\",\"itemListElement\":[{\"@type\":\"ListItem\",\"position\":1,\"name\":\"Home\",\"item\":\"https:\\\/\\\/iamerica.org\\\/\"},{\"@type\":\"ListItem\",\"position\":2,\"name\":\"Teresa DeLeon, immigrant from the Philippines and member of SEIU 1199NW\"}]},{\"@type\":\"WebSite\",\"@id\":\"https:\\\/\\\/iamerica.org\\\/ru\\\/#website\",\"url\":\"https:\\\/\\\/iamerica.org\\\/ru\\\/\",\"name\":\"iAmerica\",\"description\":\"\",\"publisher\":{\"@id\":\"https:\\\/\\\/iamerica.org\\\/ru\\\/#organization\"},\"potentialAction\":[{\"@type\":\"SearchAction\",\"target\":{\"@type\":\"EntryPoint\",\"urlTemplate\":\"https:\\\/\\\/iamerica.org\\\/ru\\\/?s={search_term_string}\"},\"query-input\":{\"@type\":\"PropertyValueSpecification\",\"valueRequired\":true,\"valueName\":\"search_term_string\"}}],\"inLanguage\":\"it-IT\"},{\"@type\":\"Organization\",\"@id\":\"https:\\\/\\\/iamerica.org\\\/ru\\\/#organization\",\"name\":\"iAmerica\",\"url\":\"https:\\\/\\\/iamerica.org\\\/ru\\\/\",\"logo\":{\"@type\":\"ImageObject\",\"inLanguage\":\"it-IT\",\"@id\":\"https:\\\/\\\/iamerica.org\\\/ru\\\/#\\\/schema\\\/logo\\\/image\\\/\",\"url\":\"https:\\\/\\\/iamerica.org\\\/wp-content\\\/uploads\\\/2024\\\/05\\\/iAmerica_Logo_Navy.png\",\"contentUrl\":\"https:\\\/\\\/iamerica.org\\\/wp-content\\\/uploads\\\/2024\\\/05\\\/iAmerica_Logo_Navy.png\",\"width\":2309,\"height\":626,\"caption\":\"iAmerica\"},\"image\":{\"@id\":\"https:\\\/\\\/iamerica.org\\\/ru\\\/#\\\/schema\\\/logo\\\/image\\\/\"},\"sameAs\":[\"https:\\\/\\\/www.facebook.com\\\/iAmericaorg\\\/\",\"https:\\\/\\\/x.com\\\/iamericaorg\",\"https:\\\/\\\/www.instagram.com\\\/iamericaorg\"]},{\"@type\":\"Person\",\"@id\":\"https:\\\/\\\/iamerica.org\\\/ru\\\/#\\\/schema\\\/person\\\/996e55c405912a1b3cb29a4835fc895d\",\"name\":\"Emett Smith\",\"image\":{\"@type\":\"ImageObject\",\"inLanguage\":\"it-IT\",\"@id\":\"https:\\\/\\\/secure.gravatar.com\\\/avatar\\\/57373ac1085666129067b856e684bf0075d54324de79ff8d332821c495c7471d?s=96&d=mm&r=g\",\"url\":\"https:\\\/\\\/secure.gravatar.com\\\/avatar\\\/57373ac1085666129067b856e684bf0075d54324de79ff8d332821c495c7471d?s=96&d=mm&r=g\",\"contentUrl\":\"https:\\\/\\\/secure.gravatar.com\\\/avatar\\\/57373ac1085666129067b856e684bf0075d54324de79ff8d332821c495c7471d?s=96&d=mm&r=g\",\"caption\":\"Emett Smith\"},\"url\":\"https:\\\/\\\/iamerica.org\\\/it\\\/author\\\/emett617\\\/\"}]}<\/script>\n<!-- \/ Yoast SEO plugin. -->","yoast_head_json":{"title":"Teresa DeLeon, immigrata dalle Filippine e membro del SEIU 1199NW - iAmerica","robots":{"index":"index","follow":"follow","max-snippet":"max-snippet:-1","max-image-preview":"max-image-preview:large","max-video-preview":"max-video-preview:-1"},"canonical":"https:\/\/iamerica.org\/it\/teresa-deleon-immigrant-from-the-philippines-and-member-of-seiu-1199nw\/","og_locale":"it_IT","og_type":"article","og_title":"Teresa DeLeon, immigrant from the Philippines and member of SEIU 1199NW - iAmerica","og_description":"When my father first arrived in the U.S., he slept on his cousin\u2019s couch in a one-bedroom apartment. At night, he would sneak into the bathroom to cry because he missed his family. Later, my mother and younger sisters joined him, but as a toddler, I was left with my Lola (grandmother) in the Philippines. [&hellip;]","og_url":"https:\/\/iamerica.org\/it\/teresa-deleon-immigrant-from-the-philippines-and-member-of-seiu-1199nw\/","og_site_name":"iAmerica","article_publisher":"https:\/\/www.facebook.com\/iAmericaorg\/","article_published_time":"2024-05-16T15:32:41+00:00","article_modified_time":"2024-07-17T16:36:01+00:00","og_image":[{"width":710,"height":396,"url":"https:\/\/iamerica.org\/wp-content\/uploads\/2024\/05\/IAmerica_Teresa-1.png","type":"image\/png"}],"author":"Emett Smith","twitter_card":"summary_large_image","twitter_creator":"@iamericaorg","twitter_site":"@iamericaorg","twitter_misc":{"Scritto da":"Emett Smith","Tempo di lettura stimato":"3 minuti"},"schema":{"@context":"https:\/\/schema.org","@graph":[{"@type":"Article","@id":"https:\/\/iamerica.org\/teresa-deleon-immigrant-from-the-philippines-and-member-of-seiu-1199nw\/#article","isPartOf":{"@id":"https:\/\/iamerica.org\/teresa-deleon-immigrant-from-the-philippines-and-member-of-seiu-1199nw\/"},"author":{"name":"Emett Smith","@id":"https:\/\/iamerica.org\/ru\/#\/schema\/person\/996e55c405912a1b3cb29a4835fc895d"},"headline":"Teresa DeLeon, immigrant from the Philippines and member of SEIU 1199NW","datePublished":"2024-05-16T15:32:41+00:00","dateModified":"2024-07-17T16:36:01+00:00","mainEntityOfPage":{"@id":"https:\/\/iamerica.org\/teresa-deleon-immigrant-from-the-philippines-and-member-of-seiu-1199nw\/"},"wordCount":382,"commentCount":0,"publisher":{"@id":"https:\/\/iamerica.org\/ru\/#organization"},"image":{"@id":"https:\/\/iamerica.org\/teresa-deleon-immigrant-from-the-philippines-and-member-of-seiu-1199nw\/#primaryimage"},"thumbnailUrl":"https:\/\/iamerica.org\/wp-content\/uploads\/2024\/05\/IAmerica_Teresa-1.png","keywords":["First generation","Naturalized citizen"],"articleSection":["Our Stories"],"inLanguage":"it-IT","potentialAction":[{"@type":"CommentAction","name":"Comment","target":["https:\/\/iamerica.org\/teresa-deleon-immigrant-from-the-philippines-and-member-of-seiu-1199nw\/#respond"]}]},{"@type":"WebPage","@id":"https:\/\/iamerica.org\/teresa-deleon-immigrant-from-the-philippines-and-member-of-seiu-1199nw\/","url":"https:\/\/iamerica.org\/teresa-deleon-immigrant-from-the-philippines-and-member-of-seiu-1199nw\/","name":"Teresa DeLeon, immigrata dalle Filippine e membro del SEIU 1199NW - iAmerica","isPartOf":{"@id":"https:\/\/iamerica.org\/ru\/#website"},"primaryImageOfPage":{"@id":"https:\/\/iamerica.org\/teresa-deleon-immigrant-from-the-philippines-and-member-of-seiu-1199nw\/#primaryimage"},"image":{"@id":"https:\/\/iamerica.org\/teresa-deleon-immigrant-from-the-philippines-and-member-of-seiu-1199nw\/#primaryimage"},"thumbnailUrl":"https:\/\/iamerica.org\/wp-content\/uploads\/2024\/05\/IAmerica_Teresa-1.png","datePublished":"2024-05-16T15:32:41+00:00","dateModified":"2024-07-17T16:36:01+00:00","breadcrumb":{"@id":"https:\/\/iamerica.org\/teresa-deleon-immigrant-from-the-philippines-and-member-of-seiu-1199nw\/#breadcrumb"},"inLanguage":"it-IT","potentialAction":[{"@type":"ReadAction","target":["https:\/\/iamerica.org\/teresa-deleon-immigrant-from-the-philippines-and-member-of-seiu-1199nw\/"]}]},{"@type":"ImageObject","inLanguage":"it-IT","@id":"https:\/\/iamerica.org\/teresa-deleon-immigrant-from-the-philippines-and-member-of-seiu-1199nw\/#primaryimage","url":"https:\/\/iamerica.org\/wp-content\/uploads\/2024\/05\/IAmerica_Teresa-1.png","contentUrl":"https:\/\/iamerica.org\/wp-content\/uploads\/2024\/05\/IAmerica_Teresa-1.png","width":710,"height":396,"caption":"Teresa, SEIU Member"},{"@type":"BreadcrumbList","@id":"https:\/\/iamerica.org\/teresa-deleon-immigrant-from-the-philippines-and-member-of-seiu-1199nw\/#breadcrumb","itemListElement":[{"@type":"ListItem","position":1,"name":"Home","item":"https:\/\/iamerica.org\/"},{"@type":"ListItem","position":2,"name":"Teresa DeLeon, immigrant from the Philippines and member of SEIU 1199NW"}]},{"@type":"WebSite","@id":"https:\/\/iamerica.org\/ru\/#website","url":"https:\/\/iamerica.org\/ru\/","name":"iAmerica","description":"","publisher":{"@id":"https:\/\/iamerica.org\/ru\/#organization"},"potentialAction":[{"@type":"SearchAction","target":{"@type":"EntryPoint","urlTemplate":"https:\/\/iamerica.org\/ru\/?s={search_term_string}"},"query-input":{"@type":"PropertyValueSpecification","valueRequired":true,"valueName":"search_term_string"}}],"inLanguage":"it-IT"},{"@type":"Organization","@id":"https:\/\/iamerica.org\/ru\/#organization","name":"iAmerica","url":"https:\/\/iamerica.org\/ru\/","logo":{"@type":"ImageObject","inLanguage":"it-IT","@id":"https:\/\/iamerica.org\/ru\/#\/schema\/logo\/image\/","url":"https:\/\/iamerica.org\/wp-content\/uploads\/2024\/05\/iAmerica_Logo_Navy.png","contentUrl":"https:\/\/iamerica.org\/wp-content\/uploads\/2024\/05\/iAmerica_Logo_Navy.png","width":2309,"height":626,"caption":"iAmerica"},"image":{"@id":"https:\/\/iamerica.org\/ru\/#\/schema\/logo\/image\/"},"sameAs":["https:\/\/www.facebook.com\/iAmericaorg\/","https:\/\/x.com\/iamericaorg","https:\/\/www.instagram.com\/iamericaorg"]},{"@type":"Person","@id":"https:\/\/iamerica.org\/ru\/#\/schema\/person\/996e55c405912a1b3cb29a4835fc895d","name":"Emett Smith","image":{"@type":"ImageObject","inLanguage":"it-IT","@id":"https:\/\/secure.gravatar.com\/avatar\/57373ac1085666129067b856e684bf0075d54324de79ff8d332821c495c7471d?s=96&d=mm&r=g","url":"https:\/\/secure.gravatar.com\/avatar\/57373ac1085666129067b856e684bf0075d54324de79ff8d332821c495c7471d?s=96&d=mm&r=g","contentUrl":"https:\/\/secure.gravatar.com\/avatar\/57373ac1085666129067b856e684bf0075d54324de79ff8d332821c495c7471d?s=96&d=mm&r=g","caption":"Emett Smith"},"url":"https:\/\/iamerica.org\/it\/author\/emett617\/"}]}},"_links":{"self":[{"href":"https:\/\/iamerica.org\/it\/wp-json\/wp\/v2\/posts\/807","targetHints":{"allow":["GET"]}}],"collection":[{"href":"https:\/\/iamerica.org\/it\/wp-json\/wp\/v2\/posts"}],"about":[{"href":"https:\/\/iamerica.org\/it\/wp-json\/wp\/v2\/types\/post"}],"author":[{"embeddable":true,"href":"https:\/\/iamerica.org\/it\/wp-json\/wp\/v2\/users\/2"}],"replies":[{"embeddable":true,"href":"https:\/\/iamerica.org\/it\/wp-json\/wp\/v2\/comments?post=807"}],"version-history":[{"count":0,"href":"https:\/\/iamerica.org\/it\/wp-json\/wp\/v2\/posts\/807\/revisions"}],"wp:featuredmedia":[{"embeddable":true,"href":"https:\/\/iamerica.org\/it\/wp-json\/wp\/v2\/media\/898"}],"wp:attachment":[{"href":"https:\/\/iamerica.org\/it\/wp-json\/wp\/v2\/media?parent=807"}],"wp:term":[{"taxonomy":"category","embeddable":true,"href":"https:\/\/iamerica.org\/it\/wp-json\/wp\/v2\/categories?post=807"},{"taxonomy":"post_tag","embeddable":true,"href":"https:\/\/iamerica.org\/it\/wp-json\/wp\/v2\/tags?post=807"}],"curies":[{"name":"wp","href":"https:\/\/api.w.org\/{rel}","templated":true}]}}