{"id":775,"date":"2024-05-16T15:19:34","date_gmt":"2024-05-16T15:19:34","guid":{"rendered":"https:\/\/iamerica.wpenginepowered.com\/?p=775"},"modified":"2024-07-17T12:34:15","modified_gmt":"2024-07-17T16:34:15","slug":"maria-nuno-estrada-first-generation-immigrant-and-workers-united-member","status":"publish","type":"post","link":"https:\/\/iamerica.org\/nl\/maria-nuno-estrada-first-generation-immigrant-and-workers-united-member\/","title":{"rendered":"Maria Nuno-Estrada, immigrant van de eerste generatie en lid van Workers United"},"content":{"rendered":"<p>De Amerikaanse droom - een ethos waar velen naar streven, maar worstelen om het te bereiken. Voor sommigen is het een elementaire hoop om 's nachts rustig te kunnen slapen, 's ochtends wakker te worden, de kans te krijgen om te werken, voor onze gezinnen te zorgen, eten op tafel te kunnen zetten, toegang te hebben tot elektriciteit en stromend water en ervoor te zorgen dat onze kinderen worden beschermd en voorbereid op de toekomst - eenvoudige behoeften die zovelen als vanzelfsprekend beschouwen.<\/p>\n\n\n\n<p>Dit was de Amerikaanse droom van \u00e9\u00e9n geweldige immigrantenvrouw: mijn moeder, Paulina. Haar moed, lef en verhaal zijn een inspiratie.<\/p>\n\n\n\n<p>Paulina verliet Mexico als tiener op zoek naar een betere toekomst. Ze kende de taal niet toen ze in de VS aankwam, maar liet zich daardoor niet tegenhouden. Ze begon meteen haar steentje bij te dragen aan de maatschappij door aan de lopende band te werken in een fabriek hier in Dallas, Texas, die haarproducten maakt voor Amerikaanse huishoudens.<\/p>\n\n\n\n<p>Na verloop van tijd voedde mijn moeder kinderen op die uiteindelijk lerares, beveiligingsbeambte, spraakpatholoog en vakbondsleider zouden worden. Nu streven haar kleinkinderen ernaar om arts en danseres te worden. Dit is de Amerikaanse droom van onze familie: de kans op vooruitgang en welvaart door de generaties heen. Dankzij de Immigration Reform and Control Act van 1986, bekend als de Reagan Amnesty, kregen mijn beide ouders een legale status.<\/p>\n\n\n\n<p>Als een in de VS geboren burger ben ik trots op mijn land, mijn erfgoed, mijn familie en mijn vakbond, de Southwest Region van Workers United aangesloten bij SEIU. Maar hoewel ik het voorrecht heb beschermd te worden door de Amerikaanse grondwet, ken ik ook de terreur waarmee mensen dag in dag uit leven. Ik kan de zielsverpletterende angst uit mijn kindertijd nooit van me afschudden als ik in mijn gemeenschap hoor,<em> \"La migra, la migra, corr\u00e9l\u00e9, corr\u00e9l\u00e9, esc\u00f3ndete, la migra!<\/em>\"<\/p>\n\n\n\n<p>Op zulke momenten veranderde wat eens een levendige, vrolijke buurt was in totale stilte. Als kind van immigranten van de eerste generatie dragen we die diepgewortelde woede en afwijzing van ons volk nog steeds mee in onze ziel - tot ver in onze volwassenheid.<\/p>\n\n\n\n<p>Dit is wat mij drijft om op te staan en te vechten voor degenen die dat niet kunnen.<\/p>\n\n\n\n<figure class=\"wp-block-gallery has-nested-images columns-2 is-cropped wp-block-gallery-1 is-layout-flex wp-block-gallery-is-layout-flex\">\n<figure class=\"wp-block-image size-large\"><a href=\"https:\/\/iamerica.org\/wp-content\/uploads\/2024\/05\/Maria-Nuno-Estrada_w-mom-phonebanking.jpg\"><img fetchpriority=\"high\" decoding=\"async\" width=\"996\" height=\"1024\" data-id=\"780\" src=\"https:\/\/iamerica.org\/wp-content\/uploads\/2024\/05\/Maria-Nuno-Estrada_w-mom-phonebanking-996x1024.jpg\" alt=\"\" class=\"wp-image-780\" srcset=\"https:\/\/iamerica.org\/wp-content\/uploads\/2024\/05\/Maria-Nuno-Estrada_w-mom-phonebanking-996x1024.jpg 996w, https:\/\/iamerica.org\/wp-content\/uploads\/2024\/05\/Maria-Nuno-Estrada_w-mom-phonebanking-292x300.jpg 292w, https:\/\/iamerica.org\/wp-content\/uploads\/2024\/05\/Maria-Nuno-Estrada_w-mom-phonebanking-768x790.jpg 768w, https:\/\/iamerica.org\/wp-content\/uploads\/2024\/05\/Maria-Nuno-Estrada_w-mom-phonebanking.jpg 1064w\" sizes=\"(max-width: 996px) 100vw, 996px\" \/><\/a><figcaption class=\"wp-element-caption\">Maria en Paulina in de Union Hall Southwest Regional Joint Board Workers United. Paulina is altijd bereid om als vrijwilliger Spaanse phonebanking te doen.<\/figcaption><\/figure>\n\n\n\n<figure class=\"wp-block-image size-large\"><a href=\"https:\/\/iamerica.org\/wp-content\/uploads\/2024\/05\/Maria-Nuno-Estrada_w-mom-at-immigration-rally.jpg\"><img decoding=\"async\" width=\"974\" height=\"713\" data-id=\"779\" src=\"https:\/\/iamerica.org\/wp-content\/uploads\/2024\/05\/Maria-Nuno-Estrada_w-mom-at-immigration-rally.jpg\" alt=\"\" class=\"wp-image-779\" srcset=\"https:\/\/iamerica.org\/wp-content\/uploads\/2024\/05\/Maria-Nuno-Estrada_w-mom-at-immigration-rally.jpg 974w, https:\/\/iamerica.org\/wp-content\/uploads\/2024\/05\/Maria-Nuno-Estrada_w-mom-at-immigration-rally-300x220.jpg 300w, https:\/\/iamerica.org\/wp-content\/uploads\/2024\/05\/Maria-Nuno-Estrada_w-mom-at-immigration-rally-768x562.jpg 768w\" sizes=\"(max-width: 974px) 100vw, 974px\" \/><\/a><figcaption class=\"wp-element-caption\">Maria en haar moeder op een immigratiebijeenkomst van Workers United en Dallas AFL-CIO.<\/figcaption><\/figure>\n\n\n\n<figure class=\"wp-block-image size-large\"><a href=\"https:\/\/iamerica.org\/wp-content\/uploads\/2024\/05\/Maria-Nuno-Estrada_mom-in-20s.jpg\"><img decoding=\"async\" width=\"226\" height=\"924\" data-id=\"777\" src=\"https:\/\/iamerica.org\/wp-content\/uploads\/2024\/05\/Maria-Nuno-Estrada_mom-in-20s.jpg\" alt=\"\" class=\"wp-image-777\"\/><\/a><figcaption class=\"wp-element-caption\">Paulina, Maria\u2019s mom, in her 20s.<\/figcaption><\/figure>\n\n\n\n<figure class=\"wp-block-image size-large\"><a href=\"https:\/\/iamerica.org\/wp-content\/uploads\/2024\/05\/Maria-Nuno-Estrada_mom-in-60s.jpg\"><img loading=\"lazy\" decoding=\"async\" width=\"464\" height=\"960\" data-id=\"778\" src=\"https:\/\/iamerica.org\/wp-content\/uploads\/2024\/05\/Maria-Nuno-Estrada_mom-in-60s.jpg\" alt=\"\" class=\"wp-image-778\" srcset=\"https:\/\/iamerica.org\/wp-content\/uploads\/2024\/05\/Maria-Nuno-Estrada_mom-in-60s.jpg 464w, https:\/\/iamerica.org\/wp-content\/uploads\/2024\/05\/Maria-Nuno-Estrada_mom-in-60s-145x300.jpg 145w\" sizes=\"(max-width: 464px) 100vw, 464px\" \/><\/a><figcaption class=\"wp-element-caption\">Paulina, Maria\u2019s mom, in her sassy 60s.<\/figcaption><\/figure>\n<\/figure>","protected":false},"excerpt":{"rendered":"<p>The American dream\u2014an ethos that many aspire to, yet struggle to attain. For some, it is a basic hope of being able to sleep peacefully at night, awake in the morning, find opportunity to work, provide for our families, put food on the table, have access to electricity and running water, and ensure our children [&hellip;]<\/p>\n","protected":false},"author":2,"featured_media":894,"comment_status":"open","ping_status":"open","sticky":false,"template":"","format":"standard","meta":{"footnotes":"","_links_to":"","_links_to_target":""},"categories":[11],"tags":[16],"class_list":["post-775","post","type-post","status-publish","format-standard","has-post-thumbnail","hentry","category-our-stories","tag-first-generation"],"yoast_head":"<!-- This site is optimized with the Yoast SEO plugin v27.3 - https:\/\/yoast.com\/product\/yoast-seo-wordpress\/ -->\n<title>Maria Nuno-Estrada, first-generation immigrant and Workers United member - iAmerica<\/title>\n<meta name=\"robots\" content=\"index, follow, max-snippet:-1, max-image-preview:large, max-video-preview:-1\" \/>\n<link rel=\"canonical\" href=\"https:\/\/iamerica.org\/nl\/maria-nuno-estrada-first-generation-immigrant-and-workers-united-member\/\" \/>\n<meta property=\"og:locale\" content=\"nl_NL\" \/>\n<meta property=\"og:type\" content=\"article\" \/>\n<meta property=\"og:title\" content=\"Maria Nuno-Estrada, first-generation immigrant and Workers United member - iAmerica\" \/>\n<meta property=\"og:description\" content=\"The American dream\u2014an ethos that many aspire to, yet struggle to attain. For some, it is a basic hope of being able to sleep peacefully at night, awake in the morning, find opportunity to work, provide for our families, put food on the table, have access to electricity and running water, and ensure our children [&hellip;]\" \/>\n<meta property=\"og:url\" content=\"https:\/\/iamerica.org\/nl\/maria-nuno-estrada-first-generation-immigrant-and-workers-united-member\/\" \/>\n<meta property=\"og:site_name\" content=\"iAmerica\" \/>\n<meta property=\"article:publisher\" content=\"https:\/\/www.facebook.com\/iAmericaorg\/\" \/>\n<meta property=\"article:published_time\" content=\"2024-05-16T15:19:34+00:00\" \/>\n<meta property=\"article:modified_time\" content=\"2024-07-17T16:34:15+00:00\" \/>\n<meta property=\"og:image\" content=\"https:\/\/iamerica.org\/wp-content\/uploads\/2024\/05\/IAmerica_Maria-1.png\" \/>\n\t<meta property=\"og:image:width\" content=\"710\" \/>\n\t<meta property=\"og:image:height\" content=\"396\" \/>\n\t<meta property=\"og:image:type\" content=\"image\/png\" \/>\n<meta name=\"author\" content=\"Emett Smith\" \/>\n<meta name=\"twitter:card\" content=\"summary_large_image\" \/>\n<meta name=\"twitter:creator\" content=\"@iamericaorg\" \/>\n<meta name=\"twitter:site\" content=\"@iamericaorg\" \/>\n<meta name=\"twitter:label1\" content=\"Geschreven door\" \/>\n\t<meta name=\"twitter:data1\" content=\"Emett Smith\" \/>\n\t<meta name=\"twitter:label2\" content=\"Geschatte leestijd\" \/>\n\t<meta name=\"twitter:data2\" content=\"3 minuten\" \/>\n<script type=\"application\/ld+json\" class=\"yoast-schema-graph\">{\"@context\":\"https:\\\/\\\/schema.org\",\"@graph\":[{\"@type\":\"Article\",\"@id\":\"https:\\\/\\\/iamerica.org\\\/maria-nuno-estrada-first-generation-immigrant-and-workers-united-member\\\/#article\",\"isPartOf\":{\"@id\":\"https:\\\/\\\/iamerica.org\\\/maria-nuno-estrada-first-generation-immigrant-and-workers-united-member\\\/\"},\"author\":{\"name\":\"Emett Smith\",\"@id\":\"https:\\\/\\\/iamerica.org\\\/ru\\\/#\\\/schema\\\/person\\\/996e55c405912a1b3cb29a4835fc895d\"},\"headline\":\"Maria Nuno-Estrada, first-generation immigrant and Workers United member\",\"datePublished\":\"2024-05-16T15:19:34+00:00\",\"dateModified\":\"2024-07-17T16:34:15+00:00\",\"mainEntityOfPage\":{\"@id\":\"https:\\\/\\\/iamerica.org\\\/maria-nuno-estrada-first-generation-immigrant-and-workers-united-member\\\/\"},\"wordCount\":416,\"commentCount\":0,\"publisher\":{\"@id\":\"https:\\\/\\\/iamerica.org\\\/ru\\\/#organization\"},\"image\":{\"@id\":\"https:\\\/\\\/iamerica.org\\\/maria-nuno-estrada-first-generation-immigrant-and-workers-united-member\\\/#primaryimage\"},\"thumbnailUrl\":\"https:\\\/\\\/iamerica.org\\\/wp-content\\\/uploads\\\/2024\\\/05\\\/IAmerica_Maria-1.png\",\"keywords\":[\"First generation\"],\"articleSection\":[\"Our Stories\"],\"inLanguage\":\"nl-NL\",\"potentialAction\":[{\"@type\":\"CommentAction\",\"name\":\"Comment\",\"target\":[\"https:\\\/\\\/iamerica.org\\\/maria-nuno-estrada-first-generation-immigrant-and-workers-united-member\\\/#respond\"]}]},{\"@type\":\"WebPage\",\"@id\":\"https:\\\/\\\/iamerica.org\\\/maria-nuno-estrada-first-generation-immigrant-and-workers-united-member\\\/\",\"url\":\"https:\\\/\\\/iamerica.org\\\/maria-nuno-estrada-first-generation-immigrant-and-workers-united-member\\\/\",\"name\":\"Maria Nuno-Estrada, first-generation immigrant and Workers United member - iAmerica\",\"isPartOf\":{\"@id\":\"https:\\\/\\\/iamerica.org\\\/ru\\\/#website\"},\"primaryImageOfPage\":{\"@id\":\"https:\\\/\\\/iamerica.org\\\/maria-nuno-estrada-first-generation-immigrant-and-workers-united-member\\\/#primaryimage\"},\"image\":{\"@id\":\"https:\\\/\\\/iamerica.org\\\/maria-nuno-estrada-first-generation-immigrant-and-workers-united-member\\\/#primaryimage\"},\"thumbnailUrl\":\"https:\\\/\\\/iamerica.org\\\/wp-content\\\/uploads\\\/2024\\\/05\\\/IAmerica_Maria-1.png\",\"datePublished\":\"2024-05-16T15:19:34+00:00\",\"dateModified\":\"2024-07-17T16:34:15+00:00\",\"breadcrumb\":{\"@id\":\"https:\\\/\\\/iamerica.org\\\/maria-nuno-estrada-first-generation-immigrant-and-workers-united-member\\\/#breadcrumb\"},\"inLanguage\":\"nl-NL\",\"potentialAction\":[{\"@type\":\"ReadAction\",\"target\":[\"https:\\\/\\\/iamerica.org\\\/maria-nuno-estrada-first-generation-immigrant-and-workers-united-member\\\/\"]}]},{\"@type\":\"ImageObject\",\"inLanguage\":\"nl-NL\",\"@id\":\"https:\\\/\\\/iamerica.org\\\/maria-nuno-estrada-first-generation-immigrant-and-workers-united-member\\\/#primaryimage\",\"url\":\"https:\\\/\\\/iamerica.org\\\/wp-content\\\/uploads\\\/2024\\\/05\\\/IAmerica_Maria-1.png\",\"contentUrl\":\"https:\\\/\\\/iamerica.org\\\/wp-content\\\/uploads\\\/2024\\\/05\\\/IAmerica_Maria-1.png\",\"width\":710,\"height\":396,\"caption\":\"Maria, SEIU worker, holding a sign that says \\\"Tu Yo Somos America\\\"\"},{\"@type\":\"BreadcrumbList\",\"@id\":\"https:\\\/\\\/iamerica.org\\\/maria-nuno-estrada-first-generation-immigrant-and-workers-united-member\\\/#breadcrumb\",\"itemListElement\":[{\"@type\":\"ListItem\",\"position\":1,\"name\":\"Home\",\"item\":\"https:\\\/\\\/iamerica.org\\\/\"},{\"@type\":\"ListItem\",\"position\":2,\"name\":\"Maria Nuno-Estrada, first-generation immigrant and Workers United member\"}]},{\"@type\":\"WebSite\",\"@id\":\"https:\\\/\\\/iamerica.org\\\/ru\\\/#website\",\"url\":\"https:\\\/\\\/iamerica.org\\\/ru\\\/\",\"name\":\"iAmerica\",\"description\":\"\",\"publisher\":{\"@id\":\"https:\\\/\\\/iamerica.org\\\/ru\\\/#organization\"},\"potentialAction\":[{\"@type\":\"SearchAction\",\"target\":{\"@type\":\"EntryPoint\",\"urlTemplate\":\"https:\\\/\\\/iamerica.org\\\/ru\\\/?s={search_term_string}\"},\"query-input\":{\"@type\":\"PropertyValueSpecification\",\"valueRequired\":true,\"valueName\":\"search_term_string\"}}],\"inLanguage\":\"nl-NL\"},{\"@type\":\"Organization\",\"@id\":\"https:\\\/\\\/iamerica.org\\\/ru\\\/#organization\",\"name\":\"iAmerica\",\"url\":\"https:\\\/\\\/iamerica.org\\\/ru\\\/\",\"logo\":{\"@type\":\"ImageObject\",\"inLanguage\":\"nl-NL\",\"@id\":\"https:\\\/\\\/iamerica.org\\\/ru\\\/#\\\/schema\\\/logo\\\/image\\\/\",\"url\":\"https:\\\/\\\/iamerica.org\\\/wp-content\\\/uploads\\\/2024\\\/05\\\/iAmerica_Logo_Navy.png\",\"contentUrl\":\"https:\\\/\\\/iamerica.org\\\/wp-content\\\/uploads\\\/2024\\\/05\\\/iAmerica_Logo_Navy.png\",\"width\":2309,\"height\":626,\"caption\":\"iAmerica\"},\"image\":{\"@id\":\"https:\\\/\\\/iamerica.org\\\/ru\\\/#\\\/schema\\\/logo\\\/image\\\/\"},\"sameAs\":[\"https:\\\/\\\/www.facebook.com\\\/iAmericaorg\\\/\",\"https:\\\/\\\/x.com\\\/iamericaorg\",\"https:\\\/\\\/www.instagram.com\\\/iamericaorg\"]},{\"@type\":\"Person\",\"@id\":\"https:\\\/\\\/iamerica.org\\\/ru\\\/#\\\/schema\\\/person\\\/996e55c405912a1b3cb29a4835fc895d\",\"name\":\"Emett Smith\",\"image\":{\"@type\":\"ImageObject\",\"inLanguage\":\"nl-NL\",\"@id\":\"https:\\\/\\\/secure.gravatar.com\\\/avatar\\\/57373ac1085666129067b856e684bf0075d54324de79ff8d332821c495c7471d?s=96&d=mm&r=g\",\"url\":\"https:\\\/\\\/secure.gravatar.com\\\/avatar\\\/57373ac1085666129067b856e684bf0075d54324de79ff8d332821c495c7471d?s=96&d=mm&r=g\",\"contentUrl\":\"https:\\\/\\\/secure.gravatar.com\\\/avatar\\\/57373ac1085666129067b856e684bf0075d54324de79ff8d332821c495c7471d?s=96&d=mm&r=g\",\"caption\":\"Emett Smith\"},\"url\":\"https:\\\/\\\/iamerica.org\\\/nl\\\/author\\\/emett617\\\/\"}]}<\/script>\n<!-- \/ Yoast SEO plugin. -->","yoast_head_json":{"title":"Maria Nuno-Estrada, immigrant van de eerste generatie en lid van Workers United - iAmerica","robots":{"index":"index","follow":"follow","max-snippet":"max-snippet:-1","max-image-preview":"max-image-preview:large","max-video-preview":"max-video-preview:-1"},"canonical":"https:\/\/iamerica.org\/nl\/maria-nuno-estrada-first-generation-immigrant-and-workers-united-member\/","og_locale":"nl_NL","og_type":"article","og_title":"Maria Nuno-Estrada, first-generation immigrant and Workers United member - iAmerica","og_description":"The American dream\u2014an ethos that many aspire to, yet struggle to attain. For some, it is a basic hope of being able to sleep peacefully at night, awake in the morning, find opportunity to work, provide for our families, put food on the table, have access to electricity and running water, and ensure our children [&hellip;]","og_url":"https:\/\/iamerica.org\/nl\/maria-nuno-estrada-first-generation-immigrant-and-workers-united-member\/","og_site_name":"iAmerica","article_publisher":"https:\/\/www.facebook.com\/iAmericaorg\/","article_published_time":"2024-05-16T15:19:34+00:00","article_modified_time":"2024-07-17T16:34:15+00:00","og_image":[{"width":710,"height":396,"url":"https:\/\/iamerica.org\/wp-content\/uploads\/2024\/05\/IAmerica_Maria-1.png","type":"image\/png"}],"author":"Emett Smith","twitter_card":"summary_large_image","twitter_creator":"@iamericaorg","twitter_site":"@iamericaorg","twitter_misc":{"Geschreven door":"Emett Smith","Geschatte leestijd":"3 minuten"},"schema":{"@context":"https:\/\/schema.org","@graph":[{"@type":"Article","@id":"https:\/\/iamerica.org\/maria-nuno-estrada-first-generation-immigrant-and-workers-united-member\/#article","isPartOf":{"@id":"https:\/\/iamerica.org\/maria-nuno-estrada-first-generation-immigrant-and-workers-united-member\/"},"author":{"name":"Emett Smith","@id":"https:\/\/iamerica.org\/ru\/#\/schema\/person\/996e55c405912a1b3cb29a4835fc895d"},"headline":"Maria Nuno-Estrada, first-generation immigrant and Workers United member","datePublished":"2024-05-16T15:19:34+00:00","dateModified":"2024-07-17T16:34:15+00:00","mainEntityOfPage":{"@id":"https:\/\/iamerica.org\/maria-nuno-estrada-first-generation-immigrant-and-workers-united-member\/"},"wordCount":416,"commentCount":0,"publisher":{"@id":"https:\/\/iamerica.org\/ru\/#organization"},"image":{"@id":"https:\/\/iamerica.org\/maria-nuno-estrada-first-generation-immigrant-and-workers-united-member\/#primaryimage"},"thumbnailUrl":"https:\/\/iamerica.org\/wp-content\/uploads\/2024\/05\/IAmerica_Maria-1.png","keywords":["First generation"],"articleSection":["Our Stories"],"inLanguage":"nl-NL","potentialAction":[{"@type":"CommentAction","name":"Comment","target":["https:\/\/iamerica.org\/maria-nuno-estrada-first-generation-immigrant-and-workers-united-member\/#respond"]}]},{"@type":"WebPage","@id":"https:\/\/iamerica.org\/maria-nuno-estrada-first-generation-immigrant-and-workers-united-member\/","url":"https:\/\/iamerica.org\/maria-nuno-estrada-first-generation-immigrant-and-workers-united-member\/","name":"Maria Nuno-Estrada, immigrant van de eerste generatie en lid van Workers United - iAmerica","isPartOf":{"@id":"https:\/\/iamerica.org\/ru\/#website"},"primaryImageOfPage":{"@id":"https:\/\/iamerica.org\/maria-nuno-estrada-first-generation-immigrant-and-workers-united-member\/#primaryimage"},"image":{"@id":"https:\/\/iamerica.org\/maria-nuno-estrada-first-generation-immigrant-and-workers-united-member\/#primaryimage"},"thumbnailUrl":"https:\/\/iamerica.org\/wp-content\/uploads\/2024\/05\/IAmerica_Maria-1.png","datePublished":"2024-05-16T15:19:34+00:00","dateModified":"2024-07-17T16:34:15+00:00","breadcrumb":{"@id":"https:\/\/iamerica.org\/maria-nuno-estrada-first-generation-immigrant-and-workers-united-member\/#breadcrumb"},"inLanguage":"nl-NL","potentialAction":[{"@type":"ReadAction","target":["https:\/\/iamerica.org\/maria-nuno-estrada-first-generation-immigrant-and-workers-united-member\/"]}]},{"@type":"ImageObject","inLanguage":"nl-NL","@id":"https:\/\/iamerica.org\/maria-nuno-estrada-first-generation-immigrant-and-workers-united-member\/#primaryimage","url":"https:\/\/iamerica.org\/wp-content\/uploads\/2024\/05\/IAmerica_Maria-1.png","contentUrl":"https:\/\/iamerica.org\/wp-content\/uploads\/2024\/05\/IAmerica_Maria-1.png","width":710,"height":396,"caption":"Maria, SEIU worker, holding a sign that says \"Tu Yo Somos America\""},{"@type":"BreadcrumbList","@id":"https:\/\/iamerica.org\/maria-nuno-estrada-first-generation-immigrant-and-workers-united-member\/#breadcrumb","itemListElement":[{"@type":"ListItem","position":1,"name":"Home","item":"https:\/\/iamerica.org\/"},{"@type":"ListItem","position":2,"name":"Maria Nuno-Estrada, first-generation immigrant and Workers United member"}]},{"@type":"WebSite","@id":"https:\/\/iamerica.org\/ru\/#website","url":"https:\/\/iamerica.org\/ru\/","name":"iAmerica","description":"","publisher":{"@id":"https:\/\/iamerica.org\/ru\/#organization"},"potentialAction":[{"@type":"SearchAction","target":{"@type":"EntryPoint","urlTemplate":"https:\/\/iamerica.org\/ru\/?s={search_term_string}"},"query-input":{"@type":"PropertyValueSpecification","valueRequired":true,"valueName":"search_term_string"}}],"inLanguage":"nl-NL"},{"@type":"Organization","@id":"https:\/\/iamerica.org\/ru\/#organization","name":"iAmerica","url":"https:\/\/iamerica.org\/ru\/","logo":{"@type":"ImageObject","inLanguage":"nl-NL","@id":"https:\/\/iamerica.org\/ru\/#\/schema\/logo\/image\/","url":"https:\/\/iamerica.org\/wp-content\/uploads\/2024\/05\/iAmerica_Logo_Navy.png","contentUrl":"https:\/\/iamerica.org\/wp-content\/uploads\/2024\/05\/iAmerica_Logo_Navy.png","width":2309,"height":626,"caption":"iAmerica"},"image":{"@id":"https:\/\/iamerica.org\/ru\/#\/schema\/logo\/image\/"},"sameAs":["https:\/\/www.facebook.com\/iAmericaorg\/","https:\/\/x.com\/iamericaorg","https:\/\/www.instagram.com\/iamericaorg"]},{"@type":"Person","@id":"https:\/\/iamerica.org\/ru\/#\/schema\/person\/996e55c405912a1b3cb29a4835fc895d","name":"Emett Smith","image":{"@type":"ImageObject","inLanguage":"nl-NL","@id":"https:\/\/secure.gravatar.com\/avatar\/57373ac1085666129067b856e684bf0075d54324de79ff8d332821c495c7471d?s=96&d=mm&r=g","url":"https:\/\/secure.gravatar.com\/avatar\/57373ac1085666129067b856e684bf0075d54324de79ff8d332821c495c7471d?s=96&d=mm&r=g","contentUrl":"https:\/\/secure.gravatar.com\/avatar\/57373ac1085666129067b856e684bf0075d54324de79ff8d332821c495c7471d?s=96&d=mm&r=g","caption":"Emett Smith"},"url":"https:\/\/iamerica.org\/nl\/author\/emett617\/"}]}},"_links":{"self":[{"href":"https:\/\/iamerica.org\/nl\/wp-json\/wp\/v2\/posts\/775","targetHints":{"allow":["GET"]}}],"collection":[{"href":"https:\/\/iamerica.org\/nl\/wp-json\/wp\/v2\/posts"}],"about":[{"href":"https:\/\/iamerica.org\/nl\/wp-json\/wp\/v2\/types\/post"}],"author":[{"embeddable":true,"href":"https:\/\/iamerica.org\/nl\/wp-json\/wp\/v2\/users\/2"}],"replies":[{"embeddable":true,"href":"https:\/\/iamerica.org\/nl\/wp-json\/wp\/v2\/comments?post=775"}],"version-history":[{"count":0,"href":"https:\/\/iamerica.org\/nl\/wp-json\/wp\/v2\/posts\/775\/revisions"}],"wp:featuredmedia":[{"embeddable":true,"href":"https:\/\/iamerica.org\/nl\/wp-json\/wp\/v2\/media\/894"}],"wp:attachment":[{"href":"https:\/\/iamerica.org\/nl\/wp-json\/wp\/v2\/media?parent=775"}],"wp:term":[{"taxonomy":"category","embeddable":true,"href":"https:\/\/iamerica.org\/nl\/wp-json\/wp\/v2\/categories?post=775"},{"taxonomy":"post_tag","embeddable":true,"href":"https:\/\/iamerica.org\/nl\/wp-json\/wp\/v2\/tags?post=775"}],"curies":[{"name":"wp","href":"https:\/\/api.w.org\/{rel}","templated":true}]}}