{"id":768,"date":"2024-05-16T15:15:31","date_gmt":"2024-05-16T15:15:31","guid":{"rendered":"https:\/\/iamerica.wpenginepowered.com\/?p=768"},"modified":"2024-07-17T12:33:57","modified_gmt":"2024-07-17T16:33:57","slug":"bobby-dutta-immigrant-from-india-and-seiu-local-1000-member","status":"publish","type":"post","link":"https:\/\/iamerica.org\/pt\/bobby-dutta-immigrant-from-india-and-seiu-local-1000-member\/","title":{"rendered":"Bobby Dutta, imigrante da \u00cdndia e membro do SEIU Local 1000"},"content":{"rendered":"<p>Nasci e fui criado na \u00cdndia e cheguei aos EUA quando era adolescente, no final da d\u00e9cada de 1970. Minha hist\u00f3ria de separa\u00e7\u00e3o familiar come\u00e7ou quando eu tinha 9 anos de idade. Minha av\u00f3, que morava na Esc\u00f3cia na \u00e9poca, ficou doente, ent\u00e3o minha m\u00e3e decidiu deixar a \u00cdndia para cuidar dela. Ela pretendia levar apenas minha irm\u00e3 mais nova, enquanto meu irm\u00e3o de 7 anos e eu ficar\u00edamos com parentes. Mas como meu irm\u00e3o mais novo era agitado, nossa fam\u00edlia n\u00e3o quis acolh\u00ea-lo. Ent\u00e3o, eles juntaram dinheiro suficiente para pagar a passagem de volta. Ent\u00e3o, eles juntaram dinheiro suficiente para a passagem a\u00e9rea e o enviaram com minha m\u00e3e, deixando-me para tr\u00e1s. Como meu pai trabalhava para o minist\u00e9rio de Bengala Ocidental - em um estado diferente - fui enviado para morar com sua irm\u00e3, minha tia.<\/p>\n\n\n\n<p>Eu n\u00e3o diria que tive uma vida dif\u00edcil. Minhas necessidades b\u00e1sicas eram atendidas, mas foi emocionalmente traum\u00e1tico ficar separado de minha fam\u00edlia imediata por tanto tempo. Embora minha tia me amasse, todos os outros tinham medo dela. Ela era uma verdadeira \"for\u00e7a da natureza\". Essa fase da minha vida foi muito incerta e inst\u00e1vel. Para onde eu iria estudar? Eu iria para a Esc\u00f3cia? Quando minha m\u00e3e voltaria? Como a condi\u00e7\u00e3o da minha av\u00f3 ficou mais complicada, minha m\u00e3e ficou mais tempo, ent\u00e3o fiquei separado da minha fam\u00edlia por cinco anos da minha inf\u00e2ncia.<\/p>\n\n\n\n<p>Ela acabou viajando para a Calif\u00f3rnia para se reunir com seu irm\u00e3o. Percebendo que minha m\u00e3e n\u00e3o voltaria para a \u00cdndia t\u00e3o cedo, os parentes come\u00e7aram a se esfor\u00e7ar para me ajudar a me reunir com ela. Isso demorou um pouco porque o sistema de imigra\u00e7\u00e3o dos EUA \u00e9 um desafio.<\/p>\n\n\n\n<p>Aos 14 anos, viajei para o Canad\u00e1 - o que era mais f\u00e1cil - e morei com outra tia, irm\u00e3 da minha m\u00e3e, que eu n\u00e3o conhecia. Meu trabalho na casa dela era ser bab\u00e1 da minha sobrinha de 3 anos, que era muito chata, mas eu n\u00e3o podia reclamar porque era uma h\u00f3spede, morando com estranhos em uma terra estranha.<\/p>\n\n\n\n<p>Passou-se mais um ano e meio at\u00e9 que meus documentos fossem aprovados para viajar para os EUA. Aos 15 anos, fui com minha m\u00e3e e meus irm\u00e3os para a \u00e1rea da ba\u00eda da Calif\u00f3rnia. Depois, moramos na cidade de Pittsburgh, onde o aluguel era barato. Eu falava ingl\u00eas com um forte sotaque indiano. Uma hist\u00f3ria engra\u00e7ada da qual sempre me lembrarei: uma vez, enquanto lavava roupa na lavanderia local, um garoto veio at\u00e9 mim e perguntou algo que soou como \"Que tal uma cerveja?\". Eu disse que n\u00e3o bebia cerveja. O que ele realmente disse foi: \"Como voc\u00ea tem passado?\" Apesar da barreira do idioma, ainda fiz muitos amigos.<\/p>\n\n\n\n<p>Quando me reuni com minha fam\u00edlia, minha irm\u00e3 e meu irm\u00e3o mais novos n\u00e3o falavam mais nosso idioma nativo, ent\u00e3o nos comunic\u00e1vamos em ingl\u00eas. Nossa m\u00e3e nunca entendeu ingl\u00eas fluentemente e, \u00e0s vezes, n\u00f3s, crian\u00e7as, fal\u00e1vamos em ingl\u00eas para que ela n\u00e3o pudesse entender. Infelizmente, havia muitas barreiras para ela quando migrou para os EUA. N\u00e3o importava que ela tivesse forma\u00e7\u00e3o universit\u00e1ria na \u00cdndia; ela nunca conseguia um emprego nos EUA que correspondesse \u00e0s suas habilidades. Na \u00cdndia, ela trabalhou como ge\u00f3loga para o governo indiano; era um trabalho de escrit\u00f3rio e ela tinha um escrit\u00f3rio ao lado do museu indiano. Aqui, ela era enfermeira em uma casa de repouso e trabalhava \u00e0 noite porque era o \u00fanico turno que conseguia.<\/p>\n\n\n\n<p>Em algum momento, o visto da minha m\u00e3e expirou nos Estados Unidos, e ela ficou sem status. A amea\u00e7a de deporta\u00e7\u00e3o sempre pairou sobre sua cabe\u00e7a. Ela se tornou uma pessoa nervosa e temia tudo.<\/p>\n\n\n\n<p>Meu irm\u00e3o e eu brig\u00e1vamos muito quando est\u00e1vamos juntos, mas t\u00ednhamos vizinhos que cuidavam de n\u00f3s: Stanley, o vizinho do lado, com quem eu conversava \u00e0s vezes; e Mary, a pessoa mais acolhedora que sempre nos trazia comida filipina. Mais tarde, patrocinamos nosso pai, embora ele realmente n\u00e3o quisesse vir para os EUA. Ele j\u00e1 estava velho e confort\u00e1vel na \u00cdndia, e tivemos que arrast\u00e1-lo para c\u00e1. Mas meus pais acabaram morando juntos at\u00e9 que minha m\u00e3e ficou doente. Minha m\u00e3e e meu pai j\u00e1 faleceram.<\/p>\n\n\n\n<p>Tornei-me cidad\u00e3o americano aos 24 anos de idade. Meu sucesso e o sucesso de minha fam\u00edlia se devem em grande parte \u00e0 minha decis\u00e3o de me naturalizar. Passei a administrar uma empresa bem-sucedida e, como cidad\u00e3o, qualifiquei-me para oportunidades e financiamento para contratar funcion\u00e1rios e subcontratados para que eu pudesse ser um bom empregador para os outros. Minha jornada n\u00e3o foi f\u00e1cil, e conhe\u00e7o muitas outras hist\u00f3rias de imigrantes como a minha, em que crian\u00e7as s\u00e3o separadas de seus pais e viajam sozinhas para pa\u00edses desconhecidos. Por causa da minha experi\u00eancia, defendo um sistema que permita que as fam\u00edlias se re\u00fanam mais cedo.<\/p>\n\n\n\n<figure class=\"wp-block-gallery has-nested-images columns-default is-cropped wp-block-gallery-1 is-layout-flex wp-block-gallery-is-layout-flex\">\n<figure class=\"wp-block-image size-large\"><a href=\"https:\/\/iamerica.org\/wp-content\/uploads\/2024\/05\/Bobby-Dutta-FamilyinIndia-scaled.jpg\"><img fetchpriority=\"high\" decoding=\"async\" width=\"1024\" height=\"779\" data-id=\"773\" src=\"https:\/\/iamerica.org\/wp-content\/uploads\/2024\/05\/Bobby-Dutta-FamilyinIndia-1024x779.jpg\" alt=\"\" class=\"wp-image-773\" srcset=\"https:\/\/iamerica.org\/wp-content\/uploads\/2024\/05\/Bobby-Dutta-FamilyinIndia-1024x779.jpg 1024w, https:\/\/iamerica.org\/wp-content\/uploads\/2024\/05\/Bobby-Dutta-FamilyinIndia-300x228.jpg 300w, https:\/\/iamerica.org\/wp-content\/uploads\/2024\/05\/Bobby-Dutta-FamilyinIndia-768x584.jpg 768w, https:\/\/iamerica.org\/wp-content\/uploads\/2024\/05\/Bobby-Dutta-FamilyinIndia-1536x1168.jpg 1536w, https:\/\/iamerica.org\/wp-content\/uploads\/2024\/05\/Bobby-Dutta-FamilyinIndia-2048x1557.jpg 2048w\" sizes=\"(max-width: 1024px) 100vw, 1024px\" \/><\/a><figcaption class=\"wp-element-caption\">A fam\u00edlia de Bobby Dutta na \u00cdndia<\/figcaption><\/figure>\n\n\n\n<figure class=\"wp-block-image size-large\"><a href=\"https:\/\/iamerica.org\/wp-content\/uploads\/2024\/05\/Bobby-Dutta-UFA-Workers-Convening-2022.jpg\"><img decoding=\"async\" width=\"1024\" height=\"768\" data-id=\"771\" src=\"https:\/\/iamerica.org\/wp-content\/uploads\/2024\/05\/Bobby-Dutta-UFA-Workers-Convening-2022-1024x768.jpg\" alt=\"\" class=\"wp-image-771\" srcset=\"https:\/\/iamerica.org\/wp-content\/uploads\/2024\/05\/Bobby-Dutta-UFA-Workers-Convening-2022-1024x768.jpg 1024w, https:\/\/iamerica.org\/wp-content\/uploads\/2024\/05\/Bobby-Dutta-UFA-Workers-Convening-2022-300x225.jpg 300w, https:\/\/iamerica.org\/wp-content\/uploads\/2024\/05\/Bobby-Dutta-UFA-Workers-Convening-2022-768x576.jpg 768w, https:\/\/iamerica.org\/wp-content\/uploads\/2024\/05\/Bobby-Dutta-UFA-Workers-Convening-2022-1536x1152.jpg 1536w, https:\/\/iamerica.org\/wp-content\/uploads\/2024\/05\/Bobby-Dutta-UFA-Workers-Convening-2022.jpg 2048w\" sizes=\"(max-width: 1024px) 100vw, 1024px\" \/><\/a><figcaption class=\"wp-element-caption\">Bobby Dutta na Conven\u00e7\u00e3o de Sindicatos para Todos os Trabalhadores de 2022 em Washington, D.C.<\/figcaption><\/figure>\n<\/figure>","protected":false},"excerpt":{"rendered":"<p>I was born and raised in India and arrived in the U.S. as a teenager during the late 1970s. My family separation story began when I was 9 years old. My grandmother, who lived in Scotland at the time, got sick, so my mother decided to leave India to take care of her. She intended [&hellip;]<\/p>\n","protected":false},"author":2,"featured_media":834,"comment_status":"open","ping_status":"open","sticky":false,"template":"","format":"standard","meta":{"footnotes":"","_links_to":"","_links_to_target":""},"categories":[11],"tags":[16,15],"class_list":["post-768","post","type-post","status-publish","format-standard","has-post-thumbnail","hentry","category-our-stories","tag-first-generation","tag-naturalized-citizen"],"yoast_head":"<!-- This site is optimized with the Yoast SEO plugin v27.3 - https:\/\/yoast.com\/product\/yoast-seo-wordpress\/ -->\n<title>Bobby Dutta, immigrant from India and SEIU Local 1000 member - iAmerica<\/title>\n<meta name=\"robots\" content=\"index, follow, max-snippet:-1, max-image-preview:large, max-video-preview:-1\" \/>\n<link rel=\"canonical\" href=\"https:\/\/iamerica.org\/pt\/bobby-dutta-immigrant-from-india-and-seiu-local-1000-member\/\" \/>\n<meta property=\"og:locale\" content=\"pt_BR\" \/>\n<meta property=\"og:type\" content=\"article\" \/>\n<meta property=\"og:title\" content=\"Bobby Dutta, immigrant from India and SEIU Local 1000 member - iAmerica\" \/>\n<meta property=\"og:description\" content=\"I was born and raised in India and arrived in the U.S. as a teenager during the late 1970s. My family separation story began when I was 9 years old. My grandmother, who lived in Scotland at the time, got sick, so my mother decided to leave India to take care of her. She intended [&hellip;]\" \/>\n<meta property=\"og:url\" content=\"https:\/\/iamerica.org\/pt\/bobby-dutta-immigrant-from-india-and-seiu-local-1000-member\/\" \/>\n<meta property=\"og:site_name\" content=\"iAmerica\" \/>\n<meta property=\"article:publisher\" content=\"https:\/\/www.facebook.com\/iAmericaorg\/\" \/>\n<meta property=\"article:published_time\" content=\"2024-05-16T15:15:31+00:00\" \/>\n<meta property=\"article:modified_time\" content=\"2024-07-17T16:33:57+00:00\" \/>\n<meta property=\"og:image\" content=\"https:\/\/iamerica.org\/wp-content\/uploads\/2024\/05\/BobbyDutta.png\" \/>\n\t<meta property=\"og:image:width\" content=\"1440\" \/>\n\t<meta property=\"og:image:height\" content=\"1040\" \/>\n\t<meta property=\"og:image:type\" content=\"image\/png\" \/>\n<meta name=\"author\" content=\"Emett Smith\" \/>\n<meta name=\"twitter:card\" content=\"summary_large_image\" \/>\n<meta name=\"twitter:creator\" content=\"@iamericaorg\" \/>\n<meta name=\"twitter:site\" content=\"@iamericaorg\" \/>\n<meta name=\"twitter:label1\" content=\"Escrito por\" \/>\n\t<meta name=\"twitter:data1\" content=\"Emett Smith\" \/>\n\t<meta name=\"twitter:label2\" content=\"Est. tempo de leitura\" \/>\n\t<meta name=\"twitter:data2\" content=\"5 minutos\" \/>\n<script type=\"application\/ld+json\" class=\"yoast-schema-graph\">{\"@context\":\"https:\\\/\\\/schema.org\",\"@graph\":[{\"@type\":\"Article\",\"@id\":\"https:\\\/\\\/iamerica.org\\\/bobby-dutta-immigrant-from-india-and-seiu-local-1000-member\\\/#article\",\"isPartOf\":{\"@id\":\"https:\\\/\\\/iamerica.org\\\/bobby-dutta-immigrant-from-india-and-seiu-local-1000-member\\\/\"},\"author\":{\"name\":\"Emett Smith\",\"@id\":\"https:\\\/\\\/iamerica.org\\\/ru\\\/#\\\/schema\\\/person\\\/996e55c405912a1b3cb29a4835fc895d\"},\"headline\":\"Bobby Dutta, immigrant from India and SEIU Local 1000 member\",\"datePublished\":\"2024-05-16T15:15:31+00:00\",\"dateModified\":\"2024-07-17T16:33:57+00:00\",\"mainEntityOfPage\":{\"@id\":\"https:\\\/\\\/iamerica.org\\\/bobby-dutta-immigrant-from-india-and-seiu-local-1000-member\\\/\"},\"wordCount\":828,\"commentCount\":0,\"publisher\":{\"@id\":\"https:\\\/\\\/iamerica.org\\\/ru\\\/#organization\"},\"image\":{\"@id\":\"https:\\\/\\\/iamerica.org\\\/bobby-dutta-immigrant-from-india-and-seiu-local-1000-member\\\/#primaryimage\"},\"thumbnailUrl\":\"https:\\\/\\\/iamerica.org\\\/wp-content\\\/uploads\\\/2024\\\/05\\\/BobbyDutta.png\",\"keywords\":[\"First generation\",\"Naturalized citizen\"],\"articleSection\":[\"Our Stories\"],\"inLanguage\":\"pt-BR\",\"potentialAction\":[{\"@type\":\"CommentAction\",\"name\":\"Comment\",\"target\":[\"https:\\\/\\\/iamerica.org\\\/bobby-dutta-immigrant-from-india-and-seiu-local-1000-member\\\/#respond\"]}]},{\"@type\":\"WebPage\",\"@id\":\"https:\\\/\\\/iamerica.org\\\/bobby-dutta-immigrant-from-india-and-seiu-local-1000-member\\\/\",\"url\":\"https:\\\/\\\/iamerica.org\\\/bobby-dutta-immigrant-from-india-and-seiu-local-1000-member\\\/\",\"name\":\"Bobby Dutta, immigrant from India and SEIU Local 1000 member - iAmerica\",\"isPartOf\":{\"@id\":\"https:\\\/\\\/iamerica.org\\\/ru\\\/#website\"},\"primaryImageOfPage\":{\"@id\":\"https:\\\/\\\/iamerica.org\\\/bobby-dutta-immigrant-from-india-and-seiu-local-1000-member\\\/#primaryimage\"},\"image\":{\"@id\":\"https:\\\/\\\/iamerica.org\\\/bobby-dutta-immigrant-from-india-and-seiu-local-1000-member\\\/#primaryimage\"},\"thumbnailUrl\":\"https:\\\/\\\/iamerica.org\\\/wp-content\\\/uploads\\\/2024\\\/05\\\/BobbyDutta.png\",\"datePublished\":\"2024-05-16T15:15:31+00:00\",\"dateModified\":\"2024-07-17T16:33:57+00:00\",\"breadcrumb\":{\"@id\":\"https:\\\/\\\/iamerica.org\\\/bobby-dutta-immigrant-from-india-and-seiu-local-1000-member\\\/#breadcrumb\"},\"inLanguage\":\"pt-BR\",\"potentialAction\":[{\"@type\":\"ReadAction\",\"target\":[\"https:\\\/\\\/iamerica.org\\\/bobby-dutta-immigrant-from-india-and-seiu-local-1000-member\\\/\"]}]},{\"@type\":\"ImageObject\",\"inLanguage\":\"pt-BR\",\"@id\":\"https:\\\/\\\/iamerica.org\\\/bobby-dutta-immigrant-from-india-and-seiu-local-1000-member\\\/#primaryimage\",\"url\":\"https:\\\/\\\/iamerica.org\\\/wp-content\\\/uploads\\\/2024\\\/05\\\/BobbyDutta.png\",\"contentUrl\":\"https:\\\/\\\/iamerica.org\\\/wp-content\\\/uploads\\\/2024\\\/05\\\/BobbyDutta.png\",\"width\":1440,\"height\":1040,\"caption\":\"Bobby Dutta, immigrant from India and SEIU Local 1000 member\"},{\"@type\":\"BreadcrumbList\",\"@id\":\"https:\\\/\\\/iamerica.org\\\/bobby-dutta-immigrant-from-india-and-seiu-local-1000-member\\\/#breadcrumb\",\"itemListElement\":[{\"@type\":\"ListItem\",\"position\":1,\"name\":\"Home\",\"item\":\"https:\\\/\\\/iamerica.org\\\/\"},{\"@type\":\"ListItem\",\"position\":2,\"name\":\"Bobby Dutta, immigrant from India and SEIU Local 1000 member\"}]},{\"@type\":\"WebSite\",\"@id\":\"https:\\\/\\\/iamerica.org\\\/ru\\\/#website\",\"url\":\"https:\\\/\\\/iamerica.org\\\/ru\\\/\",\"name\":\"iAmerica\",\"description\":\"\",\"publisher\":{\"@id\":\"https:\\\/\\\/iamerica.org\\\/ru\\\/#organization\"},\"potentialAction\":[{\"@type\":\"SearchAction\",\"target\":{\"@type\":\"EntryPoint\",\"urlTemplate\":\"https:\\\/\\\/iamerica.org\\\/ru\\\/?s={search_term_string}\"},\"query-input\":{\"@type\":\"PropertyValueSpecification\",\"valueRequired\":true,\"valueName\":\"search_term_string\"}}],\"inLanguage\":\"pt-BR\"},{\"@type\":\"Organization\",\"@id\":\"https:\\\/\\\/iamerica.org\\\/ru\\\/#organization\",\"name\":\"iAmerica\",\"url\":\"https:\\\/\\\/iamerica.org\\\/ru\\\/\",\"logo\":{\"@type\":\"ImageObject\",\"inLanguage\":\"pt-BR\",\"@id\":\"https:\\\/\\\/iamerica.org\\\/ru\\\/#\\\/schema\\\/logo\\\/image\\\/\",\"url\":\"https:\\\/\\\/iamerica.org\\\/wp-content\\\/uploads\\\/2024\\\/05\\\/iAmerica_Logo_Navy.png\",\"contentUrl\":\"https:\\\/\\\/iamerica.org\\\/wp-content\\\/uploads\\\/2024\\\/05\\\/iAmerica_Logo_Navy.png\",\"width\":2309,\"height\":626,\"caption\":\"iAmerica\"},\"image\":{\"@id\":\"https:\\\/\\\/iamerica.org\\\/ru\\\/#\\\/schema\\\/logo\\\/image\\\/\"},\"sameAs\":[\"https:\\\/\\\/www.facebook.com\\\/iAmericaorg\\\/\",\"https:\\\/\\\/x.com\\\/iamericaorg\",\"https:\\\/\\\/www.instagram.com\\\/iamericaorg\"]},{\"@type\":\"Person\",\"@id\":\"https:\\\/\\\/iamerica.org\\\/ru\\\/#\\\/schema\\\/person\\\/996e55c405912a1b3cb29a4835fc895d\",\"name\":\"Emett Smith\",\"image\":{\"@type\":\"ImageObject\",\"inLanguage\":\"pt-BR\",\"@id\":\"https:\\\/\\\/secure.gravatar.com\\\/avatar\\\/57373ac1085666129067b856e684bf0075d54324de79ff8d332821c495c7471d?s=96&d=mm&r=g\",\"url\":\"https:\\\/\\\/secure.gravatar.com\\\/avatar\\\/57373ac1085666129067b856e684bf0075d54324de79ff8d332821c495c7471d?s=96&d=mm&r=g\",\"contentUrl\":\"https:\\\/\\\/secure.gravatar.com\\\/avatar\\\/57373ac1085666129067b856e684bf0075d54324de79ff8d332821c495c7471d?s=96&d=mm&r=g\",\"caption\":\"Emett Smith\"},\"url\":\"https:\\\/\\\/iamerica.org\\\/pt\\\/author\\\/emett617\\\/\"}]}<\/script>\n<!-- \/ Yoast SEO plugin. -->","yoast_head_json":{"title":"Bobby Dutta, imigrante da \u00cdndia e membro do SEIU Local 1000 - iAmerica","robots":{"index":"index","follow":"follow","max-snippet":"max-snippet:-1","max-image-preview":"max-image-preview:large","max-video-preview":"max-video-preview:-1"},"canonical":"https:\/\/iamerica.org\/pt\/bobby-dutta-immigrant-from-india-and-seiu-local-1000-member\/","og_locale":"pt_BR","og_type":"article","og_title":"Bobby Dutta, immigrant from India and SEIU Local 1000 member - iAmerica","og_description":"I was born and raised in India and arrived in the U.S. as a teenager during the late 1970s. My family separation story began when I was 9 years old. My grandmother, who lived in Scotland at the time, got sick, so my mother decided to leave India to take care of her. She intended [&hellip;]","og_url":"https:\/\/iamerica.org\/pt\/bobby-dutta-immigrant-from-india-and-seiu-local-1000-member\/","og_site_name":"iAmerica","article_publisher":"https:\/\/www.facebook.com\/iAmericaorg\/","article_published_time":"2024-05-16T15:15:31+00:00","article_modified_time":"2024-07-17T16:33:57+00:00","og_image":[{"width":1440,"height":1040,"url":"https:\/\/iamerica.org\/wp-content\/uploads\/2024\/05\/BobbyDutta.png","type":"image\/png"}],"author":"Emett Smith","twitter_card":"summary_large_image","twitter_creator":"@iamericaorg","twitter_site":"@iamericaorg","twitter_misc":{"Escrito por":"Emett Smith","Est. tempo de leitura":"5 minutos"},"schema":{"@context":"https:\/\/schema.org","@graph":[{"@type":"Article","@id":"https:\/\/iamerica.org\/bobby-dutta-immigrant-from-india-and-seiu-local-1000-member\/#article","isPartOf":{"@id":"https:\/\/iamerica.org\/bobby-dutta-immigrant-from-india-and-seiu-local-1000-member\/"},"author":{"name":"Emett Smith","@id":"https:\/\/iamerica.org\/ru\/#\/schema\/person\/996e55c405912a1b3cb29a4835fc895d"},"headline":"Bobby Dutta, immigrant from India and SEIU Local 1000 member","datePublished":"2024-05-16T15:15:31+00:00","dateModified":"2024-07-17T16:33:57+00:00","mainEntityOfPage":{"@id":"https:\/\/iamerica.org\/bobby-dutta-immigrant-from-india-and-seiu-local-1000-member\/"},"wordCount":828,"commentCount":0,"publisher":{"@id":"https:\/\/iamerica.org\/ru\/#organization"},"image":{"@id":"https:\/\/iamerica.org\/bobby-dutta-immigrant-from-india-and-seiu-local-1000-member\/#primaryimage"},"thumbnailUrl":"https:\/\/iamerica.org\/wp-content\/uploads\/2024\/05\/BobbyDutta.png","keywords":["First generation","Naturalized citizen"],"articleSection":["Our Stories"],"inLanguage":"pt-BR","potentialAction":[{"@type":"CommentAction","name":"Comment","target":["https:\/\/iamerica.org\/bobby-dutta-immigrant-from-india-and-seiu-local-1000-member\/#respond"]}]},{"@type":"WebPage","@id":"https:\/\/iamerica.org\/bobby-dutta-immigrant-from-india-and-seiu-local-1000-member\/","url":"https:\/\/iamerica.org\/bobby-dutta-immigrant-from-india-and-seiu-local-1000-member\/","name":"Bobby Dutta, imigrante da \u00cdndia e membro do SEIU Local 1000 - iAmerica","isPartOf":{"@id":"https:\/\/iamerica.org\/ru\/#website"},"primaryImageOfPage":{"@id":"https:\/\/iamerica.org\/bobby-dutta-immigrant-from-india-and-seiu-local-1000-member\/#primaryimage"},"image":{"@id":"https:\/\/iamerica.org\/bobby-dutta-immigrant-from-india-and-seiu-local-1000-member\/#primaryimage"},"thumbnailUrl":"https:\/\/iamerica.org\/wp-content\/uploads\/2024\/05\/BobbyDutta.png","datePublished":"2024-05-16T15:15:31+00:00","dateModified":"2024-07-17T16:33:57+00:00","breadcrumb":{"@id":"https:\/\/iamerica.org\/bobby-dutta-immigrant-from-india-and-seiu-local-1000-member\/#breadcrumb"},"inLanguage":"pt-BR","potentialAction":[{"@type":"ReadAction","target":["https:\/\/iamerica.org\/bobby-dutta-immigrant-from-india-and-seiu-local-1000-member\/"]}]},{"@type":"ImageObject","inLanguage":"pt-BR","@id":"https:\/\/iamerica.org\/bobby-dutta-immigrant-from-india-and-seiu-local-1000-member\/#primaryimage","url":"https:\/\/iamerica.org\/wp-content\/uploads\/2024\/05\/BobbyDutta.png","contentUrl":"https:\/\/iamerica.org\/wp-content\/uploads\/2024\/05\/BobbyDutta.png","width":1440,"height":1040,"caption":"Bobby Dutta, immigrant from India and SEIU Local 1000 member"},{"@type":"BreadcrumbList","@id":"https:\/\/iamerica.org\/bobby-dutta-immigrant-from-india-and-seiu-local-1000-member\/#breadcrumb","itemListElement":[{"@type":"ListItem","position":1,"name":"Home","item":"https:\/\/iamerica.org\/"},{"@type":"ListItem","position":2,"name":"Bobby Dutta, immigrant from India and SEIU Local 1000 member"}]},{"@type":"WebSite","@id":"https:\/\/iamerica.org\/ru\/#website","url":"https:\/\/iamerica.org\/ru\/","name":"iAmerica","description":"","publisher":{"@id":"https:\/\/iamerica.org\/ru\/#organization"},"potentialAction":[{"@type":"SearchAction","target":{"@type":"EntryPoint","urlTemplate":"https:\/\/iamerica.org\/ru\/?s={search_term_string}"},"query-input":{"@type":"PropertyValueSpecification","valueRequired":true,"valueName":"search_term_string"}}],"inLanguage":"pt-BR"},{"@type":"Organization","@id":"https:\/\/iamerica.org\/ru\/#organization","name":"iAmerica","url":"https:\/\/iamerica.org\/ru\/","logo":{"@type":"ImageObject","inLanguage":"pt-BR","@id":"https:\/\/iamerica.org\/ru\/#\/schema\/logo\/image\/","url":"https:\/\/iamerica.org\/wp-content\/uploads\/2024\/05\/iAmerica_Logo_Navy.png","contentUrl":"https:\/\/iamerica.org\/wp-content\/uploads\/2024\/05\/iAmerica_Logo_Navy.png","width":2309,"height":626,"caption":"iAmerica"},"image":{"@id":"https:\/\/iamerica.org\/ru\/#\/schema\/logo\/image\/"},"sameAs":["https:\/\/www.facebook.com\/iAmericaorg\/","https:\/\/x.com\/iamericaorg","https:\/\/www.instagram.com\/iamericaorg"]},{"@type":"Person","@id":"https:\/\/iamerica.org\/ru\/#\/schema\/person\/996e55c405912a1b3cb29a4835fc895d","name":"Emett Smith","image":{"@type":"ImageObject","inLanguage":"pt-BR","@id":"https:\/\/secure.gravatar.com\/avatar\/57373ac1085666129067b856e684bf0075d54324de79ff8d332821c495c7471d?s=96&d=mm&r=g","url":"https:\/\/secure.gravatar.com\/avatar\/57373ac1085666129067b856e684bf0075d54324de79ff8d332821c495c7471d?s=96&d=mm&r=g","contentUrl":"https:\/\/secure.gravatar.com\/avatar\/57373ac1085666129067b856e684bf0075d54324de79ff8d332821c495c7471d?s=96&d=mm&r=g","caption":"Emett Smith"},"url":"https:\/\/iamerica.org\/pt\/author\/emett617\/"}]}},"_links":{"self":[{"href":"https:\/\/iamerica.org\/pt\/wp-json\/wp\/v2\/posts\/768","targetHints":{"allow":["GET"]}}],"collection":[{"href":"https:\/\/iamerica.org\/pt\/wp-json\/wp\/v2\/posts"}],"about":[{"href":"https:\/\/iamerica.org\/pt\/wp-json\/wp\/v2\/types\/post"}],"author":[{"embeddable":true,"href":"https:\/\/iamerica.org\/pt\/wp-json\/wp\/v2\/users\/2"}],"replies":[{"embeddable":true,"href":"https:\/\/iamerica.org\/pt\/wp-json\/wp\/v2\/comments?post=768"}],"version-history":[{"count":0,"href":"https:\/\/iamerica.org\/pt\/wp-json\/wp\/v2\/posts\/768\/revisions"}],"wp:featuredmedia":[{"embeddable":true,"href":"https:\/\/iamerica.org\/pt\/wp-json\/wp\/v2\/media\/834"}],"wp:attachment":[{"href":"https:\/\/iamerica.org\/pt\/wp-json\/wp\/v2\/media?parent=768"}],"wp:term":[{"taxonomy":"category","embeddable":true,"href":"https:\/\/iamerica.org\/pt\/wp-json\/wp\/v2\/categories?post=768"},{"taxonomy":"post_tag","embeddable":true,"href":"https:\/\/iamerica.org\/pt\/wp-json\/wp\/v2\/tags?post=768"}],"curies":[{"name":"wp","href":"https:\/\/api.w.org\/{rel}","templated":true}]}}