{"id":815,"date":"2024-05-16T15:33:32","date_gmt":"2024-05-16T15:33:32","guid":{"rendered":"https:\/\/iamerica.wpenginepowered.com\/?p=815"},"modified":"2024-07-17T12:36:15","modified_gmt":"2024-07-17T16:36:15","slug":"yoshi-her-son-of-hmong-refugees-and-seiu-hcmn-member","status":"publish","type":"post","link":"https:\/\/iamerica.org\/pt\/yoshi-her-son-of-hmong-refugees-and-seiu-hcmn-member\/","title":{"rendered":"Yoshi Her, filho de refugiados Hmong e membro do SEIU HCMN"},"content":{"rendered":"<p>Eu nasci nos Estados Unidos, mas meus pais n\u00e3o. Como refugiados Hmong, eles migraram do Laos para um campo de refugiados na Tail\u00e2ndia antes de virem para os Estados Unidos. Durante o que ficou conhecido como \"A Guerra Secreta\" no Laos, a Ag\u00eancia Central de Intelig\u00eancia dos Estados Unidos (CIA) recrutou ind\u00edgenas da etnia Hmong para lutar durante a Guerra do Vietn\u00e3. Os EUA fizeram uma promessa ao l\u00edder do povo Hmong de que, se esse alinhamento entrasse em colapso, eles poderiam ir para os EUA como refugiados.<\/p>\n\n\n\n<p>Quando esse alinhamento de fato fracassou, o povo hmong estava sendo processado por lutar contra os comunistas. Meus pais se conheceram nos Estados Unidos, mas tiveram experi\u00eancias paralelas durante a guerra.<\/p>\n\n\n\n<p>Meu pai era apenas um adolescente no Laos quando sua m\u00e3e e sua irm\u00e3 foram baleadas e mortas na frente dele. Temendo por sua vida, meu pai atravessou o rio Mekong a nado at\u00e9 a Tail\u00e2ndia, com um grupo de cerca de doze pessoas, antes de seguir para os Estados Unidos.&nbsp;<\/p>\n\n\n\n<p>O pai de minha m\u00e3e faleceu quando ela nasceu, ent\u00e3o ela foi adotada por seu tio, que era um oficial de alto escal\u00e3o na guerra. Por causa de seu status, eles puderam evacuar o Laos para a Tail\u00e2ndia. Mas, independentemente de seu status, todos os Hmong foram colocados em campos de refugiados na Tail\u00e2ndia. Mais tarde, ela chegou aos Estados Unidos como refugiada.<\/p>\n\n\n\n<p>Quando chegaram, n\u00e3o tinham ningu\u00e9m, nem mesmo certid\u00f5es de nascimento de seu pa\u00eds de origem. Eu sou o benefici\u00e1rio de sua jornada e de suas lutas e tenho a sorte de viver nos Estados Unidos hoje.<\/p>\n\n\n\n<p>Devido \u00e0 sua condi\u00e7\u00e3o de refugiados, meus pais n\u00e3o tinham voz. Eles n\u00e3o podiam votar. Muitos anos depois, eles acabaram se tornando cidad\u00e3os e eleitores dos Estados Unidos. Hoje, eles responsabilizam seus representantes eleitos e incentivam seus filhos a votar tamb\u00e9m.<\/p>\n\n\n\n<p>This country was not made because people simply showed up. This country emerged from immigrants who came to make it the United States it is today. It\u2019s our country too.<\/p>\n\n\n\n<p>Uma Am\u00e9rica mais diversificada nos torna melhores e mais fortes. Quero que todos sejam tratados com igualdade nos Estados Unidos. \u00c9 por isso que estou envolvido com meu sindicato na luta pela justi\u00e7a racial, econ\u00f4mica e dos imigrantes, porque somos mais fortes quando unidos.<\/p>\n\n\n\n<p>Aqui em Minnesota, lutamos pela iniciativa Freedom to Drive, que autoriza a emiss\u00e3o de carteiras de motorista para todos os habitantes de Minnesota, independentemente do status de imigra\u00e7\u00e3o. Tamb\u00e9m passei a fazer parte do grupo de asi\u00e1ticos e das ilhas do Pac\u00edfico que sai para registrar eleitores, porque muitos imigrantes n\u00e3o sabem que sua voz conta. Algum dia, por meio de nosso trabalho coletivo, meu sonho \u00e9 que <em>todos <\/em>os imigrantes s\u00e3o bem-vindos nos Estados Unidos.<\/p>","protected":false},"excerpt":{"rendered":"<p>I was born in the United States, but my parents were not. As Hmong refugees, they migrated from Laos to a refugee camp in Thailand before they came to the United States. During what was known as \u201cThe Secret War\u201d in Laos, the United States Central Intelligence Agency (CIA) recruited indigenous Hmong people to fight [&hellip;]<\/p>\n","protected":false},"author":2,"featured_media":1835,"comment_status":"open","ping_status":"open","sticky":false,"template":"","format":"standard","meta":{"footnotes":"","_links_to":"","_links_to_target":""},"categories":[11],"tags":[16,18],"class_list":["post-815","post","type-post","status-publish","format-standard","has-post-thumbnail","hentry","category-our-stories","tag-first-generation","tag-refugee"],"yoast_head":"<!-- This site is optimized with the Yoast SEO plugin v27.3 - https:\/\/yoast.com\/product\/yoast-seo-wordpress\/ -->\n<title>Yoshi Her, son of Hmong refugees and SEIU HCMN member - iAmerica<\/title>\n<meta name=\"robots\" content=\"index, follow, max-snippet:-1, max-image-preview:large, max-video-preview:-1\" \/>\n<link rel=\"canonical\" href=\"https:\/\/iamerica.org\/pt\/yoshi-her-son-of-hmong-refugees-and-seiu-hcmn-member\/\" \/>\n<meta property=\"og:locale\" content=\"pt_BR\" \/>\n<meta property=\"og:type\" content=\"article\" \/>\n<meta property=\"og:title\" content=\"Yoshi Her, son of Hmong refugees and SEIU HCMN member - iAmerica\" \/>\n<meta property=\"og:description\" content=\"I was born in the United States, but my parents were not. As Hmong refugees, they migrated from Laos to a refugee camp in Thailand before they came to the United States. During what was known as \u201cThe Secret War\u201d in Laos, the United States Central Intelligence Agency (CIA) recruited indigenous Hmong people to fight [&hellip;]\" \/>\n<meta property=\"og:url\" content=\"https:\/\/iamerica.org\/pt\/yoshi-her-son-of-hmong-refugees-and-seiu-hcmn-member\/\" \/>\n<meta property=\"og:site_name\" content=\"iAmerica\" \/>\n<meta property=\"article:publisher\" content=\"https:\/\/www.facebook.com\/iAmericaorg\/\" \/>\n<meta property=\"article:published_time\" content=\"2024-05-16T15:33:32+00:00\" \/>\n<meta property=\"article:modified_time\" content=\"2024-07-17T16:36:15+00:00\" \/>\n<meta property=\"og:image\" content=\"https:\/\/iamerica.org\/wp-content\/uploads\/2024\/05\/IAmerica_Yoshi.png\" \/>\n\t<meta property=\"og:image:width\" content=\"710\" \/>\n\t<meta property=\"og:image:height\" content=\"396\" \/>\n\t<meta property=\"og:image:type\" content=\"image\/png\" \/>\n<meta name=\"author\" content=\"Emett Smith\" \/>\n<meta name=\"twitter:card\" content=\"summary_large_image\" \/>\n<meta name=\"twitter:creator\" content=\"@iamericaorg\" \/>\n<meta name=\"twitter:site\" content=\"@iamericaorg\" \/>\n<meta name=\"twitter:label1\" content=\"Escrito por\" \/>\n\t<meta name=\"twitter:data1\" content=\"Emett Smith\" \/>\n\t<meta name=\"twitter:label2\" content=\"Est. tempo de leitura\" \/>\n\t<meta name=\"twitter:data2\" content=\"3 minutos\" \/>\n<script type=\"application\/ld+json\" class=\"yoast-schema-graph\">{\"@context\":\"https:\\\/\\\/schema.org\",\"@graph\":[{\"@type\":\"Article\",\"@id\":\"https:\\\/\\\/iamerica.org\\\/yoshi-her-son-of-hmong-refugees-and-seiu-hcmn-member\\\/#article\",\"isPartOf\":{\"@id\":\"https:\\\/\\\/iamerica.org\\\/yoshi-her-son-of-hmong-refugees-and-seiu-hcmn-member\\\/\"},\"author\":{\"name\":\"Emett Smith\",\"@id\":\"https:\\\/\\\/iamerica.org\\\/ru\\\/#\\\/schema\\\/person\\\/996e55c405912a1b3cb29a4835fc895d\"},\"headline\":\"Yoshi Her, son of Hmong refugees and SEIU HCMN member\",\"datePublished\":\"2024-05-16T15:33:32+00:00\",\"dateModified\":\"2024-07-17T16:36:15+00:00\",\"mainEntityOfPage\":{\"@id\":\"https:\\\/\\\/iamerica.org\\\/yoshi-her-son-of-hmong-refugees-and-seiu-hcmn-member\\\/\"},\"wordCount\":461,\"commentCount\":0,\"publisher\":{\"@id\":\"https:\\\/\\\/iamerica.org\\\/ru\\\/#organization\"},\"image\":{\"@id\":\"https:\\\/\\\/iamerica.org\\\/yoshi-her-son-of-hmong-refugees-and-seiu-hcmn-member\\\/#primaryimage\"},\"thumbnailUrl\":\"https:\\\/\\\/iamerica.org\\\/wp-content\\\/uploads\\\/2024\\\/05\\\/IAmerica_Yoshi.png\",\"keywords\":[\"First generation\",\"Refugee\"],\"articleSection\":[\"Our Stories\"],\"inLanguage\":\"pt-BR\",\"potentialAction\":[{\"@type\":\"CommentAction\",\"name\":\"Comment\",\"target\":[\"https:\\\/\\\/iamerica.org\\\/yoshi-her-son-of-hmong-refugees-and-seiu-hcmn-member\\\/#respond\"]}]},{\"@type\":\"WebPage\",\"@id\":\"https:\\\/\\\/iamerica.org\\\/yoshi-her-son-of-hmong-refugees-and-seiu-hcmn-member\\\/\",\"url\":\"https:\\\/\\\/iamerica.org\\\/yoshi-her-son-of-hmong-refugees-and-seiu-hcmn-member\\\/\",\"name\":\"Yoshi Her, son of Hmong refugees and SEIU HCMN member - iAmerica\",\"isPartOf\":{\"@id\":\"https:\\\/\\\/iamerica.org\\\/ru\\\/#website\"},\"primaryImageOfPage\":{\"@id\":\"https:\\\/\\\/iamerica.org\\\/yoshi-her-son-of-hmong-refugees-and-seiu-hcmn-member\\\/#primaryimage\"},\"image\":{\"@id\":\"https:\\\/\\\/iamerica.org\\\/yoshi-her-son-of-hmong-refugees-and-seiu-hcmn-member\\\/#primaryimage\"},\"thumbnailUrl\":\"https:\\\/\\\/iamerica.org\\\/wp-content\\\/uploads\\\/2024\\\/05\\\/IAmerica_Yoshi.png\",\"datePublished\":\"2024-05-16T15:33:32+00:00\",\"dateModified\":\"2024-07-17T16:36:15+00:00\",\"breadcrumb\":{\"@id\":\"https:\\\/\\\/iamerica.org\\\/yoshi-her-son-of-hmong-refugees-and-seiu-hcmn-member\\\/#breadcrumb\"},\"inLanguage\":\"pt-BR\",\"potentialAction\":[{\"@type\":\"ReadAction\",\"target\":[\"https:\\\/\\\/iamerica.org\\\/yoshi-her-son-of-hmong-refugees-and-seiu-hcmn-member\\\/\"]}]},{\"@type\":\"ImageObject\",\"inLanguage\":\"pt-BR\",\"@id\":\"https:\\\/\\\/iamerica.org\\\/yoshi-her-son-of-hmong-refugees-and-seiu-hcmn-member\\\/#primaryimage\",\"url\":\"https:\\\/\\\/iamerica.org\\\/wp-content\\\/uploads\\\/2024\\\/05\\\/IAmerica_Yoshi.png\",\"contentUrl\":\"https:\\\/\\\/iamerica.org\\\/wp-content\\\/uploads\\\/2024\\\/05\\\/IAmerica_Yoshi.png\",\"width\":710,\"height\":396,\"caption\":\"man at microphone with illustrated speech bubble beside him\"},{\"@type\":\"BreadcrumbList\",\"@id\":\"https:\\\/\\\/iamerica.org\\\/yoshi-her-son-of-hmong-refugees-and-seiu-hcmn-member\\\/#breadcrumb\",\"itemListElement\":[{\"@type\":\"ListItem\",\"position\":1,\"name\":\"Home\",\"item\":\"https:\\\/\\\/iamerica.org\\\/\"},{\"@type\":\"ListItem\",\"position\":2,\"name\":\"Yoshi Her, son of Hmong refugees and SEIU HCMN member\"}]},{\"@type\":\"WebSite\",\"@id\":\"https:\\\/\\\/iamerica.org\\\/ru\\\/#website\",\"url\":\"https:\\\/\\\/iamerica.org\\\/ru\\\/\",\"name\":\"iAmerica\",\"description\":\"\",\"publisher\":{\"@id\":\"https:\\\/\\\/iamerica.org\\\/ru\\\/#organization\"},\"potentialAction\":[{\"@type\":\"SearchAction\",\"target\":{\"@type\":\"EntryPoint\",\"urlTemplate\":\"https:\\\/\\\/iamerica.org\\\/ru\\\/?s={search_term_string}\"},\"query-input\":{\"@type\":\"PropertyValueSpecification\",\"valueRequired\":true,\"valueName\":\"search_term_string\"}}],\"inLanguage\":\"pt-BR\"},{\"@type\":\"Organization\",\"@id\":\"https:\\\/\\\/iamerica.org\\\/ru\\\/#organization\",\"name\":\"iAmerica\",\"url\":\"https:\\\/\\\/iamerica.org\\\/ru\\\/\",\"logo\":{\"@type\":\"ImageObject\",\"inLanguage\":\"pt-BR\",\"@id\":\"https:\\\/\\\/iamerica.org\\\/ru\\\/#\\\/schema\\\/logo\\\/image\\\/\",\"url\":\"https:\\\/\\\/iamerica.org\\\/wp-content\\\/uploads\\\/2024\\\/05\\\/iAmerica_Logo_Navy.png\",\"contentUrl\":\"https:\\\/\\\/iamerica.org\\\/wp-content\\\/uploads\\\/2024\\\/05\\\/iAmerica_Logo_Navy.png\",\"width\":2309,\"height\":626,\"caption\":\"iAmerica\"},\"image\":{\"@id\":\"https:\\\/\\\/iamerica.org\\\/ru\\\/#\\\/schema\\\/logo\\\/image\\\/\"},\"sameAs\":[\"https:\\\/\\\/www.facebook.com\\\/iAmericaorg\\\/\",\"https:\\\/\\\/x.com\\\/iamericaorg\",\"https:\\\/\\\/www.instagram.com\\\/iamericaorg\"]},{\"@type\":\"Person\",\"@id\":\"https:\\\/\\\/iamerica.org\\\/ru\\\/#\\\/schema\\\/person\\\/996e55c405912a1b3cb29a4835fc895d\",\"name\":\"Emett Smith\",\"image\":{\"@type\":\"ImageObject\",\"inLanguage\":\"pt-BR\",\"@id\":\"https:\\\/\\\/secure.gravatar.com\\\/avatar\\\/57373ac1085666129067b856e684bf0075d54324de79ff8d332821c495c7471d?s=96&d=mm&r=g\",\"url\":\"https:\\\/\\\/secure.gravatar.com\\\/avatar\\\/57373ac1085666129067b856e684bf0075d54324de79ff8d332821c495c7471d?s=96&d=mm&r=g\",\"contentUrl\":\"https:\\\/\\\/secure.gravatar.com\\\/avatar\\\/57373ac1085666129067b856e684bf0075d54324de79ff8d332821c495c7471d?s=96&d=mm&r=g\",\"caption\":\"Emett Smith\"},\"url\":\"https:\\\/\\\/iamerica.org\\\/pt\\\/author\\\/emett617\\\/\"}]}<\/script>\n<!-- \/ Yoast SEO plugin. -->","yoast_head_json":{"title":"Yoshi Her, filho de refugiados hmong e membro do SEIU HCMN - iAmerica","robots":{"index":"index","follow":"follow","max-snippet":"max-snippet:-1","max-image-preview":"max-image-preview:large","max-video-preview":"max-video-preview:-1"},"canonical":"https:\/\/iamerica.org\/pt\/yoshi-her-son-of-hmong-refugees-and-seiu-hcmn-member\/","og_locale":"pt_BR","og_type":"article","og_title":"Yoshi Her, son of Hmong refugees and SEIU HCMN member - iAmerica","og_description":"I was born in the United States, but my parents were not. As Hmong refugees, they migrated from Laos to a refugee camp in Thailand before they came to the United States. During what was known as \u201cThe Secret War\u201d in Laos, the United States Central Intelligence Agency (CIA) recruited indigenous Hmong people to fight [&hellip;]","og_url":"https:\/\/iamerica.org\/pt\/yoshi-her-son-of-hmong-refugees-and-seiu-hcmn-member\/","og_site_name":"iAmerica","article_publisher":"https:\/\/www.facebook.com\/iAmericaorg\/","article_published_time":"2024-05-16T15:33:32+00:00","article_modified_time":"2024-07-17T16:36:15+00:00","og_image":[{"width":710,"height":396,"url":"https:\/\/iamerica.org\/wp-content\/uploads\/2024\/05\/IAmerica_Yoshi.png","type":"image\/png"}],"author":"Emett Smith","twitter_card":"summary_large_image","twitter_creator":"@iamericaorg","twitter_site":"@iamericaorg","twitter_misc":{"Escrito por":"Emett Smith","Est. tempo de leitura":"3 minutos"},"schema":{"@context":"https:\/\/schema.org","@graph":[{"@type":"Article","@id":"https:\/\/iamerica.org\/yoshi-her-son-of-hmong-refugees-and-seiu-hcmn-member\/#article","isPartOf":{"@id":"https:\/\/iamerica.org\/yoshi-her-son-of-hmong-refugees-and-seiu-hcmn-member\/"},"author":{"name":"Emett Smith","@id":"https:\/\/iamerica.org\/ru\/#\/schema\/person\/996e55c405912a1b3cb29a4835fc895d"},"headline":"Yoshi Her, son of Hmong refugees and SEIU HCMN member","datePublished":"2024-05-16T15:33:32+00:00","dateModified":"2024-07-17T16:36:15+00:00","mainEntityOfPage":{"@id":"https:\/\/iamerica.org\/yoshi-her-son-of-hmong-refugees-and-seiu-hcmn-member\/"},"wordCount":461,"commentCount":0,"publisher":{"@id":"https:\/\/iamerica.org\/ru\/#organization"},"image":{"@id":"https:\/\/iamerica.org\/yoshi-her-son-of-hmong-refugees-and-seiu-hcmn-member\/#primaryimage"},"thumbnailUrl":"https:\/\/iamerica.org\/wp-content\/uploads\/2024\/05\/IAmerica_Yoshi.png","keywords":["First generation","Refugee"],"articleSection":["Our Stories"],"inLanguage":"pt-BR","potentialAction":[{"@type":"CommentAction","name":"Comment","target":["https:\/\/iamerica.org\/yoshi-her-son-of-hmong-refugees-and-seiu-hcmn-member\/#respond"]}]},{"@type":"WebPage","@id":"https:\/\/iamerica.org\/yoshi-her-son-of-hmong-refugees-and-seiu-hcmn-member\/","url":"https:\/\/iamerica.org\/yoshi-her-son-of-hmong-refugees-and-seiu-hcmn-member\/","name":"Yoshi Her, filho de refugiados hmong e membro do SEIU HCMN - iAmerica","isPartOf":{"@id":"https:\/\/iamerica.org\/ru\/#website"},"primaryImageOfPage":{"@id":"https:\/\/iamerica.org\/yoshi-her-son-of-hmong-refugees-and-seiu-hcmn-member\/#primaryimage"},"image":{"@id":"https:\/\/iamerica.org\/yoshi-her-son-of-hmong-refugees-and-seiu-hcmn-member\/#primaryimage"},"thumbnailUrl":"https:\/\/iamerica.org\/wp-content\/uploads\/2024\/05\/IAmerica_Yoshi.png","datePublished":"2024-05-16T15:33:32+00:00","dateModified":"2024-07-17T16:36:15+00:00","breadcrumb":{"@id":"https:\/\/iamerica.org\/yoshi-her-son-of-hmong-refugees-and-seiu-hcmn-member\/#breadcrumb"},"inLanguage":"pt-BR","potentialAction":[{"@type":"ReadAction","target":["https:\/\/iamerica.org\/yoshi-her-son-of-hmong-refugees-and-seiu-hcmn-member\/"]}]},{"@type":"ImageObject","inLanguage":"pt-BR","@id":"https:\/\/iamerica.org\/yoshi-her-son-of-hmong-refugees-and-seiu-hcmn-member\/#primaryimage","url":"https:\/\/iamerica.org\/wp-content\/uploads\/2024\/05\/IAmerica_Yoshi.png","contentUrl":"https:\/\/iamerica.org\/wp-content\/uploads\/2024\/05\/IAmerica_Yoshi.png","width":710,"height":396,"caption":"man at microphone with illustrated speech bubble beside him"},{"@type":"BreadcrumbList","@id":"https:\/\/iamerica.org\/yoshi-her-son-of-hmong-refugees-and-seiu-hcmn-member\/#breadcrumb","itemListElement":[{"@type":"ListItem","position":1,"name":"Home","item":"https:\/\/iamerica.org\/"},{"@type":"ListItem","position":2,"name":"Yoshi Her, son of Hmong refugees and SEIU HCMN member"}]},{"@type":"WebSite","@id":"https:\/\/iamerica.org\/ru\/#website","url":"https:\/\/iamerica.org\/ru\/","name":"iAmerica","description":"","publisher":{"@id":"https:\/\/iamerica.org\/ru\/#organization"},"potentialAction":[{"@type":"SearchAction","target":{"@type":"EntryPoint","urlTemplate":"https:\/\/iamerica.org\/ru\/?s={search_term_string}"},"query-input":{"@type":"PropertyValueSpecification","valueRequired":true,"valueName":"search_term_string"}}],"inLanguage":"pt-BR"},{"@type":"Organization","@id":"https:\/\/iamerica.org\/ru\/#organization","name":"iAmerica","url":"https:\/\/iamerica.org\/ru\/","logo":{"@type":"ImageObject","inLanguage":"pt-BR","@id":"https:\/\/iamerica.org\/ru\/#\/schema\/logo\/image\/","url":"https:\/\/iamerica.org\/wp-content\/uploads\/2024\/05\/iAmerica_Logo_Navy.png","contentUrl":"https:\/\/iamerica.org\/wp-content\/uploads\/2024\/05\/iAmerica_Logo_Navy.png","width":2309,"height":626,"caption":"iAmerica"},"image":{"@id":"https:\/\/iamerica.org\/ru\/#\/schema\/logo\/image\/"},"sameAs":["https:\/\/www.facebook.com\/iAmericaorg\/","https:\/\/x.com\/iamericaorg","https:\/\/www.instagram.com\/iamericaorg"]},{"@type":"Person","@id":"https:\/\/iamerica.org\/ru\/#\/schema\/person\/996e55c405912a1b3cb29a4835fc895d","name":"Emett Smith","image":{"@type":"ImageObject","inLanguage":"pt-BR","@id":"https:\/\/secure.gravatar.com\/avatar\/57373ac1085666129067b856e684bf0075d54324de79ff8d332821c495c7471d?s=96&d=mm&r=g","url":"https:\/\/secure.gravatar.com\/avatar\/57373ac1085666129067b856e684bf0075d54324de79ff8d332821c495c7471d?s=96&d=mm&r=g","contentUrl":"https:\/\/secure.gravatar.com\/avatar\/57373ac1085666129067b856e684bf0075d54324de79ff8d332821c495c7471d?s=96&d=mm&r=g","caption":"Emett Smith"},"url":"https:\/\/iamerica.org\/pt\/author\/emett617\/"}]}},"_links":{"self":[{"href":"https:\/\/iamerica.org\/pt\/wp-json\/wp\/v2\/posts\/815","targetHints":{"allow":["GET"]}}],"collection":[{"href":"https:\/\/iamerica.org\/pt\/wp-json\/wp\/v2\/posts"}],"about":[{"href":"https:\/\/iamerica.org\/pt\/wp-json\/wp\/v2\/types\/post"}],"author":[{"embeddable":true,"href":"https:\/\/iamerica.org\/pt\/wp-json\/wp\/v2\/users\/2"}],"replies":[{"embeddable":true,"href":"https:\/\/iamerica.org\/pt\/wp-json\/wp\/v2\/comments?post=815"}],"version-history":[{"count":0,"href":"https:\/\/iamerica.org\/pt\/wp-json\/wp\/v2\/posts\/815\/revisions"}],"wp:featuredmedia":[{"embeddable":true,"href":"https:\/\/iamerica.org\/pt\/wp-json\/wp\/v2\/media\/1835"}],"wp:attachment":[{"href":"https:\/\/iamerica.org\/pt\/wp-json\/wp\/v2\/media?parent=815"}],"wp:term":[{"taxonomy":"category","embeddable":true,"href":"https:\/\/iamerica.org\/pt\/wp-json\/wp\/v2\/categories?post=815"},{"taxonomy":"post_tag","embeddable":true,"href":"https:\/\/iamerica.org\/pt\/wp-json\/wp\/v2\/tags?post=815"}],"curies":[{"name":"wp","href":"https:\/\/api.w.org\/{rel}","templated":true}]}}