{"id":775,"date":"2024-05-16T15:19:34","date_gmt":"2024-05-16T15:19:34","guid":{"rendered":"https:\/\/iamerica.wpenginepowered.com\/?p=775"},"modified":"2024-07-17T12:34:15","modified_gmt":"2024-07-17T16:34:15","slug":"maria-nuno-estrada-first-generation-immigrant-and-workers-united-member","status":"publish","type":"post","link":"https:\/\/iamerica.org\/vi\/maria-nuno-estrada-first-generation-immigrant-and-workers-united-member\/","title":{"rendered":"Maria Nuno-Estrada, ng\u01b0\u1eddi nh\u1eadp c\u01b0 th\u1ebf h\u1ec7 \u0111\u1ea7u ti\u00ean v\u00e0 th\u00e0nh vi\u00ean c\u1ee7a Li\u00ean \u0111o\u00e0n C\u00f4ng nh\u00e2n"},"content":{"rendered":"<p>Gi\u1ea5c m\u01a1 M\u1ef9\u2014m\u1ed9t tinh th\u1ea7n m\u00e0 nhi\u1ec1u ng\u01b0\u1eddi khao kh\u00e1t, nh\u01b0ng l\u1ea1i \u0111\u1ea5u tranh \u0111\u1ec3 \u0111\u1ea1t \u0111\u01b0\u1ee3c. \u0110\u1ed1i v\u1edbi m\u1ed9t s\u1ed1 ng\u01b0\u1eddi, \u0111\u00f3 l\u00e0 hy v\u1ecdng c\u01a1 b\u1ea3n v\u1ec1 vi\u1ec7c c\u00f3 th\u1ec3 ng\u1ee7 ngon v\u00e0o ban \u0111\u00eam, th\u1ee9c d\u1eady v\u00e0o bu\u1ed5i s\u00e1ng, t\u00ecm \u0111\u01b0\u1ee3c c\u01a1 h\u1ed9i \u0111\u1ec3 l\u00e0m vi\u1ec7c, chu c\u1ea5p cho gia \u0111\u00ecnh, c\u00f3 th\u1ee9c \u0103n tr\u00ean b\u00e0n, c\u00f3 \u0111i\u1ec7n v\u00e0 n\u01b0\u1edbc s\u1ea1ch, v\u00e0 \u0111\u1ea3m b\u1ea3o con c\u00e1i ch\u00fang ta \u0111\u01b0\u1ee3c b\u1ea3o v\u1ec7 v\u00e0 chu\u1ea9n b\u1ecb cho t\u01b0\u01a1ng lai\u2014nh\u1eefng nhu c\u1ea7u \u0111\u01a1n gi\u1ea3n m\u00e0 r\u1ea5t nhi\u1ec1u ng\u01b0\u1eddi coi l\u00e0 \u0111i\u1ec1u hi\u1ec3n nhi\u00ean.<\/p>\n\n\n\n<p>\u0110\u00e2y ch\u00ednh l\u00e0 gi\u1ea5c m\u01a1 M\u1ef9 c\u1ee7a m\u1ed9t ng\u01b0\u1eddi ph\u1ee5 n\u1eef nh\u1eadp c\u01b0 tuy\u1ec7t v\u1eddi: m\u1eb9 t\u00f4i, Paulina. L\u00f2ng d\u0169ng c\u1ea3m, s\u1ef1 ki\u00ean c\u01b0\u1eddng th\u1ef1c s\u1ef1 v\u00e0 c\u00e2u chuy\u1ec7n c\u1ee7a b\u00e0 l\u00e0 ngu\u1ed3n c\u1ea3m h\u1ee9ng.<\/p>\n\n\n\n<p>Paulina r\u1eddi Mexico khi c\u00f2n l\u00e0 thi\u1ebfu n\u1eef \u0111\u1ec3 t\u00ecm ki\u1ebfm t\u01b0\u01a1ng lai t\u1ed1t \u0111\u1eb9p h\u01a1n. C\u00f4 kh\u00f4ng bi\u1ebft ng\u00f4n ng\u1eef n\u00e0y khi \u0111\u1ebfn Hoa K\u1ef3, nh\u01b0ng kh\u00f4ng \u0111\u1ec3 \u0111i\u1ec1u \u0111\u00f3 ng\u0103n c\u1ea3n c\u00f4. Ngay l\u1eadp t\u1ee9c, c\u00f4 b\u1eaft \u0111\u1ea7u \u0111\u00f3ng g\u00f3p cho x\u00e3 h\u1ed9i, l\u00e0m vi\u1ec7c trong d\u00e2y chuy\u1ec1n l\u1eafp r\u00e1p t\u1ea1i m\u1ed9t nh\u00e0 m\u00e1y \u1edf Dallas, Texas, n\u01a1i s\u1ea3n xu\u1ea5t c\u00e1c s\u1ea3n ph\u1ea9m ch\u0103m s\u00f3c t\u00f3c cho c\u00e1c h\u1ed9 gia \u0111\u00ecnh M\u1ef9.<\/p>\n\n\n\n<p>Theo th\u1eddi gian, m\u1eb9 t\u00f4i \u0111\u00e3 nu\u00f4i d\u1ea1y nh\u1eefng \u0111\u1ee9a con m\u00e0 sau n\u00e0y tr\u1edf th\u00e0nh gi\u00e1o vi\u00ean, nh\u00e2n vi\u00ean an ninh, nh\u00e0 tr\u1ecb li\u1ec7u ng\u00f4n ng\u1eef v\u00e0 l\u00e3nh \u0111\u1ea1o c\u00f4ng \u0111o\u00e0n. Gi\u1edd \u0111\u00e2y, c\u00e1c ch\u00e1u c\u1ee7a b\u00e0 ph\u1ea5n \u0111\u1ea5u tr\u1edf th\u00e0nh b\u00e1c s\u0129 v\u00e0 v\u0169 c\u00f4ng. \u0110\u00e2y l\u00e0 gi\u1ea5c m\u01a1 M\u1ef9 c\u1ee7a gia \u0111\u00ecnh ch\u00fang t\u00f4i: c\u01a1 h\u1ed9i ti\u1ebfn b\u1ed9 v\u00e0 th\u1ecbnh v\u01b0\u1ee3ng qua nhi\u1ec1u th\u1ebf h\u1ec7. Nh\u1edd \u0110\u1ea1o lu\u1eadt C\u1ea3i c\u00e1ch v\u00e0 Ki\u1ec3m so\u00e1t Nh\u1eadp c\u01b0 n\u0103m 1986, \u0111\u01b0\u1ee3c g\u1ecdi l\u00e0 \u0110\u1ea1o lu\u1eadt \u00c2n x\u00e1 Reagan, c\u1ea3 cha v\u00e0 m\u1eb9 t\u00f4i \u0111\u1ec1u \u0111\u01b0\u1ee3c c\u1ea5p t\u01b0 c\u00e1ch h\u1ee3p ph\u00e1p.<\/p>\n\n\n\n<p>L\u00e0 m\u1ed9t c\u00f4ng d\u00e2n sinh ra t\u1ea1i Hoa K\u1ef3, t\u00f4i t\u1ef1 h\u00e0o v\u1ec1 \u0111\u1ea5t n\u01b0\u1edbc, di s\u1ea3n, gia \u0111\u00ecnh v\u00e0 c\u00f4ng \u0111o\u00e0n lao \u0111\u1ed9ng c\u1ee7a m\u00ecnh, Khu v\u1ef1c T\u00e2y Nam c\u1ee7a C\u00f4ng nh\u00e2n United li\u00ean k\u1ebft v\u1edbi SEIU. Nh\u01b0ng trong khi t\u00f4i c\u00f3 \u0111\u1eb7c quy\u1ec1n \u0111\u01b0\u1ee3c Hi\u1ebfn ph\u00e1p Hoa K\u1ef3 b\u1ea3o v\u1ec7, t\u00f4i c\u0169ng bi\u1ebft n\u1ed7i kinh ho\u00e0ng m\u00e0 m\u1ecdi ng\u01b0\u1eddi ph\u1ea3i s\u1ed1ng, ng\u00e0y n\u00e0y qua ng\u00e0y kh\u00e1c. T\u00f4i kh\u00f4ng bao gi\u1edd c\u00f3 th\u1ec3 tho\u00e1t kh\u1ecfi n\u1ed7i s\u1ee3 h\u00e3i tan n\u00e1t t\u00e2m h\u1ed3n c\u1ee7a tu\u1ed5i th\u01a1 khi nghe th\u1ea5y trong c\u1ed9ng \u0111\u1ed3ng c\u1ee7a m\u00ecnh,<em> \u201cLa migra, la migra, corr\u00e9l\u00e9, corr\u00e9l\u00e9, esc\u00f3ndete, la migra!<\/em>\u201c<\/p>\n\n\n\n<p>Trong nh\u1eefng kho\u1ea3nh kh\u1eafc nh\u01b0 v\u1eady, nh\u1eefng g\u00ec t\u1eebng l\u00e0 m\u1ed9t khu ph\u1ed1 s\u00f4i \u0111\u1ed9ng, vui v\u1ebb \u0111\u00e3 bi\u1ebfn th\u00e0nh s\u1ef1 im l\u1eb7ng ho\u00e0n to\u00e0n. L\u00e0 th\u1ebf h\u1ec7 \u0111\u1ea7u ti\u00ean c\u1ee7a nh\u1eefng ng\u01b0\u1eddi nh\u1eadp c\u01b0, ch\u00fang t\u00f4i ti\u1ebfp t\u1ee5c mang trong m\u00ecnh s\u1ef1 t\u1ee9c gi\u1eadn v\u00e0 s\u1ef1 t\u1eeb ch\u1ed1i s\u00e2u s\u1eafc \u0111\u1ed1i v\u1edbi ng\u01b0\u1eddi d\u00e2n c\u1ee7a m\u00ecnh trong t\u00e2m h\u1ed3n\u2014cho \u0111\u1ebfn t\u1eadn khi tr\u01b0\u1edfng th\u00e0nh.<\/p>\n\n\n\n<p>\u0110\u00e2y ch\u00ednh l\u00e0 \u0111\u1ed9ng l\u1ef1c th\u00fac \u0111\u1ea9y t\u00f4i \u0111\u1ee9ng l\u00ean v\u00e0 \u0111\u1ea5u tranh cho nh\u1eefng ng\u01b0\u1eddi kh\u00f4ng c\u00f3 kh\u1ea3 n\u0103ng.<\/p>\n\n\n\n<figure class=\"wp-block-gallery has-nested-images columns-2 is-cropped wp-block-gallery-1 is-layout-flex wp-block-gallery-is-layout-flex\">\n<figure class=\"wp-block-image size-large\"><a href=\"https:\/\/iamerica.org\/wp-content\/uploads\/2024\/05\/Maria-Nuno-Estrada_w-mom-phonebanking.jpg\"><img fetchpriority=\"high\" decoding=\"async\" width=\"996\" height=\"1024\" data-id=\"780\" src=\"https:\/\/iamerica.org\/wp-content\/uploads\/2024\/05\/Maria-Nuno-Estrada_w-mom-phonebanking-996x1024.jpg\" alt=\"\" class=\"wp-image-780\" srcset=\"https:\/\/iamerica.org\/wp-content\/uploads\/2024\/05\/Maria-Nuno-Estrada_w-mom-phonebanking-996x1024.jpg 996w, https:\/\/iamerica.org\/wp-content\/uploads\/2024\/05\/Maria-Nuno-Estrada_w-mom-phonebanking-292x300.jpg 292w, https:\/\/iamerica.org\/wp-content\/uploads\/2024\/05\/Maria-Nuno-Estrada_w-mom-phonebanking-768x790.jpg 768w, https:\/\/iamerica.org\/wp-content\/uploads\/2024\/05\/Maria-Nuno-Estrada_w-mom-phonebanking.jpg 1064w\" sizes=\"(max-width: 996px) 100vw, 996px\" \/><\/a><figcaption class=\"wp-element-caption\">Maria v\u00e0 Paulina t\u1ea1i Union Hall Southwest Regional Joint Board Workers United. Paulina lu\u00f4n s\u1eb5n s\u00e0ng l\u00e0m t\u00ecnh nguy\u1ec7n vi\u00ean g\u1ecdi \u0111i\u1ec7n tho\u1ea1i b\u1eb1ng ti\u1ebfng T\u00e2y Ban Nha.<\/figcaption><\/figure>\n\n\n\n<figure class=\"wp-block-image size-large\"><a href=\"https:\/\/iamerica.org\/wp-content\/uploads\/2024\/05\/Maria-Nuno-Estrada_w-mom-at-immigration-rally.jpg\"><img decoding=\"async\" width=\"974\" height=\"713\" data-id=\"779\" src=\"https:\/\/iamerica.org\/wp-content\/uploads\/2024\/05\/Maria-Nuno-Estrada_w-mom-at-immigration-rally.jpg\" alt=\"\" class=\"wp-image-779\" srcset=\"https:\/\/iamerica.org\/wp-content\/uploads\/2024\/05\/Maria-Nuno-Estrada_w-mom-at-immigration-rally.jpg 974w, https:\/\/iamerica.org\/wp-content\/uploads\/2024\/05\/Maria-Nuno-Estrada_w-mom-at-immigration-rally-300x220.jpg 300w, https:\/\/iamerica.org\/wp-content\/uploads\/2024\/05\/Maria-Nuno-Estrada_w-mom-at-immigration-rally-768x562.jpg 768w\" sizes=\"(max-width: 974px) 100vw, 974px\" \/><\/a><figcaption class=\"wp-element-caption\">Maria v\u00e0 m\u1eb9 c\u00f4 t\u1ea1i m\u1ed9t cu\u1ed9c bi\u1ec3u t\u00ecnh v\u1ec1 nh\u1eadp c\u01b0 do Workers United v\u00e0 Dallas AFL-CIO t\u1ed5 ch\u1ee9c.<\/figcaption><\/figure>\n\n\n\n<figure class=\"wp-block-image size-large\"><a href=\"https:\/\/iamerica.org\/wp-content\/uploads\/2024\/05\/Maria-Nuno-Estrada_mom-in-20s.jpg\"><img decoding=\"async\" width=\"226\" height=\"924\" data-id=\"777\" src=\"https:\/\/iamerica.org\/wp-content\/uploads\/2024\/05\/Maria-Nuno-Estrada_mom-in-20s.jpg\" alt=\"\" class=\"wp-image-777\"\/><\/a><figcaption class=\"wp-element-caption\">Paulina, Maria\u2019s mom, in her 20s.<\/figcaption><\/figure>\n\n\n\n<figure class=\"wp-block-image size-large\"><a href=\"https:\/\/iamerica.org\/wp-content\/uploads\/2024\/05\/Maria-Nuno-Estrada_mom-in-60s.jpg\"><img loading=\"lazy\" decoding=\"async\" width=\"464\" height=\"960\" data-id=\"778\" src=\"https:\/\/iamerica.org\/wp-content\/uploads\/2024\/05\/Maria-Nuno-Estrada_mom-in-60s.jpg\" alt=\"\" class=\"wp-image-778\" srcset=\"https:\/\/iamerica.org\/wp-content\/uploads\/2024\/05\/Maria-Nuno-Estrada_mom-in-60s.jpg 464w, https:\/\/iamerica.org\/wp-content\/uploads\/2024\/05\/Maria-Nuno-Estrada_mom-in-60s-145x300.jpg 145w\" sizes=\"(max-width: 464px) 100vw, 464px\" \/><\/a><figcaption class=\"wp-element-caption\">Paulina, Maria\u2019s mom, in her sassy 60s.<\/figcaption><\/figure>\n<\/figure>","protected":false},"excerpt":{"rendered":"<p>The American dream\u2014an ethos that many aspire to, yet struggle to attain. For some, it is a basic hope of being able to sleep peacefully at night, awake in the morning, find opportunity to work, provide for our families, put food on the table, have access to electricity and running water, and ensure our children [&hellip;]<\/p>\n","protected":false},"author":2,"featured_media":894,"comment_status":"open","ping_status":"open","sticky":false,"template":"","format":"standard","meta":{"footnotes":"","_links_to":"","_links_to_target":""},"categories":[11],"tags":[16],"class_list":["post-775","post","type-post","status-publish","format-standard","has-post-thumbnail","hentry","category-our-stories","tag-first-generation"],"yoast_head":"<!-- This site is optimized with the Yoast SEO plugin v27.3 - https:\/\/yoast.com\/product\/yoast-seo-wordpress\/ -->\n<title>Maria Nuno-Estrada, first-generation immigrant and Workers United member - iAmerica<\/title>\n<meta name=\"robots\" content=\"index, follow, max-snippet:-1, max-image-preview:large, max-video-preview:-1\" \/>\n<link rel=\"canonical\" href=\"https:\/\/iamerica.org\/vi\/maria-nuno-estrada-first-generation-immigrant-and-workers-united-member\/\" \/>\n<meta property=\"og:locale\" content=\"vi_VN\" \/>\n<meta property=\"og:type\" content=\"article\" \/>\n<meta property=\"og:title\" content=\"Maria Nuno-Estrada, first-generation immigrant and Workers United member - iAmerica\" \/>\n<meta property=\"og:description\" content=\"The American dream\u2014an ethos that many aspire to, yet struggle to attain. For some, it is a basic hope of being able to sleep peacefully at night, awake in the morning, find opportunity to work, provide for our families, put food on the table, have access to electricity and running water, and ensure our children [&hellip;]\" \/>\n<meta property=\"og:url\" content=\"https:\/\/iamerica.org\/vi\/maria-nuno-estrada-first-generation-immigrant-and-workers-united-member\/\" \/>\n<meta property=\"og:site_name\" content=\"iAmerica\" \/>\n<meta property=\"article:publisher\" content=\"https:\/\/www.facebook.com\/iAmericaorg\/\" \/>\n<meta property=\"article:published_time\" content=\"2024-05-16T15:19:34+00:00\" \/>\n<meta property=\"article:modified_time\" content=\"2024-07-17T16:34:15+00:00\" \/>\n<meta property=\"og:image\" content=\"https:\/\/iamerica.org\/wp-content\/uploads\/2024\/05\/IAmerica_Maria-1.png\" \/>\n\t<meta property=\"og:image:width\" content=\"710\" \/>\n\t<meta property=\"og:image:height\" content=\"396\" \/>\n\t<meta property=\"og:image:type\" content=\"image\/png\" \/>\n<meta name=\"author\" content=\"Emett Smith\" \/>\n<meta name=\"twitter:card\" content=\"summary_large_image\" \/>\n<meta name=\"twitter:creator\" content=\"@iamericaorg\" \/>\n<meta name=\"twitter:site\" content=\"@iamericaorg\" \/>\n<meta name=\"twitter:label1\" content=\"\u0110\u01b0\u1ee3c vi\u1ebft b\u1edfi\" \/>\n\t<meta name=\"twitter:data1\" content=\"Emett Smith\" \/>\n\t<meta name=\"twitter:label2\" content=\"\u01af\u1edbc t\u00ednh th\u1eddi gian \u0111\u1ecdc\" \/>\n\t<meta name=\"twitter:data2\" content=\"3 ph\u00fat\" \/>\n<script type=\"application\/ld+json\" class=\"yoast-schema-graph\">{\"@context\":\"https:\\\/\\\/schema.org\",\"@graph\":[{\"@type\":\"Article\",\"@id\":\"https:\\\/\\\/iamerica.org\\\/maria-nuno-estrada-first-generation-immigrant-and-workers-united-member\\\/#article\",\"isPartOf\":{\"@id\":\"https:\\\/\\\/iamerica.org\\\/maria-nuno-estrada-first-generation-immigrant-and-workers-united-member\\\/\"},\"author\":{\"name\":\"Emett Smith\",\"@id\":\"https:\\\/\\\/iamerica.org\\\/ru\\\/#\\\/schema\\\/person\\\/996e55c405912a1b3cb29a4835fc895d\"},\"headline\":\"Maria Nuno-Estrada, first-generation immigrant and Workers United member\",\"datePublished\":\"2024-05-16T15:19:34+00:00\",\"dateModified\":\"2024-07-17T16:34:15+00:00\",\"mainEntityOfPage\":{\"@id\":\"https:\\\/\\\/iamerica.org\\\/maria-nuno-estrada-first-generation-immigrant-and-workers-united-member\\\/\"},\"wordCount\":416,\"commentCount\":0,\"publisher\":{\"@id\":\"https:\\\/\\\/iamerica.org\\\/ru\\\/#organization\"},\"image\":{\"@id\":\"https:\\\/\\\/iamerica.org\\\/maria-nuno-estrada-first-generation-immigrant-and-workers-united-member\\\/#primaryimage\"},\"thumbnailUrl\":\"https:\\\/\\\/iamerica.org\\\/wp-content\\\/uploads\\\/2024\\\/05\\\/IAmerica_Maria-1.png\",\"keywords\":[\"First generation\"],\"articleSection\":[\"Our Stories\"],\"inLanguage\":\"vi\",\"potentialAction\":[{\"@type\":\"CommentAction\",\"name\":\"Comment\",\"target\":[\"https:\\\/\\\/iamerica.org\\\/maria-nuno-estrada-first-generation-immigrant-and-workers-united-member\\\/#respond\"]}]},{\"@type\":\"WebPage\",\"@id\":\"https:\\\/\\\/iamerica.org\\\/maria-nuno-estrada-first-generation-immigrant-and-workers-united-member\\\/\",\"url\":\"https:\\\/\\\/iamerica.org\\\/maria-nuno-estrada-first-generation-immigrant-and-workers-united-member\\\/\",\"name\":\"Maria Nuno-Estrada, first-generation immigrant and Workers United member - iAmerica\",\"isPartOf\":{\"@id\":\"https:\\\/\\\/iamerica.org\\\/ru\\\/#website\"},\"primaryImageOfPage\":{\"@id\":\"https:\\\/\\\/iamerica.org\\\/maria-nuno-estrada-first-generation-immigrant-and-workers-united-member\\\/#primaryimage\"},\"image\":{\"@id\":\"https:\\\/\\\/iamerica.org\\\/maria-nuno-estrada-first-generation-immigrant-and-workers-united-member\\\/#primaryimage\"},\"thumbnailUrl\":\"https:\\\/\\\/iamerica.org\\\/wp-content\\\/uploads\\\/2024\\\/05\\\/IAmerica_Maria-1.png\",\"datePublished\":\"2024-05-16T15:19:34+00:00\",\"dateModified\":\"2024-07-17T16:34:15+00:00\",\"breadcrumb\":{\"@id\":\"https:\\\/\\\/iamerica.org\\\/maria-nuno-estrada-first-generation-immigrant-and-workers-united-member\\\/#breadcrumb\"},\"inLanguage\":\"vi\",\"potentialAction\":[{\"@type\":\"ReadAction\",\"target\":[\"https:\\\/\\\/iamerica.org\\\/maria-nuno-estrada-first-generation-immigrant-and-workers-united-member\\\/\"]}]},{\"@type\":\"ImageObject\",\"inLanguage\":\"vi\",\"@id\":\"https:\\\/\\\/iamerica.org\\\/maria-nuno-estrada-first-generation-immigrant-and-workers-united-member\\\/#primaryimage\",\"url\":\"https:\\\/\\\/iamerica.org\\\/wp-content\\\/uploads\\\/2024\\\/05\\\/IAmerica_Maria-1.png\",\"contentUrl\":\"https:\\\/\\\/iamerica.org\\\/wp-content\\\/uploads\\\/2024\\\/05\\\/IAmerica_Maria-1.png\",\"width\":710,\"height\":396,\"caption\":\"Maria, SEIU worker, holding a sign that says \\\"Tu Yo Somos America\\\"\"},{\"@type\":\"BreadcrumbList\",\"@id\":\"https:\\\/\\\/iamerica.org\\\/maria-nuno-estrada-first-generation-immigrant-and-workers-united-member\\\/#breadcrumb\",\"itemListElement\":[{\"@type\":\"ListItem\",\"position\":1,\"name\":\"Home\",\"item\":\"https:\\\/\\\/iamerica.org\\\/\"},{\"@type\":\"ListItem\",\"position\":2,\"name\":\"Maria Nuno-Estrada, first-generation immigrant and Workers United member\"}]},{\"@type\":\"WebSite\",\"@id\":\"https:\\\/\\\/iamerica.org\\\/ru\\\/#website\",\"url\":\"https:\\\/\\\/iamerica.org\\\/ru\\\/\",\"name\":\"iAmerica\",\"description\":\"\",\"publisher\":{\"@id\":\"https:\\\/\\\/iamerica.org\\\/ru\\\/#organization\"},\"potentialAction\":[{\"@type\":\"SearchAction\",\"target\":{\"@type\":\"EntryPoint\",\"urlTemplate\":\"https:\\\/\\\/iamerica.org\\\/ru\\\/?s={search_term_string}\"},\"query-input\":{\"@type\":\"PropertyValueSpecification\",\"valueRequired\":true,\"valueName\":\"search_term_string\"}}],\"inLanguage\":\"vi\"},{\"@type\":\"Organization\",\"@id\":\"https:\\\/\\\/iamerica.org\\\/ru\\\/#organization\",\"name\":\"iAmerica\",\"url\":\"https:\\\/\\\/iamerica.org\\\/ru\\\/\",\"logo\":{\"@type\":\"ImageObject\",\"inLanguage\":\"vi\",\"@id\":\"https:\\\/\\\/iamerica.org\\\/ru\\\/#\\\/schema\\\/logo\\\/image\\\/\",\"url\":\"https:\\\/\\\/iamerica.org\\\/wp-content\\\/uploads\\\/2024\\\/05\\\/iAmerica_Logo_Navy.png\",\"contentUrl\":\"https:\\\/\\\/iamerica.org\\\/wp-content\\\/uploads\\\/2024\\\/05\\\/iAmerica_Logo_Navy.png\",\"width\":2309,\"height\":626,\"caption\":\"iAmerica\"},\"image\":{\"@id\":\"https:\\\/\\\/iamerica.org\\\/ru\\\/#\\\/schema\\\/logo\\\/image\\\/\"},\"sameAs\":[\"https:\\\/\\\/www.facebook.com\\\/iAmericaorg\\\/\",\"https:\\\/\\\/x.com\\\/iamericaorg\",\"https:\\\/\\\/www.instagram.com\\\/iamericaorg\"]},{\"@type\":\"Person\",\"@id\":\"https:\\\/\\\/iamerica.org\\\/ru\\\/#\\\/schema\\\/person\\\/996e55c405912a1b3cb29a4835fc895d\",\"name\":\"Emett Smith\",\"image\":{\"@type\":\"ImageObject\",\"inLanguage\":\"vi\",\"@id\":\"https:\\\/\\\/secure.gravatar.com\\\/avatar\\\/57373ac1085666129067b856e684bf0075d54324de79ff8d332821c495c7471d?s=96&d=mm&r=g\",\"url\":\"https:\\\/\\\/secure.gravatar.com\\\/avatar\\\/57373ac1085666129067b856e684bf0075d54324de79ff8d332821c495c7471d?s=96&d=mm&r=g\",\"contentUrl\":\"https:\\\/\\\/secure.gravatar.com\\\/avatar\\\/57373ac1085666129067b856e684bf0075d54324de79ff8d332821c495c7471d?s=96&d=mm&r=g\",\"caption\":\"Emett Smith\"},\"url\":\"https:\\\/\\\/iamerica.org\\\/vi\\\/author\\\/emett617\\\/\"}]}<\/script>\n<!-- \/ Yoast SEO plugin. -->","yoast_head_json":{"title":"Maria Nuno-Estrada, ng\u01b0\u1eddi nh\u1eadp c\u01b0 th\u1ebf h\u1ec7 \u0111\u1ea7u ti\u00ean v\u00e0 l\u00e0 th\u00e0nh vi\u00ean c\u1ee7a C\u00f4ng \u0111o\u00e0n C\u00f4ng nh\u00e2n - iAmerica","robots":{"index":"index","follow":"follow","max-snippet":"max-snippet:-1","max-image-preview":"max-image-preview:large","max-video-preview":"max-video-preview:-1"},"canonical":"https:\/\/iamerica.org\/vi\/maria-nuno-estrada-first-generation-immigrant-and-workers-united-member\/","og_locale":"vi_VN","og_type":"article","og_title":"Maria Nuno-Estrada, first-generation immigrant and Workers United member - iAmerica","og_description":"The American dream\u2014an ethos that many aspire to, yet struggle to attain. For some, it is a basic hope of being able to sleep peacefully at night, awake in the morning, find opportunity to work, provide for our families, put food on the table, have access to electricity and running water, and ensure our children [&hellip;]","og_url":"https:\/\/iamerica.org\/vi\/maria-nuno-estrada-first-generation-immigrant-and-workers-united-member\/","og_site_name":"iAmerica","article_publisher":"https:\/\/www.facebook.com\/iAmericaorg\/","article_published_time":"2024-05-16T15:19:34+00:00","article_modified_time":"2024-07-17T16:34:15+00:00","og_image":[{"width":710,"height":396,"url":"https:\/\/iamerica.org\/wp-content\/uploads\/2024\/05\/IAmerica_Maria-1.png","type":"image\/png"}],"author":"Emett Smith","twitter_card":"summary_large_image","twitter_creator":"@iamericaorg","twitter_site":"@iamericaorg","twitter_misc":{"\u0110\u01b0\u1ee3c vi\u1ebft b\u1edfi":"Emett Smith","\u01af\u1edbc t\u00ednh th\u1eddi gian \u0111\u1ecdc":"3 ph\u00fat"},"schema":{"@context":"https:\/\/schema.org","@graph":[{"@type":"Article","@id":"https:\/\/iamerica.org\/maria-nuno-estrada-first-generation-immigrant-and-workers-united-member\/#article","isPartOf":{"@id":"https:\/\/iamerica.org\/maria-nuno-estrada-first-generation-immigrant-and-workers-united-member\/"},"author":{"name":"Emett Smith","@id":"https:\/\/iamerica.org\/ru\/#\/schema\/person\/996e55c405912a1b3cb29a4835fc895d"},"headline":"Maria Nuno-Estrada, first-generation immigrant and Workers United member","datePublished":"2024-05-16T15:19:34+00:00","dateModified":"2024-07-17T16:34:15+00:00","mainEntityOfPage":{"@id":"https:\/\/iamerica.org\/maria-nuno-estrada-first-generation-immigrant-and-workers-united-member\/"},"wordCount":416,"commentCount":0,"publisher":{"@id":"https:\/\/iamerica.org\/ru\/#organization"},"image":{"@id":"https:\/\/iamerica.org\/maria-nuno-estrada-first-generation-immigrant-and-workers-united-member\/#primaryimage"},"thumbnailUrl":"https:\/\/iamerica.org\/wp-content\/uploads\/2024\/05\/IAmerica_Maria-1.png","keywords":["First generation"],"articleSection":["Our Stories"],"inLanguage":"vi","potentialAction":[{"@type":"CommentAction","name":"Comment","target":["https:\/\/iamerica.org\/maria-nuno-estrada-first-generation-immigrant-and-workers-united-member\/#respond"]}]},{"@type":"WebPage","@id":"https:\/\/iamerica.org\/maria-nuno-estrada-first-generation-immigrant-and-workers-united-member\/","url":"https:\/\/iamerica.org\/maria-nuno-estrada-first-generation-immigrant-and-workers-united-member\/","name":"Maria Nuno-Estrada, ng\u01b0\u1eddi nh\u1eadp c\u01b0 th\u1ebf h\u1ec7 \u0111\u1ea7u ti\u00ean v\u00e0 l\u00e0 th\u00e0nh vi\u00ean c\u1ee7a C\u00f4ng \u0111o\u00e0n C\u00f4ng nh\u00e2n - iAmerica","isPartOf":{"@id":"https:\/\/iamerica.org\/ru\/#website"},"primaryImageOfPage":{"@id":"https:\/\/iamerica.org\/maria-nuno-estrada-first-generation-immigrant-and-workers-united-member\/#primaryimage"},"image":{"@id":"https:\/\/iamerica.org\/maria-nuno-estrada-first-generation-immigrant-and-workers-united-member\/#primaryimage"},"thumbnailUrl":"https:\/\/iamerica.org\/wp-content\/uploads\/2024\/05\/IAmerica_Maria-1.png","datePublished":"2024-05-16T15:19:34+00:00","dateModified":"2024-07-17T16:34:15+00:00","breadcrumb":{"@id":"https:\/\/iamerica.org\/maria-nuno-estrada-first-generation-immigrant-and-workers-united-member\/#breadcrumb"},"inLanguage":"vi","potentialAction":[{"@type":"ReadAction","target":["https:\/\/iamerica.org\/maria-nuno-estrada-first-generation-immigrant-and-workers-united-member\/"]}]},{"@type":"ImageObject","inLanguage":"vi","@id":"https:\/\/iamerica.org\/maria-nuno-estrada-first-generation-immigrant-and-workers-united-member\/#primaryimage","url":"https:\/\/iamerica.org\/wp-content\/uploads\/2024\/05\/IAmerica_Maria-1.png","contentUrl":"https:\/\/iamerica.org\/wp-content\/uploads\/2024\/05\/IAmerica_Maria-1.png","width":710,"height":396,"caption":"Maria, SEIU worker, holding a sign that says \"Tu Yo Somos America\""},{"@type":"BreadcrumbList","@id":"https:\/\/iamerica.org\/maria-nuno-estrada-first-generation-immigrant-and-workers-united-member\/#breadcrumb","itemListElement":[{"@type":"ListItem","position":1,"name":"Home","item":"https:\/\/iamerica.org\/"},{"@type":"ListItem","position":2,"name":"Maria Nuno-Estrada, first-generation immigrant and Workers United member"}]},{"@type":"WebSite","@id":"https:\/\/iamerica.org\/ru\/#website","url":"https:\/\/iamerica.org\/ru\/","name":"iM\u1ef9","description":"","publisher":{"@id":"https:\/\/iamerica.org\/ru\/#organization"},"potentialAction":[{"@type":"SearchAction","target":{"@type":"EntryPoint","urlTemplate":"https:\/\/iamerica.org\/ru\/?s={search_term_string}"},"query-input":{"@type":"PropertyValueSpecification","valueRequired":true,"valueName":"search_term_string"}}],"inLanguage":"vi"},{"@type":"Organization","@id":"https:\/\/iamerica.org\/ru\/#organization","name":"iM\u1ef9","url":"https:\/\/iamerica.org\/ru\/","logo":{"@type":"ImageObject","inLanguage":"vi","@id":"https:\/\/iamerica.org\/ru\/#\/schema\/logo\/image\/","url":"https:\/\/iamerica.org\/wp-content\/uploads\/2024\/05\/iAmerica_Logo_Navy.png","contentUrl":"https:\/\/iamerica.org\/wp-content\/uploads\/2024\/05\/iAmerica_Logo_Navy.png","width":2309,"height":626,"caption":"iAmerica"},"image":{"@id":"https:\/\/iamerica.org\/ru\/#\/schema\/logo\/image\/"},"sameAs":["https:\/\/www.facebook.com\/iAmericaorg\/","https:\/\/x.com\/iamericaorg","https:\/\/www.instagram.com\/iamericaorg"]},{"@type":"Person","@id":"https:\/\/iamerica.org\/ru\/#\/schema\/person\/996e55c405912a1b3cb29a4835fc895d","name":"Emett Smith","image":{"@type":"ImageObject","inLanguage":"vi","@id":"https:\/\/secure.gravatar.com\/avatar\/57373ac1085666129067b856e684bf0075d54324de79ff8d332821c495c7471d?s=96&d=mm&r=g","url":"https:\/\/secure.gravatar.com\/avatar\/57373ac1085666129067b856e684bf0075d54324de79ff8d332821c495c7471d?s=96&d=mm&r=g","contentUrl":"https:\/\/secure.gravatar.com\/avatar\/57373ac1085666129067b856e684bf0075d54324de79ff8d332821c495c7471d?s=96&d=mm&r=g","caption":"Emett Smith"},"url":"https:\/\/iamerica.org\/vi\/author\/emett617\/"}]}},"_links":{"self":[{"href":"https:\/\/iamerica.org\/vi\/wp-json\/wp\/v2\/posts\/775","targetHints":{"allow":["GET"]}}],"collection":[{"href":"https:\/\/iamerica.org\/vi\/wp-json\/wp\/v2\/posts"}],"about":[{"href":"https:\/\/iamerica.org\/vi\/wp-json\/wp\/v2\/types\/post"}],"author":[{"embeddable":true,"href":"https:\/\/iamerica.org\/vi\/wp-json\/wp\/v2\/users\/2"}],"replies":[{"embeddable":true,"href":"https:\/\/iamerica.org\/vi\/wp-json\/wp\/v2\/comments?post=775"}],"version-history":[{"count":0,"href":"https:\/\/iamerica.org\/vi\/wp-json\/wp\/v2\/posts\/775\/revisions"}],"wp:featuredmedia":[{"embeddable":true,"href":"https:\/\/iamerica.org\/vi\/wp-json\/wp\/v2\/media\/894"}],"wp:attachment":[{"href":"https:\/\/iamerica.org\/vi\/wp-json\/wp\/v2\/media?parent=775"}],"wp:term":[{"taxonomy":"category","embeddable":true,"href":"https:\/\/iamerica.org\/vi\/wp-json\/wp\/v2\/categories?post=775"},{"taxonomy":"post_tag","embeddable":true,"href":"https:\/\/iamerica.org\/vi\/wp-json\/wp\/v2\/tags?post=775"}],"curies":[{"name":"wp","href":"https:\/\/api.w.org\/{rel}","templated":true}]}}