{"id":815,"date":"2024-05-16T15:33:32","date_gmt":"2024-05-16T15:33:32","guid":{"rendered":"https:\/\/iamerica.wpenginepowered.com\/?p=815"},"modified":"2024-07-17T12:36:15","modified_gmt":"2024-07-17T16:36:15","slug":"yoshi-her-son-of-hmong-refugees-and-seiu-hcmn-member","status":"publish","type":"post","link":"https:\/\/iamerica.org\/vi\/yoshi-her-son-of-hmong-refugees-and-seiu-hcmn-member\/","title":{"rendered":"Yoshi Her, con trai ng\u01b0\u1eddi t\u1ecb n\u1ea1n Hmong v\u00e0 th\u00e0nh vi\u00ean SEIU HCMN"},"content":{"rendered":"<p>T\u00f4i sinh ra \u1edf Hoa K\u1ef3, nh\u01b0ng cha m\u1eb9 t\u00f4i th\u00ec kh\u00f4ng. L\u00e0 nh\u1eefng ng\u01b0\u1eddi t\u1ecb n\u1ea1n Hmong, h\u1ecd \u0111\u00e3 di c\u01b0 t\u1eeb L\u00e0o \u0111\u1ebfn m\u1ed9t tr\u1ea1i t\u1ecb n\u1ea1n \u1edf Th\u00e1i Lan tr\u01b0\u1edbc khi \u0111\u1ebfn Hoa K\u1ef3. Trong th\u1eddi gian \u0111\u01b0\u1ee3c g\u1ecdi l\u00e0 &quot;Cu\u1ed9c chi\u1ebfn b\u00ed m\u1eadt&quot; \u1edf L\u00e0o, C\u01a1 quan T\u00ecnh b\u00e1o Trung \u01b0\u01a1ng Hoa K\u1ef3 (CIA) \u0111\u00e3 tuy\u1ec3n d\u1ee5ng ng\u01b0\u1eddi Hmong b\u1ea3n \u0111\u1ecba \u0111\u1ec3 chi\u1ebfn \u0111\u1ea5u trong Chi\u1ebfn tranh Vi\u1ec7t Nam. Hoa K\u1ef3 \u0111\u00e3 h\u1ee9a v\u1edbi th\u1ee7 l\u0129nh c\u1ee7a ng\u01b0\u1eddi Hmong r\u1eb1ng n\u1ebfu s\u1ef1 li\u00ean k\u1ebft n\u00e0y s\u1ee5p \u0111\u1ed5, h\u1ecd c\u00f3 th\u1ec3 \u0111\u1ebfn Hoa K\u1ef3 v\u1edbi t\u01b0 c\u00e1ch l\u00e0 ng\u01b0\u1eddi t\u1ecb n\u1ea1n.<\/p>\n\n\n\n<p>Khi s\u1ef1 li\u00ean k\u1ebft n\u00e0y th\u1ef1c s\u1ef1 s\u1ee5p \u0111\u1ed5, ng\u01b0\u1eddi Hmong \u0111\u00e3 b\u1ecb truy t\u1ed1 v\u00ec ch\u1ed1ng l\u1ea1i c\u1ed9ng s\u1ea3n. B\u1ed1 m\u1eb9 t\u00f4i g\u1eb7p nhau \u1edf Hoa K\u1ef3 nh\u01b0ng c\u00f3 nh\u1eefng tr\u1ea3i nghi\u1ec7m song song trong chi\u1ebfn tranh.<\/p>\n\n\n\n<p>B\u1ed1 t\u00f4i ch\u1ec9 l\u00e0 m\u1ed9t thi\u1ebfu ni\u00ean \u1edf L\u00e0o khi m\u1eb9 v\u00e0 ch\u1ecb g\u00e1i \u00f4ng b\u1ecb b\u1eafn ch\u1ebft tr\u01b0\u1edbc m\u1eb7t \u00f4ng. Lo s\u1ee3 cho t\u00ednh m\u1ea1ng c\u1ee7a m\u00ecnh, b\u1ed1 t\u00f4i \u0111\u00e3 b\u01a1i qua s\u00f4ng Mekong \u0111\u1ebfn Th\u00e1i Lan, c\u00f9ng v\u1edbi m\u1ed9t nh\u00f3m kho\u1ea3ng m\u1ed9t ch\u1ee5c ng\u01b0\u1eddi, tr\u01b0\u1edbc khi \u00f4ng \u0111\u1ebfn Hoa K\u1ef3.&nbsp;<\/p>\n\n\n\n<p>B\u1ed1 c\u1ee7a m\u1eb9 t\u00f4i m\u1ea5t khi b\u00e0 sinh ra n\u00ean b\u00e0 \u0111\u01b0\u1ee3c ch\u00fa c\u1ee7a b\u00e0, m\u1ed9t s\u0129 quan c\u1ea5p cao trong chi\u1ebfn tranh, nh\u1eadn nu\u00f4i. Nh\u1edd \u0111\u1ecba v\u1ecb c\u1ee7a ch\u00fa, h\u1ecd c\u00f3 th\u1ec3 di t\u1ea3n t\u1eeb L\u00e0o sang Th\u00e1i Lan. Nh\u01b0ng b\u1ea5t k\u1ec3 \u0111\u1ecba v\u1ecb c\u1ee7a h\u1ecd l\u00e0 g\u00ec, t\u1ea5t c\u1ea3 ng\u01b0\u1eddi Hmong \u0111\u1ec1u b\u1ecb \u0111\u01b0a v\u00e0o tr\u1ea1i t\u1ecb n\u1ea1n \u1edf Th\u00e1i Lan. Sau \u0111\u00f3, b\u00e0 \u0111\u1ebfn Hoa K\u1ef3 v\u1edbi t\u01b0 c\u00e1ch l\u00e0 ng\u01b0\u1eddi t\u1ecb n\u1ea1n.<\/p>\n\n\n\n<p>Khi h\u1ecd \u0111\u1ebfn, h\u1ecd kh\u00f4ng c\u00f3 ai c\u1ea3 - th\u1eadm ch\u00ed kh\u00f4ng c\u00f3 gi\u1ea5y khai sinh t\u1eeb qu\u1ed1c gia c\u1ee7a h\u1ecd. T\u00f4i l\u00e0 ng\u01b0\u1eddi h\u01b0\u1edfng l\u1ee3i t\u1eeb h\u00e0nh tr\u00ecnh v\u00e0 nh\u1eefng kh\u00f3 kh\u0103n c\u1ee7a h\u1ecd v\u00e0 t\u00f4i may m\u1eafn \u0111\u01b0\u1ee3c s\u1ed1ng \u1edf Hoa K\u1ef3 ng\u00e0y h\u00f4m nay.<\/p>\n\n\n\n<p>V\u00ec t\u00ecnh tr\u1ea1ng t\u1ecb n\u1ea1n c\u1ee7a h\u1ecd, cha m\u1eb9 t\u00f4i kh\u00f4ng c\u00f3 ti\u1ebfng n\u00f3i. H\u1ecd kh\u00f4ng \u0111\u01b0\u1ee3c b\u1ecf phi\u1ebfu. Nhi\u1ec1u n\u0103m sau, cu\u1ed1i c\u00f9ng h\u1ecd \u0111\u00e3 tr\u1edf th\u00e0nh c\u00f4ng d\u00e2n v\u00e0 c\u1eed tri Hoa K\u1ef3. Ng\u00e0y nay, h\u1ecd y\u00eau c\u1ea7u c\u00e1c vi\u00ean ch\u1ee9c \u0111\u01b0\u1ee3c b\u1ea7u c\u1ee7a m\u00ecnh ch\u1ecbu tr\u00e1ch nhi\u1ec7m v\u00e0 th\u00fac \u0111\u1ea9y con c\u00e1i h\u1ecd c\u0169ng \u0111i b\u1ecf phi\u1ebfu.<\/p>\n\n\n\n<p>This country was not made because people simply showed up. This country emerged from immigrants who came to make it the United States it is today. It\u2019s our country too.<\/p>\n\n\n\n<p>M\u1ed9t n\u01b0\u1edbc M\u1ef9 \u0111a d\u1ea1ng h\u01a1n khi\u1ebfn ch\u00fang ta t\u1ed1t h\u01a1n v\u00e0 m\u1ea1nh m\u1ebd h\u01a1n. T\u00f4i mu\u1ed1n th\u1ea5y m\u1ecdi ng\u01b0\u1eddi \u0111\u01b0\u1ee3c \u0111\u1ed1i x\u1eed b\u00ecnh \u0111\u1eb3ng \u1edf Hoa K\u1ef3. \u0110\u00f3 l\u00e0 l\u00fd do t\u1ea1i sao t\u00f4i tham gia v\u00e0o c\u00f4ng \u0111o\u00e0n c\u1ee7a m\u00ecnh \u0111\u1ec3 \u0111\u1ea5u tranh cho c\u00f4ng l\u00fd v\u1ec1 ch\u1ee7ng t\u1ed9c, kinh t\u1ebf v\u00e0 nh\u1eadp c\u01b0, b\u1edfi v\u00ec ch\u00fang ta m\u1ea1nh m\u1ebd h\u01a1n khi \u0111o\u00e0n k\u1ebft.<\/p>\n\n\n\n<p>\u1ede Minnesota, ch\u00fang t\u00f4i \u0111\u00e3 \u0111\u1ea5u tranh cho s\u00e1ng ki\u1ebfn T\u1ef1 do l\u00e1i xe, cho ph\u00e9p c\u1ea5p gi\u1ea5y ph\u00e9p l\u00e1i xe cho t\u1ea5t c\u1ea3 ng\u01b0\u1eddi d\u00e2n Minnesota, b\u1ea5t k\u1ec3 t\u00ecnh tr\u1ea1ng nh\u1eadp c\u01b0. T\u00f4i c\u0169ng \u0111\u00e3 tr\u1edf th\u00e0nh m\u1ed9t ph\u1ea7n c\u1ee7a nh\u00f3m Ng\u01b0\u1eddi Ch\u00e2u \u00c1 v\u00e0 Th\u00e1i B\u00ecnh D\u01b0\u01a1ng \u0111i \u0111\u0103ng k\u00fd c\u1eed tri, v\u00ec nhi\u1ec1u ng\u01b0\u1eddi nh\u1eadp c\u01b0 kh\u00f4ng bi\u1ebft r\u1eb1ng ti\u1ebfng n\u00f3i c\u1ee7a h\u1ecd c\u00f3 gi\u00e1 tr\u1ecb. M\u1ed9t ng\u00e0y n\u00e0o \u0111\u00f3, th\u00f4ng qua c\u00f4ng vi\u1ec7c ch\u0103m ch\u1ec9 chung c\u1ee7a ch\u00fang ta, \u01b0\u1edbc m\u01a1 c\u1ee7a t\u00f4i l\u00e0 <em>t\u1ea5t c\u1ea3 <\/em>ng\u01b0\u1eddi nh\u1eadp c\u01b0 \u0111\u01b0\u1ee3c ch\u00e0o \u0111\u00f3n \u1edf M\u1ef9.<\/p>","protected":false},"excerpt":{"rendered":"<p>I was born in the United States, but my parents were not. As Hmong refugees, they migrated from Laos to a refugee camp in Thailand before they came to the United States. During what was known as \u201cThe Secret War\u201d in Laos, the United States Central Intelligence Agency (CIA) recruited indigenous Hmong people to fight [&hellip;]<\/p>\n","protected":false},"author":2,"featured_media":1835,"comment_status":"open","ping_status":"open","sticky":false,"template":"","format":"standard","meta":{"footnotes":"","_links_to":"","_links_to_target":""},"categories":[11],"tags":[16,18],"class_list":["post-815","post","type-post","status-publish","format-standard","has-post-thumbnail","hentry","category-our-stories","tag-first-generation","tag-refugee"],"yoast_head":"<!-- This site is optimized with the Yoast SEO plugin v27.3 - https:\/\/yoast.com\/product\/yoast-seo-wordpress\/ -->\n<title>Yoshi Her, son of Hmong refugees and SEIU HCMN member - iAmerica<\/title>\n<meta name=\"robots\" content=\"index, follow, max-snippet:-1, max-image-preview:large, max-video-preview:-1\" \/>\n<link rel=\"canonical\" href=\"https:\/\/iamerica.org\/vi\/yoshi-her-son-of-hmong-refugees-and-seiu-hcmn-member\/\" \/>\n<meta property=\"og:locale\" content=\"vi_VN\" \/>\n<meta property=\"og:type\" content=\"article\" \/>\n<meta property=\"og:title\" content=\"Yoshi Her, son of Hmong refugees and SEIU HCMN member - iAmerica\" \/>\n<meta property=\"og:description\" content=\"I was born in the United States, but my parents were not. As Hmong refugees, they migrated from Laos to a refugee camp in Thailand before they came to the United States. During what was known as \u201cThe Secret War\u201d in Laos, the United States Central Intelligence Agency (CIA) recruited indigenous Hmong people to fight [&hellip;]\" \/>\n<meta property=\"og:url\" content=\"https:\/\/iamerica.org\/vi\/yoshi-her-son-of-hmong-refugees-and-seiu-hcmn-member\/\" \/>\n<meta property=\"og:site_name\" content=\"iAmerica\" \/>\n<meta property=\"article:publisher\" content=\"https:\/\/www.facebook.com\/iAmericaorg\/\" \/>\n<meta property=\"article:published_time\" content=\"2024-05-16T15:33:32+00:00\" \/>\n<meta property=\"article:modified_time\" content=\"2024-07-17T16:36:15+00:00\" \/>\n<meta property=\"og:image\" content=\"https:\/\/iamerica.org\/wp-content\/uploads\/2024\/05\/IAmerica_Yoshi.png\" \/>\n\t<meta property=\"og:image:width\" content=\"710\" \/>\n\t<meta property=\"og:image:height\" content=\"396\" \/>\n\t<meta property=\"og:image:type\" content=\"image\/png\" \/>\n<meta name=\"author\" content=\"Emett Smith\" \/>\n<meta name=\"twitter:card\" content=\"summary_large_image\" \/>\n<meta name=\"twitter:creator\" content=\"@iamericaorg\" \/>\n<meta name=\"twitter:site\" content=\"@iamericaorg\" \/>\n<meta name=\"twitter:label1\" content=\"\u0110\u01b0\u1ee3c vi\u1ebft b\u1edfi\" \/>\n\t<meta name=\"twitter:data1\" content=\"Emett Smith\" \/>\n\t<meta name=\"twitter:label2\" content=\"\u01af\u1edbc t\u00ednh th\u1eddi gian \u0111\u1ecdc\" \/>\n\t<meta name=\"twitter:data2\" content=\"3 ph\u00fat\" \/>\n<script type=\"application\/ld+json\" class=\"yoast-schema-graph\">{\"@context\":\"https:\\\/\\\/schema.org\",\"@graph\":[{\"@type\":\"Article\",\"@id\":\"https:\\\/\\\/iamerica.org\\\/yoshi-her-son-of-hmong-refugees-and-seiu-hcmn-member\\\/#article\",\"isPartOf\":{\"@id\":\"https:\\\/\\\/iamerica.org\\\/yoshi-her-son-of-hmong-refugees-and-seiu-hcmn-member\\\/\"},\"author\":{\"name\":\"Emett Smith\",\"@id\":\"https:\\\/\\\/iamerica.org\\\/ru\\\/#\\\/schema\\\/person\\\/996e55c405912a1b3cb29a4835fc895d\"},\"headline\":\"Yoshi Her, son of Hmong refugees and SEIU HCMN member\",\"datePublished\":\"2024-05-16T15:33:32+00:00\",\"dateModified\":\"2024-07-17T16:36:15+00:00\",\"mainEntityOfPage\":{\"@id\":\"https:\\\/\\\/iamerica.org\\\/yoshi-her-son-of-hmong-refugees-and-seiu-hcmn-member\\\/\"},\"wordCount\":461,\"commentCount\":0,\"publisher\":{\"@id\":\"https:\\\/\\\/iamerica.org\\\/ru\\\/#organization\"},\"image\":{\"@id\":\"https:\\\/\\\/iamerica.org\\\/yoshi-her-son-of-hmong-refugees-and-seiu-hcmn-member\\\/#primaryimage\"},\"thumbnailUrl\":\"https:\\\/\\\/iamerica.org\\\/wp-content\\\/uploads\\\/2024\\\/05\\\/IAmerica_Yoshi.png\",\"keywords\":[\"First generation\",\"Refugee\"],\"articleSection\":[\"Our Stories\"],\"inLanguage\":\"vi\",\"potentialAction\":[{\"@type\":\"CommentAction\",\"name\":\"Comment\",\"target\":[\"https:\\\/\\\/iamerica.org\\\/yoshi-her-son-of-hmong-refugees-and-seiu-hcmn-member\\\/#respond\"]}]},{\"@type\":\"WebPage\",\"@id\":\"https:\\\/\\\/iamerica.org\\\/yoshi-her-son-of-hmong-refugees-and-seiu-hcmn-member\\\/\",\"url\":\"https:\\\/\\\/iamerica.org\\\/yoshi-her-son-of-hmong-refugees-and-seiu-hcmn-member\\\/\",\"name\":\"Yoshi Her, son of Hmong refugees and SEIU HCMN member - iAmerica\",\"isPartOf\":{\"@id\":\"https:\\\/\\\/iamerica.org\\\/ru\\\/#website\"},\"primaryImageOfPage\":{\"@id\":\"https:\\\/\\\/iamerica.org\\\/yoshi-her-son-of-hmong-refugees-and-seiu-hcmn-member\\\/#primaryimage\"},\"image\":{\"@id\":\"https:\\\/\\\/iamerica.org\\\/yoshi-her-son-of-hmong-refugees-and-seiu-hcmn-member\\\/#primaryimage\"},\"thumbnailUrl\":\"https:\\\/\\\/iamerica.org\\\/wp-content\\\/uploads\\\/2024\\\/05\\\/IAmerica_Yoshi.png\",\"datePublished\":\"2024-05-16T15:33:32+00:00\",\"dateModified\":\"2024-07-17T16:36:15+00:00\",\"breadcrumb\":{\"@id\":\"https:\\\/\\\/iamerica.org\\\/yoshi-her-son-of-hmong-refugees-and-seiu-hcmn-member\\\/#breadcrumb\"},\"inLanguage\":\"vi\",\"potentialAction\":[{\"@type\":\"ReadAction\",\"target\":[\"https:\\\/\\\/iamerica.org\\\/yoshi-her-son-of-hmong-refugees-and-seiu-hcmn-member\\\/\"]}]},{\"@type\":\"ImageObject\",\"inLanguage\":\"vi\",\"@id\":\"https:\\\/\\\/iamerica.org\\\/yoshi-her-son-of-hmong-refugees-and-seiu-hcmn-member\\\/#primaryimage\",\"url\":\"https:\\\/\\\/iamerica.org\\\/wp-content\\\/uploads\\\/2024\\\/05\\\/IAmerica_Yoshi.png\",\"contentUrl\":\"https:\\\/\\\/iamerica.org\\\/wp-content\\\/uploads\\\/2024\\\/05\\\/IAmerica_Yoshi.png\",\"width\":710,\"height\":396,\"caption\":\"man at microphone with illustrated speech bubble beside him\"},{\"@type\":\"BreadcrumbList\",\"@id\":\"https:\\\/\\\/iamerica.org\\\/yoshi-her-son-of-hmong-refugees-and-seiu-hcmn-member\\\/#breadcrumb\",\"itemListElement\":[{\"@type\":\"ListItem\",\"position\":1,\"name\":\"Home\",\"item\":\"https:\\\/\\\/iamerica.org\\\/\"},{\"@type\":\"ListItem\",\"position\":2,\"name\":\"Yoshi Her, son of Hmong refugees and SEIU HCMN member\"}]},{\"@type\":\"WebSite\",\"@id\":\"https:\\\/\\\/iamerica.org\\\/ru\\\/#website\",\"url\":\"https:\\\/\\\/iamerica.org\\\/ru\\\/\",\"name\":\"iAmerica\",\"description\":\"\",\"publisher\":{\"@id\":\"https:\\\/\\\/iamerica.org\\\/ru\\\/#organization\"},\"potentialAction\":[{\"@type\":\"SearchAction\",\"target\":{\"@type\":\"EntryPoint\",\"urlTemplate\":\"https:\\\/\\\/iamerica.org\\\/ru\\\/?s={search_term_string}\"},\"query-input\":{\"@type\":\"PropertyValueSpecification\",\"valueRequired\":true,\"valueName\":\"search_term_string\"}}],\"inLanguage\":\"vi\"},{\"@type\":\"Organization\",\"@id\":\"https:\\\/\\\/iamerica.org\\\/ru\\\/#organization\",\"name\":\"iAmerica\",\"url\":\"https:\\\/\\\/iamerica.org\\\/ru\\\/\",\"logo\":{\"@type\":\"ImageObject\",\"inLanguage\":\"vi\",\"@id\":\"https:\\\/\\\/iamerica.org\\\/ru\\\/#\\\/schema\\\/logo\\\/image\\\/\",\"url\":\"https:\\\/\\\/iamerica.org\\\/wp-content\\\/uploads\\\/2024\\\/05\\\/iAmerica_Logo_Navy.png\",\"contentUrl\":\"https:\\\/\\\/iamerica.org\\\/wp-content\\\/uploads\\\/2024\\\/05\\\/iAmerica_Logo_Navy.png\",\"width\":2309,\"height\":626,\"caption\":\"iAmerica\"},\"image\":{\"@id\":\"https:\\\/\\\/iamerica.org\\\/ru\\\/#\\\/schema\\\/logo\\\/image\\\/\"},\"sameAs\":[\"https:\\\/\\\/www.facebook.com\\\/iAmericaorg\\\/\",\"https:\\\/\\\/x.com\\\/iamericaorg\",\"https:\\\/\\\/www.instagram.com\\\/iamericaorg\"]},{\"@type\":\"Person\",\"@id\":\"https:\\\/\\\/iamerica.org\\\/ru\\\/#\\\/schema\\\/person\\\/996e55c405912a1b3cb29a4835fc895d\",\"name\":\"Emett Smith\",\"image\":{\"@type\":\"ImageObject\",\"inLanguage\":\"vi\",\"@id\":\"https:\\\/\\\/secure.gravatar.com\\\/avatar\\\/57373ac1085666129067b856e684bf0075d54324de79ff8d332821c495c7471d?s=96&d=mm&r=g\",\"url\":\"https:\\\/\\\/secure.gravatar.com\\\/avatar\\\/57373ac1085666129067b856e684bf0075d54324de79ff8d332821c495c7471d?s=96&d=mm&r=g\",\"contentUrl\":\"https:\\\/\\\/secure.gravatar.com\\\/avatar\\\/57373ac1085666129067b856e684bf0075d54324de79ff8d332821c495c7471d?s=96&d=mm&r=g\",\"caption\":\"Emett Smith\"},\"url\":\"https:\\\/\\\/iamerica.org\\\/vi\\\/author\\\/emett617\\\/\"}]}<\/script>\n<!-- \/ Yoast SEO plugin. -->","yoast_head_json":{"title":"Yoshi Her, con trai c\u1ee7a ng\u01b0\u1eddi t\u1ecb n\u1ea1n Hmong v\u00e0 l\u00e0 th\u00e0nh vi\u00ean SEIU HCMN - iAmerica","robots":{"index":"index","follow":"follow","max-snippet":"max-snippet:-1","max-image-preview":"max-image-preview:large","max-video-preview":"max-video-preview:-1"},"canonical":"https:\/\/iamerica.org\/vi\/yoshi-her-son-of-hmong-refugees-and-seiu-hcmn-member\/","og_locale":"vi_VN","og_type":"article","og_title":"Yoshi Her, son of Hmong refugees and SEIU HCMN member - iAmerica","og_description":"I was born in the United States, but my parents were not. As Hmong refugees, they migrated from Laos to a refugee camp in Thailand before they came to the United States. During what was known as \u201cThe Secret War\u201d in Laos, the United States Central Intelligence Agency (CIA) recruited indigenous Hmong people to fight [&hellip;]","og_url":"https:\/\/iamerica.org\/vi\/yoshi-her-son-of-hmong-refugees-and-seiu-hcmn-member\/","og_site_name":"iAmerica","article_publisher":"https:\/\/www.facebook.com\/iAmericaorg\/","article_published_time":"2024-05-16T15:33:32+00:00","article_modified_time":"2024-07-17T16:36:15+00:00","og_image":[{"width":710,"height":396,"url":"https:\/\/iamerica.org\/wp-content\/uploads\/2024\/05\/IAmerica_Yoshi.png","type":"image\/png"}],"author":"Emett Smith","twitter_card":"summary_large_image","twitter_creator":"@iamericaorg","twitter_site":"@iamericaorg","twitter_misc":{"\u0110\u01b0\u1ee3c vi\u1ebft b\u1edfi":"Emett Smith","\u01af\u1edbc t\u00ednh th\u1eddi gian \u0111\u1ecdc":"3 ph\u00fat"},"schema":{"@context":"https:\/\/schema.org","@graph":[{"@type":"Article","@id":"https:\/\/iamerica.org\/yoshi-her-son-of-hmong-refugees-and-seiu-hcmn-member\/#article","isPartOf":{"@id":"https:\/\/iamerica.org\/yoshi-her-son-of-hmong-refugees-and-seiu-hcmn-member\/"},"author":{"name":"Emett Smith","@id":"https:\/\/iamerica.org\/ru\/#\/schema\/person\/996e55c405912a1b3cb29a4835fc895d"},"headline":"Yoshi Her, son of Hmong refugees and SEIU HCMN member","datePublished":"2024-05-16T15:33:32+00:00","dateModified":"2024-07-17T16:36:15+00:00","mainEntityOfPage":{"@id":"https:\/\/iamerica.org\/yoshi-her-son-of-hmong-refugees-and-seiu-hcmn-member\/"},"wordCount":461,"commentCount":0,"publisher":{"@id":"https:\/\/iamerica.org\/ru\/#organization"},"image":{"@id":"https:\/\/iamerica.org\/yoshi-her-son-of-hmong-refugees-and-seiu-hcmn-member\/#primaryimage"},"thumbnailUrl":"https:\/\/iamerica.org\/wp-content\/uploads\/2024\/05\/IAmerica_Yoshi.png","keywords":["First generation","Refugee"],"articleSection":["Our Stories"],"inLanguage":"vi","potentialAction":[{"@type":"CommentAction","name":"Comment","target":["https:\/\/iamerica.org\/yoshi-her-son-of-hmong-refugees-and-seiu-hcmn-member\/#respond"]}]},{"@type":"WebPage","@id":"https:\/\/iamerica.org\/yoshi-her-son-of-hmong-refugees-and-seiu-hcmn-member\/","url":"https:\/\/iamerica.org\/yoshi-her-son-of-hmong-refugees-and-seiu-hcmn-member\/","name":"Yoshi Her, con trai c\u1ee7a ng\u01b0\u1eddi t\u1ecb n\u1ea1n Hmong v\u00e0 l\u00e0 th\u00e0nh vi\u00ean SEIU HCMN - iAmerica","isPartOf":{"@id":"https:\/\/iamerica.org\/ru\/#website"},"primaryImageOfPage":{"@id":"https:\/\/iamerica.org\/yoshi-her-son-of-hmong-refugees-and-seiu-hcmn-member\/#primaryimage"},"image":{"@id":"https:\/\/iamerica.org\/yoshi-her-son-of-hmong-refugees-and-seiu-hcmn-member\/#primaryimage"},"thumbnailUrl":"https:\/\/iamerica.org\/wp-content\/uploads\/2024\/05\/IAmerica_Yoshi.png","datePublished":"2024-05-16T15:33:32+00:00","dateModified":"2024-07-17T16:36:15+00:00","breadcrumb":{"@id":"https:\/\/iamerica.org\/yoshi-her-son-of-hmong-refugees-and-seiu-hcmn-member\/#breadcrumb"},"inLanguage":"vi","potentialAction":[{"@type":"ReadAction","target":["https:\/\/iamerica.org\/yoshi-her-son-of-hmong-refugees-and-seiu-hcmn-member\/"]}]},{"@type":"ImageObject","inLanguage":"vi","@id":"https:\/\/iamerica.org\/yoshi-her-son-of-hmong-refugees-and-seiu-hcmn-member\/#primaryimage","url":"https:\/\/iamerica.org\/wp-content\/uploads\/2024\/05\/IAmerica_Yoshi.png","contentUrl":"https:\/\/iamerica.org\/wp-content\/uploads\/2024\/05\/IAmerica_Yoshi.png","width":710,"height":396,"caption":"man at microphone with illustrated speech bubble beside him"},{"@type":"BreadcrumbList","@id":"https:\/\/iamerica.org\/yoshi-her-son-of-hmong-refugees-and-seiu-hcmn-member\/#breadcrumb","itemListElement":[{"@type":"ListItem","position":1,"name":"Home","item":"https:\/\/iamerica.org\/"},{"@type":"ListItem","position":2,"name":"Yoshi Her, son of Hmong refugees and SEIU HCMN member"}]},{"@type":"WebSite","@id":"https:\/\/iamerica.org\/ru\/#website","url":"https:\/\/iamerica.org\/ru\/","name":"iM\u1ef9","description":"","publisher":{"@id":"https:\/\/iamerica.org\/ru\/#organization"},"potentialAction":[{"@type":"SearchAction","target":{"@type":"EntryPoint","urlTemplate":"https:\/\/iamerica.org\/ru\/?s={search_term_string}"},"query-input":{"@type":"PropertyValueSpecification","valueRequired":true,"valueName":"search_term_string"}}],"inLanguage":"vi"},{"@type":"Organization","@id":"https:\/\/iamerica.org\/ru\/#organization","name":"iM\u1ef9","url":"https:\/\/iamerica.org\/ru\/","logo":{"@type":"ImageObject","inLanguage":"vi","@id":"https:\/\/iamerica.org\/ru\/#\/schema\/logo\/image\/","url":"https:\/\/iamerica.org\/wp-content\/uploads\/2024\/05\/iAmerica_Logo_Navy.png","contentUrl":"https:\/\/iamerica.org\/wp-content\/uploads\/2024\/05\/iAmerica_Logo_Navy.png","width":2309,"height":626,"caption":"iAmerica"},"image":{"@id":"https:\/\/iamerica.org\/ru\/#\/schema\/logo\/image\/"},"sameAs":["https:\/\/www.facebook.com\/iAmericaorg\/","https:\/\/x.com\/iamericaorg","https:\/\/www.instagram.com\/iamericaorg"]},{"@type":"Person","@id":"https:\/\/iamerica.org\/ru\/#\/schema\/person\/996e55c405912a1b3cb29a4835fc895d","name":"Emett Smith","image":{"@type":"ImageObject","inLanguage":"vi","@id":"https:\/\/secure.gravatar.com\/avatar\/57373ac1085666129067b856e684bf0075d54324de79ff8d332821c495c7471d?s=96&d=mm&r=g","url":"https:\/\/secure.gravatar.com\/avatar\/57373ac1085666129067b856e684bf0075d54324de79ff8d332821c495c7471d?s=96&d=mm&r=g","contentUrl":"https:\/\/secure.gravatar.com\/avatar\/57373ac1085666129067b856e684bf0075d54324de79ff8d332821c495c7471d?s=96&d=mm&r=g","caption":"Emett Smith"},"url":"https:\/\/iamerica.org\/vi\/author\/emett617\/"}]}},"_links":{"self":[{"href":"https:\/\/iamerica.org\/vi\/wp-json\/wp\/v2\/posts\/815","targetHints":{"allow":["GET"]}}],"collection":[{"href":"https:\/\/iamerica.org\/vi\/wp-json\/wp\/v2\/posts"}],"about":[{"href":"https:\/\/iamerica.org\/vi\/wp-json\/wp\/v2\/types\/post"}],"author":[{"embeddable":true,"href":"https:\/\/iamerica.org\/vi\/wp-json\/wp\/v2\/users\/2"}],"replies":[{"embeddable":true,"href":"https:\/\/iamerica.org\/vi\/wp-json\/wp\/v2\/comments?post=815"}],"version-history":[{"count":0,"href":"https:\/\/iamerica.org\/vi\/wp-json\/wp\/v2\/posts\/815\/revisions"}],"wp:featuredmedia":[{"embeddable":true,"href":"https:\/\/iamerica.org\/vi\/wp-json\/wp\/v2\/media\/1835"}],"wp:attachment":[{"href":"https:\/\/iamerica.org\/vi\/wp-json\/wp\/v2\/media?parent=815"}],"wp:term":[{"taxonomy":"category","embeddable":true,"href":"https:\/\/iamerica.org\/vi\/wp-json\/wp\/v2\/categories?post=815"},{"taxonomy":"post_tag","embeddable":true,"href":"https:\/\/iamerica.org\/vi\/wp-json\/wp\/v2\/tags?post=815"}],"curies":[{"name":"wp","href":"https:\/\/api.w.org\/{rel}","templated":true}]}}